{"id":67855,"date":"2025-09-10T01:17:24","date_gmt":"2025-09-10T00:17:24","guid":{"rendered":"https:\/\/www.africanchallenges.com\/?p=67855"},"modified":"2025-09-10T01:24:40","modified_gmt":"2025-09-10T00:24:40","slug":"tunisie-le-president-de-la-republique-recoit-le-ministre-des-affaires-etrangeres-du-royaume-darabie-saoudite-le-prince-faycal-ben-farhan-ben-abdellah-al-saoud","status":"publish","type":"post","link":"https:\/\/www.africanchallenges.com\/?p=67855","title":{"rendered":"Tunisie : Le pr\u00e9sident de la R\u00e9publique, re\u00e7oit le ministre des Affaires \u00e9trang\u00e8res du Royaume d\u2019Arabie saoudite, le prince Fay\u00e7al ben Farhan ben Abdellah Al Saoud"},"content":{"rendered":"\n<p class=\"wp-block-paragraph\">Le pr\u00e9sident de la R\u00e9publique, Ka\u00efs Sa\u00efed, a re\u00e7u, le mardi 9 septembre 2025, au palais de Carthage, le ministre des Affaires \u00e9trang\u00e8res du Royaume d\u2019Arabie saoudite, le prince Fay\u00e7al ben Farhan ben Abdellah Al Saoud, qui \u00e9tait en visite officielle en Tunisie.<\/p>\n\n\n\n<p class=\"wp-block-paragraph\">Au cours de cette rencontre, le chef de l\u2019\u00c9tat a soulign\u00e9, selon un communiqu\u00e9 \u00e9mis par Carthage, la profondeur des liens historiques entre les deux nations, en mentionnant les moments cl\u00e9s de la relation tuniso-saoudienne tant avant qu\u2019apr\u00e8s l\u2019ind\u00e9pendance.<\/p>\n\n\n\n<p class=\"wp-block-paragraph\">Les deux dirigeants ont \u00e9galement r\u00e9affirm\u00e9 leur engagement commun \u00e0 renforcer la coop\u00e9ration bilat\u00e9rale dans tous les secteurs, en surmontant les obstacles et en acc\u00e9l\u00e9rant la r\u00e9alisation des projets en cours.<\/p>\n\n\n\n<p class=\"wp-block-paragraph\">En abordant la situation r\u00e9gionale, Ka\u00efs Sa\u00efed a mis en garde contre ce qu\u2019il a d\u00e9sign\u00e9 comme un \u00ab nouveau Sykes-Picot \u00bb* : apr\u00e8s le d\u00e9coupage du monde arabe au si\u00e8cle dernier, le mouvement sioniste chercherait aujourd\u2019hui \u00e0 remettre en question l\u2019existence m\u00eame des \u00c9tats de la r\u00e9gion.<\/p>\n\n\n\n<p class=\"wp-block-paragraph\">Il a soulign\u00e9 l\u2019importance d\u2019une mobilisation collective pour contrer ce qu\u2019il a qualifi\u00e9 de \u00ab plan criminel \u00bb.<\/p>\n\n\n\n<p class=\"wp-block-paragraph\">Le pr\u00e9sident a, une fois de plus, r\u00e9affirm\u00e9 le soutien ind\u00e9fectible de la Tunisie \u00e0 la cause palestinienne et au droit du peuple palestinien \u00e0 r\u00e9cup\u00e9rer l\u2019int\u00e9gralit\u00e9 de son territoire et \u00e0 \u00e9tablir un \u00c9tat souverain avec Al Qods comme capitale. Il a d\u00e9nonc\u00e9 les atrocit\u00e9s commises par l\u2019arm\u00e9e isra\u00e9lienne, telles que la famine, le ciblage syst\u00e9matique des civils et la privation d\u2019eau, estimant que ces actes visaient \u00e0 la fois l\u2019extermination physique et la volont\u00e9 de r\u00e9sistance.<\/p>\n\n\n\n<p class=\"wp-block-paragraph\">Ka\u00efs Sa\u00efed a \u00e9galement rejet\u00e9 fermement toute tentative de d\u00e9placement forc\u00e9 des Palestiniens. \u00ab La terre de Palestine n\u2019est pas un verger ni une propri\u00e9t\u00e9 priv\u00e9e \u00bb, a-t-il affirm\u00e9, ajoutant que les peuples libres finiront toujours par triompher, malgr\u00e9 les sacrifices.<\/p>\n\n\n\n<p class=\"wp-block-paragraph\">Enfin, le pr\u00e9sident a d\u00e9clar\u00e9 que les mouvements populaires \u00e0 travers le monde contre les crimes de guerre isra\u00e9liens signalent l&rsquo;\u00e9mergence d&rsquo;une nouvelle l\u00e9gitimit\u00e9 internationale, destin\u00e9e \u00e0 supplanter une l\u00e9galit\u00e9 affaiblie et en d\u00e9clin.<\/p>\n\n\n\n<p class=\"wp-block-paragraph\">Ka\u00efs Sa\u00efed a \u00e9galement rejet\u00e9 fermement toute tentative de d\u00e9placement forc\u00e9 des Palestiniens. \u00ab La terre de Palestine n\u2019est pas un verger ni une propri\u00e9t\u00e9 priv\u00e9e \u00bb, a-t-il affirm\u00e9, ajoutant que les peuples libres finiront toujours par triompher, malgr\u00e9 les sacrifices.<\/p>\n","protected":false},"excerpt":{"rendered":"<p>Le pr\u00e9sident de la R\u00e9publique, Ka\u00efs Sa\u00efed, a re\u00e7u, le mardi 9 septembre 2025, au palais de Carthage, le ministre des Affaires \u00e9trang\u00e8res du Royaume d\u2019Arabie saoudite, le prince Fay\u00e7al ben Farhan ben Abdellah Al Saoud, qui \u00e9tait en visite officielle en Tunisie. Au cours de cette rencontre, le chef de l\u2019\u00c9tat a soulign\u00e9, selon [&hellip;]<\/p>\n","protected":false},"author":3,"featured_media":67857,"comment_status":"open","ping_status":"closed","sticky":false,"template":"","format":"standard","meta":{"content-type":"","jnews-multi-image_gallery":[],"jnews_single_post":{"format":"standard"},"jnews_primary_category":[],"jnews_override_bookmark_settings":[],"jnews_review":[],"enable_review":"","type":"","name":"","summary":"","brand":"","sku":"","good":[],"bad":[],"score_override":"","override_value":"","rating":[],"price":[],"jnews_post_split":[],"footnotes":""},"categories":[2],"tags":[298,16502,3712,1282],"class_list":["post-67855","post","type-post","status-publish","format-standard","has-post-thumbnail","hentry","category-news-politique","tag-cooperation","tag-faycal-ben-farhan-ben-abdellah-al-saoud","tag-kais-saied-2","tag-rencontre"],"_links":{"self":[{"href":"https:\/\/www.africanchallenges.com\/index.php?rest_route=\/wp\/v2\/posts\/67855","targetHints":{"allow":["GET"]}}],"collection":[{"href":"https:\/\/www.africanchallenges.com\/index.php?rest_route=\/wp\/v2\/posts"}],"about":[{"href":"https:\/\/www.africanchallenges.com\/index.php?rest_route=\/wp\/v2\/types\/post"}],"author":[{"embeddable":true,"href":"https:\/\/www.africanchallenges.com\/index.php?rest_route=\/wp\/v2\/users\/3"}],"replies":[{"embeddable":true,"href":"https:\/\/www.africanchallenges.com\/index.php?rest_route=%2Fwp%2Fv2%2Fcomments&post=67855"}],"version-history":[{"count":1,"href":"https:\/\/www.africanchallenges.com\/index.php?rest_route=\/wp\/v2\/posts\/67855\/revisions"}],"predecessor-version":[{"id":67858,"href":"https:\/\/www.africanchallenges.com\/index.php?rest_route=\/wp\/v2\/posts\/67855\/revisions\/67858"}],"wp:featuredmedia":[{"embeddable":true,"href":"https:\/\/www.africanchallenges.com\/index.php?rest_route=\/wp\/v2\/media\/67857"}],"wp:attachment":[{"href":"https:\/\/www.africanchallenges.com\/index.php?rest_route=%2Fwp%2Fv2%2Fmedia&parent=67855"}],"wp:term":[{"taxonomy":"category","embeddable":true,"href":"https:\/\/www.africanchallenges.com\/index.php?rest_route=%2Fwp%2Fv2%2Fcategories&post=67855"},{"taxonomy":"post_tag","embeddable":true,"href":"https:\/\/www.africanchallenges.com\/index.php?rest_route=%2Fwp%2Fv2%2Ftags&post=67855"}],"curies":[{"name":"wp","href":"https:\/\/api.w.org\/{rel}","templated":true}]}}