{"id":67825,"date":"2025-09-06T00:15:09","date_gmt":"2025-09-05T23:15:09","guid":{"rendered":"https:\/\/www.africanchallenges.com\/?p=67825"},"modified":"2025-09-06T00:15:17","modified_gmt":"2025-09-05T23:15:17","slug":"lunion-de-radiodiffusion-des-etats-arabes-participe-au-premier-forum-arabe-sur-lintelligence-artificielle-et-presente-son-experience-sur-le-terrain","status":"publish","type":"post","link":"https:\/\/www.africanchallenges.com\/?p=67825","title":{"rendered":"L&rsquo;Union de radiodiffusion des \u00c9tats arabes participe au premier forum arabe sur l&rsquo;intelligence artificielle et pr\u00e9sente son exp\u00e9rience sur le terrain"},"content":{"rendered":"\n<p class=\"wp-block-paragraph\">L&rsquo;Union de Radiodiffusion des \u00c9tats arabes, repr\u00e9sent\u00e9e par son Directeur G\u00e9n\u00e9ral, l&rsquo;ing\u00e9nieur Abdul Rahim Suleiman, a particip\u00e9 au premier forum arabe sur l&rsquo;intelligence artificielle, organis\u00e9 sous les auspices de la ligue des \u00c9tats arabes dans la nouvelle ville d&rsquo;El Alamein, en \u00c9gypte, les 27 et 28 ao\u00fbt 2025, organis\u00e9 par l&rsquo;Acad\u00e9mie arabe des sciences, de la technologie et des transports maritimes.<\/p>\n\n\n\n<p class=\"wp-block-paragraph\">Le forum intervient en application de la d\u00e9cision du Sommet arabe sur le D\u00e9veloppement \u00e9conomique et Social tenu \u00e0 Bagdad en mai 2025, et constitue une \u00e9tape importante pour activer \u00ab\u00a0l&rsquo;initiative arabe pour l&rsquo;intelligence artificielle: vers le leadership technologique et le D\u00e9veloppement Durable\u00a0\u00bb lanc\u00e9e par le secr\u00e9taire g\u00e9n\u00e9ral de la ligue des \u00c9tats arabes Ahmed Aboul Gheit.<\/p>\n\n\n\n<p class=\"wp-block-paragraph\">Un certain nombre de ministres et hauts fonctionnaires arabes, des repr\u00e9sentants d&rsquo;organisations arabes et une s\u00e9lection d&rsquo;experts et de sp\u00e9cialistes dans le domaine de l&rsquo;intelligence artificielle ont particip\u00e9 au forum pour discuter d&rsquo;un certain nombre de sujets, notamment le r\u00f4le des organisations et institutions syndicales arabes, le r\u00f4le du secteur priv\u00e9 et des hommes d&rsquo;affaires arabes, le r\u00f4le des institutions financi\u00e8res arabes, la gouvernance de l&rsquo;intelligence artificielle, les cadres \u00e9thiques et la coop\u00e9ration internationale, l&rsquo;infrastructure de cybers\u00e9curit\u00e9 et la souverainet\u00e9 num\u00e9rique, le d\u00e9veloppement \u00e9conomique et l&rsquo;innovation, le d\u00e9veloppement des capacit\u00e9s humaines et la pr\u00e9servation de l&rsquo;identit\u00e9 culturelle .<\/p>\n\n\n\n<p class=\"wp-block-paragraph\"><strong>Ahmed Aboul Gheit appelle \u00e0 doubler les efforts de R &amp; D et d&rsquo;innovation<\/strong><\/p>\n\n\n\n<p class=\"wp-block-paragraph\">Dans son discours d&rsquo;ouverture, le secr\u00e9taire g\u00e9n\u00e9ral de la ligue des \u00c9tats arabes, Ahmed Aboul Gheit, a appel\u00e9 \u00e0 la n\u00e9cessit\u00e9 d&rsquo;une coop\u00e9ration arabe conjointe pour mettre la r\u00e9gion arabe \u00e0 la place qu&rsquo;elle m\u00e9rite, soulignant les efforts arabes d\u00e9ploy\u00e9s dans ce domaine, qui ont d\u00e9but\u00e9 avec l&rsquo;adoption par le Conseil des ministres arabes de la Communication et de l&rsquo;information de la Strat\u00e9gie arabe pour l&rsquo;intelligence artificielle en janvier 2024, et en passant par l&rsquo;adoption par le Bureau ex\u00e9cutif du conseil en juillet dernier de la \u00ab\u00a0Charte Arabe sur l&rsquo;\u00e9thique de l&rsquo;intelligence artificielle\u00a0\u00bb.<\/p>\n\n\n\n<p class=\"wp-block-paragraph\">Il a appel\u00e9 \u00e0 doubler les efforts arabes d\u00e9ploy\u00e9s dans la recherche, le d\u00e9veloppement et l&rsquo;innovation dans les domaines des technologies de l&rsquo;information et de la communication, expliquant que la sc\u00e8ne actuelle refl\u00e8te une faiblesse du volume des d\u00e9penses dans ce secteur, soulignant que l&rsquo;augmentation des d\u00e9penses augmentera les opportunit\u00e9s de la r\u00e9gion arabe pour attirer les investissements \u00e9trangers et nationaux, et aider \u00e0 passer de simple consommateur de technologie \u00e0 producteur et d\u00e9veloppeur, en plus de r\u00e9duire le foss\u00e9 num\u00e9rique entre les pays arabes.<\/p>\n\n\n\n<p class=\"wp-block-paragraph\"><strong>Abdul Rahim Suleiman: l&rsquo;utilisation de l&rsquo;intelligence artificielle est une priorit\u00e9 strat\u00e9giqu<\/strong>e <strong>aux activit\u00e9s de l&rsquo;Union de radiodiffusion des \u00c9tats arabes<\/strong><\/p>\n\n\n\n<p class=\"wp-block-paragraph\">La session a \u00e9t\u00e9 t\u00e9moin des discours des repr\u00e9sentants d&rsquo;un certain nombre d&rsquo;organisations arabes, o\u00f9 le Directeur g\u00e9n\u00e9ral de l&rsquo;Union de radiodiffusion des \u00c9tats arabes, l&rsquo;ing\u00e9nieur Abdul Rahim Suleiman, a fait une pr\u00e9sentation sous le titre \u00a0\u00bb l&rsquo;utilisation de l&rsquo;intelligence artificielle est une priorit\u00e9 strat\u00e9gique<\/p>\n\n\n\n<p class=\"wp-block-paragraph\">Dans les activit\u00e9s de l&rsquo;Union de radiodiffusion des \u00c9tats arabes\u00a0\u00bb, a-t-il soulign\u00e9 d&#8217;embl\u00e9e que l&rsquo;union appr\u00e9cie cette initiative men\u00e9e par Son Excellence le Secr\u00e9taire g\u00e9n\u00e9ral de la Ligue des \u00c9tats arabes et lui confirme son soutien&nbsp;<\/p>\n\n\n\n<p class=\"wp-block-paragraph\">Il a ajout\u00e9 que l&rsquo;union accorde une grande attention \u00e0 l&rsquo;utilisation de l&rsquo;intelligence artificielle dans le domaine des m\u00e9dias, en particulier l&rsquo;IA g\u00e9n\u00e9rative, tout en cherchant \u00e0 exploiter les opportunit\u00e9s qu&rsquo;elle offre pour d\u00e9velopper les m\u00e9thodes de travail et la qualit\u00e9 de production des organes membres des t\u00e9l\u00e9visions et radios arabes.<\/p>\n\n\n\n<p class=\"wp-block-paragraph\">L&rsquo;union \u00e9tudie \u00e9galement de mani\u00e8re proactive les enjeux \u00e9thiques, \u00e9conomiques et sociaux pos\u00e9s par ces technologies et trouve des solutions appropri\u00e9es pour les relever.<\/p>\n\n\n\n<p class=\"wp-block-paragraph\">Il a soulign\u00e9 que l&rsquo;union a consacr\u00e9 la troisi\u00e8me session de la conf\u00e9rence arabe des m\u00e9dias au th\u00e8me \u00ab\u00a0les m\u00e9dias \u00e0 l&rsquo;\u00e8re de l&rsquo;intelligence artificielle: opportunit\u00e9s et paris\u00a0\u00bb, qui a \u00e9t\u00e9 organis\u00e9e d\u00e9but 2025 et a publi\u00e9 des directives et des recommandations sous la forme d&rsquo;une annonce officielle .<\/p>\n\n\n\n<p class=\"wp-block-paragraph\">Dans le domaine de la formation professionnelle, l&rsquo;utilisation de l&rsquo;intelligence artificielle dans le domaine des m\u00e9dias est l&rsquo;un des piliers du programme de formation de l&rsquo;Union Academy for media training, puisque 40% des cours de l&rsquo;Acad\u00e9mie, soit environ 30 formations par an, sont d\u00e9di\u00e9s au sujet de l&rsquo;intelligence artificielle.<\/p>\n\n\n\n<p class=\"wp-block-paragraph\">La plate-forme ASBO cloud (ACP), qui est une plate-forme \u00e9ditoriale int\u00e9gr\u00e9e pour l&rsquo;\u00e9change de contenu multim\u00e9dia entre les organes membres de l&rsquo;UIT, fournit des outils d&rsquo;intelligence artificielle pour am\u00e9liorer l&rsquo;efficacit\u00e9 de la production m\u00e9diatique gr\u00e2ce \u00e0 l&rsquo;indexation et \u00e0 l&rsquo;analyse intelligente, et enrichir automatiquement le contenu avec des m\u00e9tadonn\u00e9es.<\/p>\n\n\n\n<p class=\"wp-block-paragraph\">Le directeur g\u00e9n\u00e9ral a conclu son expos\u00e9 en soulignant que l&rsquo;Union de radiodiffusion des \u00c9tats arabes avait lanc\u00e9 la cr\u00e9ation du groupe arabe sur l&rsquo;intelligence artificielle, qui repr\u00e9sente un espace d&rsquo;\u00e9change de vues et d&rsquo;exp\u00e9riences et de discussion sur divers aspects du d\u00e9veloppement de l&rsquo;intelligence artificielle et de son impact sur le paysage m\u00e9diatique.<\/p>\n\n\n\n<p class=\"wp-block-paragraph\"><strong>Amr Talaat: La coop\u00e9ration arabe dans le domaine de l&rsquo;intelligence artificielle n&rsquo;est plus un luxe<\/strong><\/p>\n\n\n\n<p class=\"wp-block-paragraph\">Pour sa part, Dr Amr Talaat, Ministre des Communications et des Technologies de l&rsquo;Information de la R\u00e9publique d&rsquo;\u00c9gypte, a soulign\u00e9 que la coop\u00e9ration arabe conjointe dans le domaine de l&rsquo;intelligence artificielle n&rsquo;est plus un luxe, mais est devenue une n\u00e9cessit\u00e9 imp\u00e9rative, soulignant que l&rsquo;\u00c9gypte a soumis une proposition visant \u00e0 cr\u00e9er un Conseil arabe des ministres de l&rsquo;intelligence artificielle et des technologies \u00e9mergentes sous l&rsquo;\u00e9gide de la ligue des \u00c9tats arabes. Ce conseil se veut une plateforme de haut niveau pour unifier les efforts, coordonner les politiques et renforcer la pr\u00e9sence arabe sur la Carte internationale de l&rsquo;Intelligence Artificielle.<\/p>\n\n\n\n<p class=\"wp-block-paragraph\"><strong>Ismail Abdel Ghaffar: le forum est le d\u00e9but de la mise en \u0153uvre d&rsquo;un projet ambitieux<\/strong><\/p>\n\n\n\n<p class=\"wp-block-paragraph\">Pour sa part, le Dr Ismail Abdel Ghaffar Ismail Faraj, pr\u00e9sident de l&rsquo;Acad\u00e9mie arabe des sciences, de la technologie et des transports maritimes, a expliqu\u00e9 que le lancement de ce Forum co\u00efncide avec le d\u00e9but de la phase ex\u00e9cutive d&rsquo;un projet ambitieux, qui a d\u00e9but\u00e9 il y a quelques mois \u00e0 travers le dialogue arabe sur l&rsquo;intelligence artificielle, qui s&rsquo;est tenu au si\u00e8ge du secr\u00e9tariat g\u00e9n\u00e9ral de la ligue des \u00c9tats arabes sous la pr\u00e9sidence du secr\u00e9taire g\u00e9n\u00e9ral.<\/p>\n\n\n\n<p class=\"wp-block-paragraph\">Il a ajout\u00e9 que l&rsquo;Acad\u00e9mie arabe a pr\u00e9par\u00e9 une \u00e9tude approfondie de l&rsquo;initiative, adopt\u00e9e par le secr\u00e9taire g\u00e9n\u00e9ral de la Ligue des \u00c9tats arabes, et l&rsquo;a soumise au Sommet arabe \u00e9conomique, social et de D\u00e9veloppement tenu \u00e0 Bagdad le 17 mai 2025, qui l&rsquo;a approuv\u00e9e et que ce forum repr\u00e9sente le point de d\u00e9part de la mise en \u0153uvre de cette initiative int\u00e9gr\u00e9e et globale .<\/p>\n","protected":false},"excerpt":{"rendered":"<p>L&rsquo;Union de Radiodiffusion des \u00c9tats arabes, repr\u00e9sent\u00e9e par son Directeur G\u00e9n\u00e9ral, l&rsquo;ing\u00e9nieur Abdul Rahim Suleiman, a particip\u00e9 au premier forum arabe sur l&rsquo;intelligence artificielle, organis\u00e9 sous les auspices de la ligue des \u00c9tats arabes dans la nouvelle ville d&rsquo;El Alamein, en \u00c9gypte, les 27 et 28 ao\u00fbt 2025, organis\u00e9 par l&rsquo;Acad\u00e9mie arabe des sciences, de [&hellip;]<\/p>\n","protected":false},"author":4,"featured_media":67826,"comment_status":"open","ping_status":"closed","sticky":false,"template":"","format":"standard","meta":{"content-type":"","jnews-multi-image_gallery":[],"jnews_single_post":{"format":"standard"},"jnews_primary_category":[],"jnews_override_bookmark_settings":[],"jnews_review":[],"enable_review":"","type":"","name":"","summary":"","brand":"","sku":"","good":[],"bad":[],"score_override":"","override_value":"","rating":[],"price":[],"jnews_post_split":[],"footnotes":""},"categories":[12],"tags":[14266,15099,16488,16487,12332],"class_list":["post-67825","post","type-post","status-publish","format-standard","has-post-thumbnail","hentry","category-tech","tag-abdul-rahim-suleiman","tag-ahmed-aboul-gheit","tag-amr-talaat","tag-forum-arabe-sur-lintelligence-artificielle","tag-lunion-de-radiodiffusion-des-etats-arabes"],"_links":{"self":[{"href":"https:\/\/www.africanchallenges.com\/index.php?rest_route=\/wp\/v2\/posts\/67825","targetHints":{"allow":["GET"]}}],"collection":[{"href":"https:\/\/www.africanchallenges.com\/index.php?rest_route=\/wp\/v2\/posts"}],"about":[{"href":"https:\/\/www.africanchallenges.com\/index.php?rest_route=\/wp\/v2\/types\/post"}],"author":[{"embeddable":true,"href":"https:\/\/www.africanchallenges.com\/index.php?rest_route=\/wp\/v2\/users\/4"}],"replies":[{"embeddable":true,"href":"https:\/\/www.africanchallenges.com\/index.php?rest_route=%2Fwp%2Fv2%2Fcomments&post=67825"}],"version-history":[{"count":1,"href":"https:\/\/www.africanchallenges.com\/index.php?rest_route=\/wp\/v2\/posts\/67825\/revisions"}],"predecessor-version":[{"id":67827,"href":"https:\/\/www.africanchallenges.com\/index.php?rest_route=\/wp\/v2\/posts\/67825\/revisions\/67827"}],"wp:featuredmedia":[{"embeddable":true,"href":"https:\/\/www.africanchallenges.com\/index.php?rest_route=\/wp\/v2\/media\/67826"}],"wp:attachment":[{"href":"https:\/\/www.africanchallenges.com\/index.php?rest_route=%2Fwp%2Fv2%2Fmedia&parent=67825"}],"wp:term":[{"taxonomy":"category","embeddable":true,"href":"https:\/\/www.africanchallenges.com\/index.php?rest_route=%2Fwp%2Fv2%2Fcategories&post=67825"},{"taxonomy":"post_tag","embeddable":true,"href":"https:\/\/www.africanchallenges.com\/index.php?rest_route=%2Fwp%2Fv2%2Ftags&post=67825"}],"curies":[{"name":"wp","href":"https:\/\/api.w.org\/{rel}","templated":true}]}}