{"id":67698,"date":"2025-08-30T13:06:38","date_gmt":"2025-08-30T12:06:38","guid":{"rendered":"https:\/\/www.africanchallenges.com\/?p=67698"},"modified":"2025-08-30T13:06:40","modified_gmt":"2025-08-30T12:06:40","slug":"tunisie-le-prince-de-la-chanson-arabe-saber-rebai-sur-la-scene-de-carthage-le-4-septembre","status":"publish","type":"post","link":"https:\/\/www.africanchallenges.com\/?p=67698","title":{"rendered":"Tunisie : Le prince de la chanson Arabe Saber Rebai sur la sc\u00e8ne de Carthage le 4 septembre"},"content":{"rendered":"\n<p class=\"wp-block-paragraph\">Le prince de la chanson arabe, Saber Rebai, s&rsquo;appr\u00eate \u00e0 clore sa tourn\u00e9e estivale des festivals 2025 par un grand concert artistique le jeudi 4 septembre au Th\u00e9\u00e2tre arch\u00e9ologique de Carthage.<\/p>\n\n\n\n<p class=\"wp-block-paragraph\">Cet \u00e9v\u00e9nement technique est orchestr\u00e9 par l&rsquo;Association sportive des fonctionnaires &nbsp;et employ\u00e9s de l\u2019Assembl\u00e9e des Repr\u00e9sentants du peuple.<\/p>\n\n\n\n<p class=\"wp-block-paragraph\">Ce concert fait suite \u00e0 une s\u00e9rie de performances artistiques et publiques couronn\u00e9es de succ\u00e8s, auxquelles ont assist\u00e9 les festivals tunisiens et arabes les plus renomm\u00e9s.<\/p>\n\n\n\n<p class=\"wp-block-paragraph\">L&rsquo;\u00e9t\u00e9 2025 a \u00e9t\u00e9 particuli\u00e8rement actif pour le Prince de la chanson Arabe, puisque sa tourn\u00e9e artistique a d\u00e9but\u00e9 au Th\u00e9\u00e2tre Romain de Carthage le 23 juin, avec l&rsquo;ouverture du festival de l&rsquo;Union de Radiodiffusion des \u00c9tats Arabes (ASBU), suivie d&rsquo;une performance envo\u00fbtante au Festival International d&rsquo;Hammamet le 2 ao\u00fbt, accompagn\u00e9 de son orchestre sous la direction du Maestro Kais Militi et la c\u00e9r\u00e9monie de cl\u00f4ture du Festival International de Sfax a \u00e9galement attir\u00e9 un large public, d\u00e9passant les 8 mille spectateurs, au cours de laquelle le quatuor a offert une soir\u00e9e m\u00e9morable.<\/p>\n\n\n\n<p class=\"wp-block-paragraph\">Les succ\u00e8s de Saber Rebai ne se sont pas limit\u00e9s \u00e0 la Tunisie, sa tourn\u00e9e arabe s&rsquo;\u00e9tant \u00e9tendue \u00e0 Erbil, en Irak, le 21 ao\u00fbt, puis sur la c\u00f4te nord de l&rsquo;\u00c9gypte le 28 ao\u00fbt, o\u00f9 il a pr\u00e9sent\u00e9 des concerts enchanteurs qui ont suscit\u00e9 une grande interaction avec son public.<\/p>\n\n\n\n<p class=\"wp-block-paragraph\">Les billets sont disponibles aux guichets :<\/p>\n\n\n\n<p class=\"wp-block-paragraph\">_ Th\u00e9\u00e2tre arch\u00e9ologique de Carthage<\/p>\n\n\n\n<p class=\"wp-block-paragraph\">_ Cit\u00e9 de la culture Chedly K\u00e9libi<\/p>\n\n\n\n<p class=\"wp-block-paragraph\">_ Th\u00e9\u00e2tre municipal de la capitale<\/p>\n","protected":false},"excerpt":{"rendered":"<p>Le prince de la chanson arabe, Saber Rebai, s&rsquo;appr\u00eate \u00e0 clore sa tourn\u00e9e estivale des festivals 2025 par un grand concert artistique le jeudi 4 septembre au Th\u00e9\u00e2tre arch\u00e9ologique de Carthage. Cet \u00e9v\u00e9nement technique est orchestr\u00e9 par l&rsquo;Association sportive des fonctionnaires &nbsp;et employ\u00e9s de l\u2019Assembl\u00e9e des Repr\u00e9sentants du peuple. Ce concert fait suite \u00e0 une [&hellip;]<\/p>\n","protected":false},"author":4,"featured_media":67699,"comment_status":"open","ping_status":"closed","sticky":false,"template":"","format":"standard","meta":{"content-type":"","jnews-multi-image_gallery":[],"jnews_single_post":{"format":"standard"},"jnews_primary_category":[],"jnews_override_bookmark_settings":[],"jnews_review":[],"enable_review":"","type":"","name":"","summary":"","brand":"","sku":"","good":[],"bad":[],"score_override":"","override_value":"","rating":[],"price":[],"jnews_post_split":[],"footnotes":""},"categories":[17],"tags":[16451,3446,16450],"class_list":["post-67698","post","type-post","status-publish","format-standard","has-post-thumbnail","hentry","category-entertainment","tag-lassociation-sportive-des-fonctionnaires-et-employes-de-lassemblee-des-representants-du-peuple","tag-saber-rebai","tag-theatre-archeologique-de-carthage"],"_links":{"self":[{"href":"https:\/\/www.africanchallenges.com\/index.php?rest_route=\/wp\/v2\/posts\/67698","targetHints":{"allow":["GET"]}}],"collection":[{"href":"https:\/\/www.africanchallenges.com\/index.php?rest_route=\/wp\/v2\/posts"}],"about":[{"href":"https:\/\/www.africanchallenges.com\/index.php?rest_route=\/wp\/v2\/types\/post"}],"author":[{"embeddable":true,"href":"https:\/\/www.africanchallenges.com\/index.php?rest_route=\/wp\/v2\/users\/4"}],"replies":[{"embeddable":true,"href":"https:\/\/www.africanchallenges.com\/index.php?rest_route=%2Fwp%2Fv2%2Fcomments&post=67698"}],"version-history":[{"count":1,"href":"https:\/\/www.africanchallenges.com\/index.php?rest_route=\/wp\/v2\/posts\/67698\/revisions"}],"predecessor-version":[{"id":67700,"href":"https:\/\/www.africanchallenges.com\/index.php?rest_route=\/wp\/v2\/posts\/67698\/revisions\/67700"}],"wp:featuredmedia":[{"embeddable":true,"href":"https:\/\/www.africanchallenges.com\/index.php?rest_route=\/wp\/v2\/media\/67699"}],"wp:attachment":[{"href":"https:\/\/www.africanchallenges.com\/index.php?rest_route=%2Fwp%2Fv2%2Fmedia&parent=67698"}],"wp:term":[{"taxonomy":"category","embeddable":true,"href":"https:\/\/www.africanchallenges.com\/index.php?rest_route=%2Fwp%2Fv2%2Fcategories&post=67698"},{"taxonomy":"post_tag","embeddable":true,"href":"https:\/\/www.africanchallenges.com\/index.php?rest_route=%2Fwp%2Fv2%2Ftags&post=67698"}],"curies":[{"name":"wp","href":"https:\/\/api.w.org\/{rel}","templated":true}]}}