{"id":67683,"date":"2025-08-28T19:15:23","date_gmt":"2025-08-28T18:15:23","guid":{"rendered":"https:\/\/www.africanchallenges.com\/?p=67683"},"modified":"2025-08-28T19:16:52","modified_gmt":"2025-08-28T18:16:52","slug":"tunisie-coree-du-sud-mise-en-place-dun-systeme-electronique-integre-dorigine-pour-la-douane","status":"publish","type":"post","link":"https:\/\/www.africanchallenges.com\/?p=67683","title":{"rendered":"Tunisie\u2013Cor\u00e9e du Sud\u00a0: Mise en place d\u2019un syst\u00e8me \u00e9lectronique int\u00e9gr\u00e9 d\u2019origine pour la douane"},"content":{"rendered":"\n<p class=\"wp-block-paragraph\">Un document intitul\u00e9 \u00ab\u00a0Proc\u00e8s-verbal de r\u00e9union\u00a0\u00bb, concernant l&rsquo;instauration d&rsquo;un syst\u00e8me \u00e9lectronique int\u00e9gr\u00e9 d&rsquo;origine, a \u00e9t\u00e9 sign\u00e9 le mercredi 27 ao\u00fbt 2025, au si\u00e8ge de la Direction g\u00e9n\u00e9rale des douanes.<\/p>\n\n\n\n<p class=\"wp-block-paragraph\">Ce syst\u00e8me \u00e9lectronique int\u00e9gr\u00e9 d&rsquo;origine sera mis en \u0153uvre en collaboration entre la douane tunisienne et son homologue sud-cor\u00e9enne.<\/p>\n\n\n\n<p class=\"wp-block-paragraph\">La signature, qui s&rsquo;inscrit dans le cadre de la coop\u00e9ration internationale et de la num\u00e9risation des proc\u00e9dures de la douane tunisienne, a eu lieu entre le Directeur g\u00e9n\u00e9ral des douanes et le directeur g\u00e9n\u00e9ral du bureau des affaires internationales de la douane cor\u00e9enne, en pr\u00e9sence d&rsquo;une d\u00e9l\u00e9gation de la douane cor\u00e9enne ainsi que des responsables de la douane tunisienne.<\/p>\n\n\n\n<p class=\"wp-block-paragraph\">Ce syst\u00e8me permettra aux op\u00e9rateurs \u00e9conomiques et \u00e0 la douane tunisienne de g\u00e9rer de mani\u00e8re \u00e9lectronique les r\u00e8gles d&rsquo;origine dans le cadre des accords de libre-\u00e9change \u00e9tablis, afin d&rsquo;assurer une bonne application de ces accords.<\/p>\n\n\n\n<p class=\"wp-block-paragraph\">Le \u00ab\u00a0proc\u00e8s-verbal de r\u00e9union\u00a0\u00bb inclut une s\u00e9rie d&rsquo;engagements et d&rsquo;obligations de la part des parties tunisienne et cor\u00e9enne, visant \u00e0 garantir le succ\u00e8s des diff\u00e9rentes \u00e9tapes de la mise en place de ce syst\u00e8me \u00e9lectronique.<\/p>\n\n\n\n<figure class=\"wp-block-image size-full\"><img fetchpriority=\"high\" decoding=\"async\" width=\"615\" height=\"402\" src=\"https:\/\/www.africanchallenges.com\/wp-content\/uploads\/2025\/08\/douane1.jpg\" alt=\"\" class=\"wp-image-67685\" srcset=\"https:\/\/www.africanchallenges.com\/wp-content\/uploads\/2025\/08\/douane1.jpg 615w, https:\/\/www.africanchallenges.com\/wp-content\/uploads\/2025\/08\/douane1-300x196.jpg 300w\" sizes=\"(max-width: 615px) 100vw, 615px\" \/><\/figure>\n","protected":false},"excerpt":{"rendered":"<p>Un document intitul\u00e9 \u00ab\u00a0Proc\u00e8s-verbal de r\u00e9union\u00a0\u00bb, concernant l&rsquo;instauration d&rsquo;un syst\u00e8me \u00e9lectronique int\u00e9gr\u00e9 d&rsquo;origine, a \u00e9t\u00e9 sign\u00e9 le mercredi 27 ao\u00fbt 2025, au si\u00e8ge de la Direction g\u00e9n\u00e9rale des douanes. Ce syst\u00e8me \u00e9lectronique int\u00e9gr\u00e9 d&rsquo;origine sera mis en \u0153uvre en collaboration entre la douane tunisienne et son homologue sud-cor\u00e9enne. La signature, qui s&rsquo;inscrit dans le cadre [&hellip;]<\/p>\n","protected":false},"author":4,"featured_media":67684,"comment_status":"open","ping_status":"closed","sticky":false,"template":"","format":"standard","meta":{"content-type":"","jnews-multi-image_gallery":[],"jnews_single_post":{"format":"standard"},"jnews_primary_category":[],"jnews_override_bookmark_settings":[],"jnews_review":[],"enable_review":"","type":"","name":"","summary":"","brand":"","sku":"","good":[],"bad":[],"score_override":"","override_value":"","rating":[],"price":[],"jnews_post_split":[],"footnotes":""},"categories":[2],"tags":[6484,16443,54],"class_list":["post-67683","post","type-post","status-publish","format-standard","has-post-thumbnail","hentry","category-news-politique","tag-coree-du-sud","tag-systeme-electronique","tag-tunisie"],"_links":{"self":[{"href":"https:\/\/www.africanchallenges.com\/index.php?rest_route=\/wp\/v2\/posts\/67683","targetHints":{"allow":["GET"]}}],"collection":[{"href":"https:\/\/www.africanchallenges.com\/index.php?rest_route=\/wp\/v2\/posts"}],"about":[{"href":"https:\/\/www.africanchallenges.com\/index.php?rest_route=\/wp\/v2\/types\/post"}],"author":[{"embeddable":true,"href":"https:\/\/www.africanchallenges.com\/index.php?rest_route=\/wp\/v2\/users\/4"}],"replies":[{"embeddable":true,"href":"https:\/\/www.africanchallenges.com\/index.php?rest_route=%2Fwp%2Fv2%2Fcomments&post=67683"}],"version-history":[{"count":1,"href":"https:\/\/www.africanchallenges.com\/index.php?rest_route=\/wp\/v2\/posts\/67683\/revisions"}],"predecessor-version":[{"id":67686,"href":"https:\/\/www.africanchallenges.com\/index.php?rest_route=\/wp\/v2\/posts\/67683\/revisions\/67686"}],"wp:featuredmedia":[{"embeddable":true,"href":"https:\/\/www.africanchallenges.com\/index.php?rest_route=\/wp\/v2\/media\/67684"}],"wp:attachment":[{"href":"https:\/\/www.africanchallenges.com\/index.php?rest_route=%2Fwp%2Fv2%2Fmedia&parent=67683"}],"wp:term":[{"taxonomy":"category","embeddable":true,"href":"https:\/\/www.africanchallenges.com\/index.php?rest_route=%2Fwp%2Fv2%2Fcategories&post=67683"},{"taxonomy":"post_tag","embeddable":true,"href":"https:\/\/www.africanchallenges.com\/index.php?rest_route=%2Fwp%2Fv2%2Ftags&post=67683"}],"curies":[{"name":"wp","href":"https:\/\/api.w.org\/{rel}","templated":true}]}}