{"id":67670,"date":"2025-08-27T22:18:16","date_gmt":"2025-08-27T21:18:16","guid":{"rendered":"https:\/\/www.africanchallenges.com\/?p=67670"},"modified":"2025-08-27T22:25:51","modified_gmt":"2025-08-27T21:25:51","slug":"tunisie-suivi-de-lavancement-du-projet-de-raccordement-electrique-entre-la-tunisie-et-litalie-elmed","status":"publish","type":"post","link":"https:\/\/www.africanchallenges.com\/?p=67670","title":{"rendered":"Tunisie\u00a0: Le projet de raccordement \u00e9lectrique entre la Tunisie et l&rsquo;Italie \u00ab\u00a0ELMED\u00a0\u00bb sera op\u00e9rationnel d&rsquo;ici 2028, avec un co\u00fbt total estim\u00e9 \u00e0 environ 1 milliard d&rsquo;euros"},"content":{"rendered":"\n<p class=\"wp-block-paragraph\">Le mercredi 27 ao\u00fbt, une r\u00e9union a \u00e9t\u00e9 tenue au si\u00e8ge du minist\u00e8re, r\u00e9unissant le comit\u00e9 technique sectoriel responsable du suivi de l&rsquo;ach\u00e8vement du projet d&rsquo;interconnexion \u00e9lectrique entre la Tunisie et l&rsquo;Italie (ELMED).<\/p>\n\n\n\n<p class=\"wp-block-paragraph\">Cette r\u00e9union s&rsquo;est d\u00e9roul\u00e9e sous la supervision de la ministre de l&rsquo;Industrie, des Mines et de l&rsquo;\u00e9nergie, Fatma Thabet Chiboub, en pr\u00e9sence du secr\u00e9taire d&rsquo;\u00c9tat charg\u00e9 de la transition \u00e9nerg\u00e9tique, M. Wael Chouchane.<\/p>\n\n\n\n<p class=\"wp-block-paragraph\">La r\u00e9union a rassembl\u00e9 le chef de cabinet, Mme Afaf Shashi Al-Tayari, ainsi qu&rsquo;une d\u00e9l\u00e9gation de la compagnie tunisienne d&rsquo;\u00e9lectricit\u00e9 et de gaz dirig\u00e9e par M. Faycel Tarifa, le pr\u00e9sident et directeur g\u00e9n\u00e9ral de \u00a0l&rsquo;Agence\u00a0Fonci\u00e8re\u00a0Industrielle, M. Kais M\u00e9jri, et plusieurs cadres sup\u00e9rieurs du minist\u00e8re.<\/p>\n\n\n\n<p class=\"wp-block-paragraph\">Les diff\u00e9rentes composantes du projet et les \u00e9tapes r\u00e9alis\u00e9es depuis avril 2023 ont \u00e9t\u00e9 examin\u00e9es.<\/p>\n\n\n\n<p class=\"wp-block-paragraph\">Il a \u00e9t\u00e9 annonc\u00e9 que l&rsquo;\u00e9valuation conjointe de la demande de propositions concernant l&rsquo;ach\u00e8vement du c\u00e2ble sous-marin continu \u00e0 haute tension \u00e9tait achev\u00e9e.<\/p>\n\n\n\n<p class=\"wp-block-paragraph\">Il a \u00e9galement \u00e9t\u00e9 pr\u00e9cis\u00e9 que la premi\u00e8re \u00e9tape du processus de tri des offres pour l&rsquo;ach\u00e8vement de deux stations de conversion DC-AC, situ\u00e9es \u00e0 la fois dans la r\u00e9gion de Malaibi \u00e0 Nabeul et dans la r\u00e9gion de \u00ab\u00a0Bertana\u00a0\u00bb sur l&rsquo;\u00eele italienne de Sicile, \u00e9tait termin\u00e9e. La station de Malaibi est la premi\u00e8re station de conversion d&rsquo;\u00e9lectricit\u00e9 \u00e0 haute tension de DC \u00e0 AC en Tunisie.<\/p>\n\n\n\n<p class=\"wp-block-paragraph\">L&rsquo;avancement des appels d&rsquo;offres li\u00e9s au renforcement du r\u00e9seau de transport d&rsquo;\u00e9lectricit\u00e9 tunisien a \u00e9t\u00e9 suivi.<\/p>\n\n\n\n<p class=\"wp-block-paragraph\">Les prochaines \u00e9tapes ont \u00e9t\u00e9 discut\u00e9es et la mise en \u0153uvre des proc\u00e9dures convenues a \u00e9t\u00e9 suivie, soulignant l&rsquo;engagement de toutes les parties \u00e0 respecter les normes les plus \u00e9lev\u00e9es de qualit\u00e9 et de transparence dans leur ach\u00e8vement.<\/p>\n\n\n\n<p class=\"wp-block-paragraph\">Mme Fatma Thabet Chiboub a insist\u00e9 sur l&rsquo;importance de poursuivre les travaux \u00e0 un rythme soutenu et de respecter les d\u00e9lais \u00e9tablis, en appelant \u00e0 renforcer la coordination entre toutes les parties concern\u00e9es afin de garantir la r\u00e9solution de tous les probl\u00e8mes techniques ou proc\u00e9duraux qui entravent la mise en \u0153uvre de ce projet strat\u00e9gique.<\/p>\n\n\n\n<p class=\"wp-block-paragraph\">Elle a mis en avant la signification de ce projet pour diversifier les sources d&rsquo;approvisionnement \u00e9nerg\u00e9tique, am\u00e9liorer la s\u00e9curit\u00e9 \u00e9nerg\u00e9tique en Tunisie et pr\u00e9parer l&rsquo;int\u00e9gration dans le futur march\u00e9 euro-africain de l&rsquo;\u00e9lectricit\u00e9, r\u00e9affirmant l&rsquo;engagement du minist\u00e8re \u00e0 fournir le soutien et les ressources n\u00e9cessaires pour assurer son succ\u00e8s et atteindre les objectifs fix\u00e9s.<\/p>\n\n\n\n<p class=\"wp-block-paragraph\">Il convient de noter que le projet d&rsquo;interconnexion \u00e9lectrique entre la Tunisie et l&rsquo;Italie comprend un c\u00e2ble sous-marin de 220 km de long, fonctionnant en courant continu \u00e0 haute tension de 500 kV avec une capacit\u00e9 de 600 MW, ainsi que deux stations de conversion \u00e9lectrique, qui faciliteront la connexion des r\u00e9seaux \u00e9lectriques tunisien et italien. Il est pr\u00e9vu qu&rsquo;il soit op\u00e9rationnel \u00e0 l\u2019horizon de 2028, avec un co\u00fbt total estim\u00e9 \u00e0 environ 1 milliard d&rsquo;euros.<\/p>\n","protected":false},"excerpt":{"rendered":"<p>Le mercredi 27 ao\u00fbt, une r\u00e9union a \u00e9t\u00e9 tenue au si\u00e8ge du minist\u00e8re, r\u00e9unissant le comit\u00e9 technique sectoriel responsable du suivi de l&rsquo;ach\u00e8vement du projet d&rsquo;interconnexion \u00e9lectrique entre la Tunisie et l&rsquo;Italie (ELMED). Cette r\u00e9union s&rsquo;est d\u00e9roul\u00e9e sous la supervision de la ministre de l&rsquo;Industrie, des Mines et de l&rsquo;\u00e9nergie, Fatma Thabet Chiboub, en pr\u00e9sence [&hellip;]<\/p>\n","protected":false},"author":4,"featured_media":67671,"comment_status":"open","ping_status":"closed","sticky":false,"template":"","format":"standard","meta":{"content-type":"","jnews-multi-image_gallery":[],"jnews_single_post":{"format":"standard"},"jnews_primary_category":[],"jnews_override_bookmark_settings":[],"jnews_review":[],"enable_review":"","type":"","name":"","summary":"","brand":"","sku":"","good":[],"bad":[],"score_override":"","override_value":"","rating":[],"price":[],"jnews_post_split":[],"footnotes":""},"categories":[43,73],"tags":[12377,3599,16439,54],"class_list":["post-67670","post","type-post","status-publish","format-standard","has-post-thumbnail","hentry","category-eco-business","category-eco","tag-elmed","tag-italie","tag-raccordement-electrique","tag-tunisie"],"_links":{"self":[{"href":"https:\/\/www.africanchallenges.com\/index.php?rest_route=\/wp\/v2\/posts\/67670","targetHints":{"allow":["GET"]}}],"collection":[{"href":"https:\/\/www.africanchallenges.com\/index.php?rest_route=\/wp\/v2\/posts"}],"about":[{"href":"https:\/\/www.africanchallenges.com\/index.php?rest_route=\/wp\/v2\/types\/post"}],"author":[{"embeddable":true,"href":"https:\/\/www.africanchallenges.com\/index.php?rest_route=\/wp\/v2\/users\/4"}],"replies":[{"embeddable":true,"href":"https:\/\/www.africanchallenges.com\/index.php?rest_route=%2Fwp%2Fv2%2Fcomments&post=67670"}],"version-history":[{"count":3,"href":"https:\/\/www.africanchallenges.com\/index.php?rest_route=\/wp\/v2\/posts\/67670\/revisions"}],"predecessor-version":[{"id":67675,"href":"https:\/\/www.africanchallenges.com\/index.php?rest_route=\/wp\/v2\/posts\/67670\/revisions\/67675"}],"wp:featuredmedia":[{"embeddable":true,"href":"https:\/\/www.africanchallenges.com\/index.php?rest_route=\/wp\/v2\/media\/67671"}],"wp:attachment":[{"href":"https:\/\/www.africanchallenges.com\/index.php?rest_route=%2Fwp%2Fv2%2Fmedia&parent=67670"}],"wp:term":[{"taxonomy":"category","embeddable":true,"href":"https:\/\/www.africanchallenges.com\/index.php?rest_route=%2Fwp%2Fv2%2Fcategories&post=67670"},{"taxonomy":"post_tag","embeddable":true,"href":"https:\/\/www.africanchallenges.com\/index.php?rest_route=%2Fwp%2Fv2%2Ftags&post=67670"}],"curies":[{"name":"wp","href":"https:\/\/api.w.org\/{rel}","templated":true}]}}