{"id":67580,"date":"2025-08-25T08:45:00","date_gmt":"2025-08-25T07:45:00","guid":{"rendered":"https:\/\/www.africanchallenges.com\/?p=67580"},"modified":"2025-08-25T00:26:56","modified_gmt":"2025-08-24T23:26:56","slug":"tunisie-japon-la-cheffe-du-gouvernement-recue-par-lempereur-et-limperatrice-du-japon","status":"publish","type":"post","link":"https:\/\/www.africanchallenges.com\/?p=67580","title":{"rendered":"Tunisie-Japon: La Cheffe du Gouvernement re\u00e7ue par l\u2019Empereur et l\u2019imp\u00e9ratrice du Japon"},"content":{"rendered":"\n<p class=\"wp-block-paragraph\">En marge de la 9\u1d49 Conf\u00e9rence internationale de Tokyo sur le d\u00e9veloppement de l\u2019Afrique (TICAD 9), la Cheffe du gouvernement, Sarra Zaafrani Zenzri a \u00e9t\u00e9 re\u00e7ue, vendredi, au palais imp\u00e9rial, par l\u2019Empereur et l\u2019imp\u00e9ratrice du Japon.<\/p>\n\n\n\n<p class=\"wp-block-paragraph\">Zenzri a transmis les salutations du pr\u00e9sident de la R\u00e9publique, Ka\u00efs Sa\u00efed, soulignant la profondeur de pr\u00e8s de 70 ans de relations tuniso-japonaises et appelant \u00e0 les renforcer, notamment, \u00e0 travers le renforcement de la coop\u00e9ration \u00e9conomique et l&rsquo;intensification des investissements japonais en Tunisie, lit-on dans un communiqu\u00e9 publi\u00e9, dimanche, par la Pr\u00e9sidence du Gouvernement.<\/p>\n\n\n\n<p class=\"wp-block-paragraph\">La cheffe du gouvernement a, \u00e9galement, eu, \u00e0 Yokohama(Japon), du 20 au 22 ao\u00fbt 2025, une s\u00e9rie d\u2019entretiens avec des chefs d\u2019\u00c9tat et de gouvernement africains et des dirigeants d\u2019entreprises japonaises, ainsi qu\u2019une rencontre bilat\u00e9rale avec le Premier ministre japonais, Shigeru Ishiba( 22 ao\u00fbt) .<\/p>\n\n\n\n<p class=\"wp-block-paragraph\"><\/p>\n","protected":false},"excerpt":{"rendered":"<p>En marge de la 9\u1d49 Conf\u00e9rence internationale de Tokyo sur le d\u00e9veloppement de l\u2019Afrique (TICAD 9), la Cheffe du gouvernement, Sarra Zaafrani Zenzri a \u00e9t\u00e9 re\u00e7ue, vendredi, au palais imp\u00e9rial, par l\u2019Empereur et l\u2019imp\u00e9ratrice du Japon. Zenzri a transmis les salutations du pr\u00e9sident de la R\u00e9publique, Ka\u00efs Sa\u00efed, soulignant la profondeur de pr\u00e8s de 70 [&hellip;]<\/p>\n","protected":false},"author":4,"featured_media":67581,"comment_status":"open","ping_status":"closed","sticky":false,"template":"","format":"standard","meta":{"content-type":"","jnews-multi-image_gallery":[],"jnews_single_post":{"format":"standard"},"jnews_primary_category":[],"jnews_override_bookmark_settings":[],"jnews_review":[],"enable_review":"","type":"","name":"","summary":"","brand":"","sku":"","good":[],"bad":[],"score_override":"","override_value":"","rating":[],"price":[],"jnews_post_split":[],"footnotes":""},"categories":[2],"tags":[16404,246,15536,16383],"class_list":["post-67580","post","type-post","status-publish","format-standard","has-post-thumbnail","hentry","category-news-politique","tag-empereur","tag-japon","tag-sarra-zaafrani-zenzri-2","tag-ticad9"],"_links":{"self":[{"href":"https:\/\/www.africanchallenges.com\/index.php?rest_route=\/wp\/v2\/posts\/67580","targetHints":{"allow":["GET"]}}],"collection":[{"href":"https:\/\/www.africanchallenges.com\/index.php?rest_route=\/wp\/v2\/posts"}],"about":[{"href":"https:\/\/www.africanchallenges.com\/index.php?rest_route=\/wp\/v2\/types\/post"}],"author":[{"embeddable":true,"href":"https:\/\/www.africanchallenges.com\/index.php?rest_route=\/wp\/v2\/users\/4"}],"replies":[{"embeddable":true,"href":"https:\/\/www.africanchallenges.com\/index.php?rest_route=%2Fwp%2Fv2%2Fcomments&post=67580"}],"version-history":[{"count":1,"href":"https:\/\/www.africanchallenges.com\/index.php?rest_route=\/wp\/v2\/posts\/67580\/revisions"}],"predecessor-version":[{"id":67582,"href":"https:\/\/www.africanchallenges.com\/index.php?rest_route=\/wp\/v2\/posts\/67580\/revisions\/67582"}],"wp:featuredmedia":[{"embeddable":true,"href":"https:\/\/www.africanchallenges.com\/index.php?rest_route=\/wp\/v2\/media\/67581"}],"wp:attachment":[{"href":"https:\/\/www.africanchallenges.com\/index.php?rest_route=%2Fwp%2Fv2%2Fmedia&parent=67580"}],"wp:term":[{"taxonomy":"category","embeddable":true,"href":"https:\/\/www.africanchallenges.com\/index.php?rest_route=%2Fwp%2Fv2%2Fcategories&post=67580"},{"taxonomy":"post_tag","embeddable":true,"href":"https:\/\/www.africanchallenges.com\/index.php?rest_route=%2Fwp%2Fv2%2Ftags&post=67580"}],"curies":[{"name":"wp","href":"https:\/\/api.w.org\/{rel}","templated":true}]}}