{"id":67571,"date":"2025-08-25T08:40:00","date_gmt":"2025-08-25T07:40:00","guid":{"rendered":"https:\/\/www.africanchallenges.com\/?p=67571"},"modified":"2025-08-25T00:06:00","modified_gmt":"2025-08-24T23:06:00","slug":"tunisie-suivi-de-lavancement-des-projets-publics-dans-le-domaine-des-phosphates","status":"publish","type":"post","link":"https:\/\/www.africanchallenges.com\/?p=67571","title":{"rendered":"Tunisie: Suivi de l&rsquo;avancement des projets publics dans le domaine des phosphates"},"content":{"rendered":"\n<p class=\"wp-block-paragraph\"><\/p>\n\n\n\n<p class=\"wp-block-paragraph\">Conform\u00e9ment aux instructions de Son Excellence le pr\u00e9sident de la R\u00e9publique, M. Kais Saied qui a d\u00e9clar\u00e9 que le comit\u00e9 sectoriel responsable d&rsquo;acc\u00e9l\u00e9rer la mise en \u0153uvre des projets publics dans le secteur des phosphates a tenu sa onzi\u00e8me r\u00e9union le vendredi 22 ao\u00fbt au si\u00e8ge du minist\u00e8re, sous la supervision de la ministre de l&rsquo;Industrie, des Mines et de l&rsquo;\u00c9nergie, Mme Fatima Al-Thabet Shibob.<\/p>\n\n\n\n<p class=\"wp-block-paragraph\">Cette r\u00e9union a \u00e9t\u00e9 d\u00e9di\u00e9e \u00e0 l&rsquo;examen de l&rsquo;\u00e9tat d&rsquo;avancement de l&rsquo;ach\u00e8vement du projet de l&rsquo;unit\u00e9 commerciale de production de phosphate \u00e0 Umm Al-Wood de la Soci\u00e9t\u00e9 des Phosphates de Gafsa, ainsi que du projet de l&rsquo;usine de triphosphate \u00e0 haute canop\u00e9e 2 du complexe chimique tunisien, conform\u00e9ment aux accords sign\u00e9s le 30 septembre 2024 sous l&rsquo;\u00e9gide du gouvernement.<\/p>\n\n\n\n<p class=\"wp-block-paragraph\">La r\u00e9union a rassembl\u00e9 le chef de cabinet, Mme Afaf Shashi Al-Tayari, des repr\u00e9sentants des minist\u00e8res des Finances et des Affaires sociales, ainsi que le directeur g\u00e9n\u00e9ral de la Soci\u00e9t\u00e9 des Phosphates de Gafsa, M. Abdelkader Emaidi, le directeur g\u00e9n\u00e9ral du complexe chimique tunisien, M. Hedi Youssef, le directeur g\u00e9n\u00e9ral des Mines, Mme Najah Cherif, le directeur g\u00e9n\u00e9ral de la cellule centrale de gouvernance, Mme Faiza Djablon, et des membres du comit\u00e9.<\/p>\n\n\n\n<p class=\"wp-block-paragraph\">Les r\u00e9sultats des n\u00e9gociations entre la Soci\u00e9t\u00e9 des Phosphates de Gafsa et l&rsquo;op\u00e9rateur chinois pour finaliser le projet de l&rsquo;unit\u00e9 commerciale de production de phosphate \u00e0 Om lekchab ont \u00e9t\u00e9 examin\u00e9s, en plus de la discussion sur certaines des difficult\u00e9s rencontr\u00e9es par les entrepreneurs concernant l&rsquo;ach\u00e8vement du projet de l&rsquo;usine de triphosphate \u00e0 Mdhila 2.<\/p>\n\n\n\n<p class=\"wp-block-paragraph\">Ils ont \u00e9galement pass\u00e9 en revue les principaux d\u00e9fis entravant l&rsquo;avancement des deux projets et ont discut\u00e9 des m\u00e9canismes pratiques pour une coordination renforc\u00e9e entre les diff\u00e9rentes parties afin d&rsquo;aider \u00e0 r\u00e9soudre tous les probl\u00e8mes en suspens.<\/p>\n\n\n\n<p class=\"wp-block-paragraph\">La ministre a insist\u00e9 sur l&rsquo;importance d&rsquo;acc\u00e9l\u00e9rer l&rsquo;ex\u00e9cution des projets publics dans les plus brefs d\u00e9lais, dans le cadre du programme national de promotion de la fili\u00e8re phosphate pour la p\u00e9riode (2025-2030).<\/p>\n\n\n\n<p class=\"wp-block-paragraph\">Le ministre a mentionn\u00e9 le r\u00f4le crucial de ces projets qui contribueront \u00e0 atteindre les objectifs de d\u00e9veloppement escompt\u00e9s en g\u00e9n\u00e9rant un dynamisme \u00e9conomique et en cr\u00e9ant de nouveaux emplois, tant au niveau r\u00e9gional que national.<\/p>\n\n\n\n<p class=\"wp-block-paragraph\"><\/p>\n","protected":false},"excerpt":{"rendered":"<p>Conform\u00e9ment aux instructions de Son Excellence le pr\u00e9sident de la R\u00e9publique, M. Kais Saied qui a d\u00e9clar\u00e9 que le comit\u00e9 sectoriel responsable d&rsquo;acc\u00e9l\u00e9rer la mise en \u0153uvre des projets publics dans le secteur des phosphates a tenu sa onzi\u00e8me r\u00e9union le vendredi 22 ao\u00fbt au si\u00e8ge du minist\u00e8re, sous la supervision de la ministre de [&hellip;]<\/p>\n","protected":false},"author":4,"featured_media":67572,"comment_status":"open","ping_status":"closed","sticky":false,"template":"","format":"standard","meta":{"content-type":"","jnews-multi-image_gallery":[],"jnews_single_post":{"format":"standard"},"jnews_primary_category":[],"jnews_override_bookmark_settings":[],"jnews_review":[],"enable_review":"","type":"","name":"","summary":"","brand":"","sku":"","good":[],"bad":[],"score_override":"","override_value":"","rating":[],"price":[],"jnews_post_split":[],"footnotes":""},"categories":[2],"tags":[16401,15405,16400],"class_list":["post-67571","post","type-post","status-publish","format-standard","has-post-thumbnail","hentry","category-news-politique","tag-comite-sectoriel-responsable-daccelerer-la-mise-en-oeuvre-des-projets-publics","tag-phosphates","tag-projets-publics"],"_links":{"self":[{"href":"https:\/\/www.africanchallenges.com\/index.php?rest_route=\/wp\/v2\/posts\/67571","targetHints":{"allow":["GET"]}}],"collection":[{"href":"https:\/\/www.africanchallenges.com\/index.php?rest_route=\/wp\/v2\/posts"}],"about":[{"href":"https:\/\/www.africanchallenges.com\/index.php?rest_route=\/wp\/v2\/types\/post"}],"author":[{"embeddable":true,"href":"https:\/\/www.africanchallenges.com\/index.php?rest_route=\/wp\/v2\/users\/4"}],"replies":[{"embeddable":true,"href":"https:\/\/www.africanchallenges.com\/index.php?rest_route=%2Fwp%2Fv2%2Fcomments&post=67571"}],"version-history":[{"count":1,"href":"https:\/\/www.africanchallenges.com\/index.php?rest_route=\/wp\/v2\/posts\/67571\/revisions"}],"predecessor-version":[{"id":67573,"href":"https:\/\/www.africanchallenges.com\/index.php?rest_route=\/wp\/v2\/posts\/67571\/revisions\/67573"}],"wp:featuredmedia":[{"embeddable":true,"href":"https:\/\/www.africanchallenges.com\/index.php?rest_route=\/wp\/v2\/media\/67572"}],"wp:attachment":[{"href":"https:\/\/www.africanchallenges.com\/index.php?rest_route=%2Fwp%2Fv2%2Fmedia&parent=67571"}],"wp:term":[{"taxonomy":"category","embeddable":true,"href":"https:\/\/www.africanchallenges.com\/index.php?rest_route=%2Fwp%2Fv2%2Fcategories&post=67571"},{"taxonomy":"post_tag","embeddable":true,"href":"https:\/\/www.africanchallenges.com\/index.php?rest_route=%2Fwp%2Fv2%2Ftags&post=67571"}],"curies":[{"name":"wp","href":"https:\/\/api.w.org\/{rel}","templated":true}]}}