{"id":67517,"date":"2025-08-20T15:17:13","date_gmt":"2025-08-20T14:17:13","guid":{"rendered":"https:\/\/www.africanchallenges.com\/?p=67517"},"modified":"2025-08-20T15:17:14","modified_gmt":"2025-08-20T14:17:14","slug":"ticad9-la-cheffe-du-gouvernement-rencontre-le-president-du-senegal-bassirou-diomaye-faye","status":"publish","type":"post","link":"https:\/\/www.africanchallenges.com\/?p=67517","title":{"rendered":"TICAD9: La cheffe du gouvernement rencontre le Pr\u00e9sident du S\u00e9n\u00e9gal, Bassirou Diomaye Faye,"},"content":{"rendered":"\n<p class=\"wp-block-paragraph\">La Cheffe du Gouvernement, Sarra Zaafrani Zenzri, a soulign\u00e9, mercredi 20 aout 2025, \u00e0 Yokohama (au Japon)\u00a0lors d\u2019une rencontre \u00a0avec le Pr\u00e9sident du S\u00e9n\u00e9gal, Bassirou Diomaye Faye, l\u2019importance d\u2019accorder la priorit\u00e9 aux projets de coop\u00e9ration bilat\u00e9rale entre les deux pays.<\/p>\n\n\n\n<p class=\"wp-block-paragraph\">Elle a exprim\u00e9 la volont\u00e9 de la Tunisie de diversifier ses relations \u00e9conomiques avec l\u2019Afrique, compte tenu de son positionnement strat\u00e9gique, notamment, en tant que porte d\u2019entr\u00e9e vers le continent africain, ce qui lui conf\u00e8re un r\u00f4le central dans la cr\u00e9ation de partenariats efficaces et le renforcement de la coop\u00e9ration dans divers domaines (\u00e9conomiques, sociaux ou cognitifs).<\/p>\n\n\n\n<p class=\"wp-block-paragraph\">Zenzri a, \u00e9galement,&nbsp; \u00e9voqu\u00e9 les prochaines \u00e9ch\u00e9ances bilat\u00e9rales, notamment la pr\u00e9paration de la r\u00e9union de la Haute commission mixte tuniso-s\u00e9n\u00e9galaise, pr\u00e9vue au cours du premier semestre 2026.<\/p>\n\n\n\n<p class=\"wp-block-paragraph\">De son c\u00f4t\u00e9, le Pr\u00e9sident du S\u00e9n\u00e9gal s\u2019est f\u00e9licit\u00e9 de&nbsp;&nbsp;la solidit\u00e9 des liens historiques entre les deux pays, soulignant la n\u00e9cessit\u00e9 de les renforcer de mani\u00e8re continue et de les consolider dans tous les domaines importants et technologiques.<\/p>\n\n\n\n<p class=\"wp-block-paragraph\">Faye a, en outre, relev\u00e9 la convergence des points de vue de la Tunisie et du S\u00e9n\u00e9gal sur les grandes causes internationales, en particulier, la question palestinienne.<\/p>\n\n\n\n<p class=\"wp-block-paragraph\">L\u2019entretien s\u2019est tenu en marge de la participation de la Cheffe du gouvernement aux travaux du neuvi\u00e8me Conf\u00e9rence internationale de Tokyo sur le d\u00e9veloppement de l\u2019Afrique (TICAD 9) qui se d\u00e9roule de 20 au 22 ao\u00fbt 2025, \u00e0 Yokohama(Japon).<\/p>\n\n\n\n<p class=\"wp-block-paragraph\"><strong>Avec TAP<\/strong><\/p>\n","protected":false},"excerpt":{"rendered":"<p>La Cheffe du Gouvernement, Sarra Zaafrani Zenzri, a soulign\u00e9, mercredi 20 aout 2025, \u00e0 Yokohama (au Japon)\u00a0lors d\u2019une rencontre \u00a0avec le Pr\u00e9sident du S\u00e9n\u00e9gal, Bassirou Diomaye Faye, l\u2019importance d\u2019accorder la priorit\u00e9 aux projets de coop\u00e9ration bilat\u00e9rale entre les deux pays. Elle a exprim\u00e9 la volont\u00e9 de la Tunisie de diversifier ses relations \u00e9conomiques avec l\u2019Afrique, [&hellip;]<\/p>\n","protected":false},"author":4,"featured_media":67518,"comment_status":"open","ping_status":"closed","sticky":false,"template":"","format":"standard","meta":{"content-type":"","jnews-multi-image_gallery":[],"jnews_single_post":{"format":"standard"},"jnews_primary_category":[],"jnews_override_bookmark_settings":[],"jnews_review":[],"enable_review":"","type":"","name":"","summary":"","brand":"","sku":"","good":[],"bad":[],"score_override":"","override_value":"","rating":[],"price":[],"jnews_post_split":[],"footnotes":""},"categories":[2],"tags":[14334,1282,15536,16383,16384],"class_list":["post-67517","post","type-post","status-publish","format-standard","has-post-thumbnail","hentry","category-news-politique","tag-bassirou-diomaye-faye","tag-rencontre","tag-sarra-zaafrani-zenzri-2","tag-ticad9","tag-yokohama"],"_links":{"self":[{"href":"https:\/\/www.africanchallenges.com\/index.php?rest_route=\/wp\/v2\/posts\/67517","targetHints":{"allow":["GET"]}}],"collection":[{"href":"https:\/\/www.africanchallenges.com\/index.php?rest_route=\/wp\/v2\/posts"}],"about":[{"href":"https:\/\/www.africanchallenges.com\/index.php?rest_route=\/wp\/v2\/types\/post"}],"author":[{"embeddable":true,"href":"https:\/\/www.africanchallenges.com\/index.php?rest_route=\/wp\/v2\/users\/4"}],"replies":[{"embeddable":true,"href":"https:\/\/www.africanchallenges.com\/index.php?rest_route=%2Fwp%2Fv2%2Fcomments&post=67517"}],"version-history":[{"count":1,"href":"https:\/\/www.africanchallenges.com\/index.php?rest_route=\/wp\/v2\/posts\/67517\/revisions"}],"predecessor-version":[{"id":67519,"href":"https:\/\/www.africanchallenges.com\/index.php?rest_route=\/wp\/v2\/posts\/67517\/revisions\/67519"}],"wp:featuredmedia":[{"embeddable":true,"href":"https:\/\/www.africanchallenges.com\/index.php?rest_route=\/wp\/v2\/media\/67518"}],"wp:attachment":[{"href":"https:\/\/www.africanchallenges.com\/index.php?rest_route=%2Fwp%2Fv2%2Fmedia&parent=67517"}],"wp:term":[{"taxonomy":"category","embeddable":true,"href":"https:\/\/www.africanchallenges.com\/index.php?rest_route=%2Fwp%2Fv2%2Fcategories&post=67517"},{"taxonomy":"post_tag","embeddable":true,"href":"https:\/\/www.africanchallenges.com\/index.php?rest_route=%2Fwp%2Fv2%2Ftags&post=67517"}],"curies":[{"name":"wp","href":"https:\/\/api.w.org\/{rel}","templated":true}]}}