{"id":67465,"date":"2025-08-18T09:31:00","date_gmt":"2025-08-18T08:31:00","guid":{"rendered":"https:\/\/www.africanchallenges.com\/?p=67465"},"modified":"2025-08-18T09:42:47","modified_gmt":"2025-08-18T08:42:47","slug":"tunisie-le-chanteur-libanais-adam-jattends-carthage-depuis-des-annees-cela-va-enrichir-ma-carriere","status":"publish","type":"post","link":"https:\/\/www.africanchallenges.com\/?p=67465","title":{"rendered":"Tunisie- Le chanteur libanais Adam : \u00ab\u00a0J&rsquo;attends Carthage depuis des ann\u00e9es \u2026cela va enrichir ma carri\u00e8re\u00a0\u00bb"},"content":{"rendered":"\n<p class=\"wp-block-paragraph\">La veille de son arriv\u00e9e \u00e0 Tunis pour se produire lors de la 59e \u00e9dition du Festival  International de Carthage le 18 ao\u00fbt, le chanteur libanais Adam a tenu une conf\u00e9rence de presse \u00e0 Gammarth.<\/p>\n\n\n\n<p class=\"wp-block-paragraph\">Dans son discours, Adam a souhait\u00e9 la bienvenue aux m\u00e9dias pr\u00e9sents. Il a exprim\u00e9 sa joie de prendre part pour la premi\u00e8re fois au Festival international de Carthage.<\/p>\n\n\n\n<p class=\"wp-block-paragraph\">De plus, plusieurs fans seront pr\u00e9sents pour assister \u00e0 son concert qui a affich\u00e9 complet &nbsp;(Sold Out) depuis des semaines d\u00e9j\u00e0.<\/p>\n\n\n\n<p class=\"wp-block-paragraph\">En \u00e9voquant sa carri\u00e8re et son succ\u00e8s, Adam a mentionn\u00e9 qu&rsquo;il a re\u00e7u des propositions qu&rsquo;il a d\u00e9clin\u00e9es, car il a souhait\u00e9 se concentrer sur celles qui pourraient le plus enrichir sa carri\u00e8re.<\/p>\n\n\n\n<p class=\"wp-block-paragraph\">Il a ajout\u00e9 <strong><em>\u00ab&nbsp;J&rsquo;attends Carthage depuis des ann\u00e9es, et j&rsquo;ai d\u00e9clin\u00e9 d&rsquo;autres soir\u00e9es en Tunisie\u2026&nbsp;\u00bb<\/em><\/strong><\/p>\n\n\n\n<p class=\"wp-block-paragraph\">Son dernier concert priv\u00e9 en Tunisie&nbsp;lui a permis de conqu\u00e9rir un large public aujourd&rsquo;hui, selon ses propres mots.<\/p>\n\n\n\n<p class=\"wp-block-paragraph\">En \u00e9voquant les chanteurs tunisiens, notamment Balti, il a annonc\u00e9 qu&rsquo;il y aura un duo dans les prochains jours avec un artiste tunisien.<\/p>\n\n\n\n<p class=\"wp-block-paragraph\">Adam a affirm\u00e9 que Balti sera pr\u00e9sent  avec lui pour chanter sur sc\u00e8ne. Parmi ses amis musiciens, il a \u00e9galement mentionn\u00e9 Ahmed Ch\u00e9rif, Balti et Saber Rebai, ainsi que la regrett\u00e9e Dekra &nbsp;Mohamed et Nour.<\/p>\n\n\n\n<p class=\"wp-block-paragraph\">Parlant d&rsquo;innovation dans le domaine musical, il a annonc\u00e9 qu&rsquo;il appr\u00e9cie le genre de musique qu&rsquo;il a choisi, exprimant ainsi sa pr\u00e9f\u00e9rence pour son style.<\/p>\n\n\n\n<p class=\"wp-block-paragraph\">Adam a indiqu\u00e9 que ses chansons parlent de drame et refl\u00e8tent la r\u00e9alit\u00e9.<\/p>\n\n\n\n<p class=\"wp-block-paragraph\">En \u00e9voquant le retour de la star de la chanson libanaise Fadel Chaker sur la sc\u00e8ne musicale, Adam a exprim\u00e9 sa satisfaction, en pr\u00e9cisant que<strong><em> \u00ab\u00a0nous l&rsquo;attendons avec impatience. Fadel est un grand chanteur, c&rsquo;est un professeur\u00a0\u00bb<\/em><\/strong> .<\/p>\n\n\n\n<p class=\"wp-block-paragraph\">Il a promis de chanter lors de son concert une de ses chansons en hommage.<\/p>\n\n\n\n<p class=\"wp-block-paragraph\">Pour la production des albums, qui a diminu\u00e9 ces derni\u00e8res ann\u00e9es, Adam a confirm\u00e9 qu&rsquo;il a un certain choix de mots et de paroles. <strong><em>\u00ab\u00a0Je suis en train de choisir\u00a0\u00bb <\/em><\/strong>et il a annonc\u00e9 que son nouvel album sera diffus\u00e9 prochainement, mentionnant qu&rsquo;il y aura une collaboration entre lui et le Sultan Abou Wadiaa (George Wassouf).<\/p>\n\n\n\n<p class=\"wp-block-paragraph\">Adam a indiqu\u00e9 que ses chansons transmettent un message d&rsquo;amour, <strong><em>\u00ab\u00a0l&rsquo;amour \u00e9tant essentiel dans la vie\u00a0\u00bb.<\/em><\/strong><\/p>\n\n\n\n<p class=\"wp-block-paragraph\">Il convient de noter qu&rsquo;Adam a commenc\u00e9 \u00e0 chanter \u00e0 l&rsquo;\u00e2ge de neuf ans avec le c\u00e9l\u00e8bre chanteur religieux Mustafa Jafari, et son talent a \u00e9t\u00e9 d\u00e9couvert en 2001 lorsqu&rsquo;il a chant\u00e9 lors d&rsquo;une f\u00eate organis\u00e9e par l&rsquo;artiste Sobhi Tawfik, o\u00f9 il a rencontr\u00e9 l&rsquo;artiste Nicola Saadeh Nakhla.<\/p>\n\n\n\n<p class=\"wp-block-paragraph\">Adam a re\u00e7u deux prix : le Prix Murex d&rsquo;or du meilleur chanteur en 2005 et 2015  au Liban.<\/p>\n\n\n\n<p class=\"wp-block-paragraph\">Dans son r\u00e9pertoire, Adem a six albums, le premier datant de 2012 et son dernier album de 2016. Adam a r\u00e9cemment lanc\u00e9 le single \u00ab\u00a0Ya Helow\u00a0\u00bb, sorti le 11 juillet 2025, qui a atteint 18 millions de vues sur YouTube.<\/p>\n","protected":false},"excerpt":{"rendered":"<p>La veille de son arriv\u00e9e \u00e0 Tunis pour se produire lors de la 59e \u00e9dition du Festival International de Carthage le 18 ao\u00fbt, le chanteur libanais Adam a tenu une conf\u00e9rence de presse \u00e0 Gammarth. Dans son discours, Adam a souhait\u00e9 la bienvenue aux m\u00e9dias pr\u00e9sents. Il a exprim\u00e9 sa joie de prendre part pour [&hellip;]<\/p>\n","protected":false},"author":3,"featured_media":67466,"comment_status":"open","ping_status":"closed","sticky":false,"template":"","format":"standard","meta":{"content-type":"","jnews-multi-image_gallery":[],"jnews_single_post":{"format":"standard"},"jnews_primary_category":[],"jnews_override_bookmark_settings":[],"jnews_review":[],"enable_review":"","type":"","name":"","summary":"","brand":"","sku":"","good":[],"bad":[],"score_override":"","override_value":"","rating":[],"price":[],"jnews_post_split":[],"footnotes":""},"categories":[17],"tags":[16369,3277,54],"class_list":["post-67465","post","type-post","status-publish","format-standard","has-post-thumbnail","hentry","category-entertainment","tag-adam","tag-festival-international-de-carthage-2","tag-tunisie"],"_links":{"self":[{"href":"https:\/\/www.africanchallenges.com\/index.php?rest_route=\/wp\/v2\/posts\/67465","targetHints":{"allow":["GET"]}}],"collection":[{"href":"https:\/\/www.africanchallenges.com\/index.php?rest_route=\/wp\/v2\/posts"}],"about":[{"href":"https:\/\/www.africanchallenges.com\/index.php?rest_route=\/wp\/v2\/types\/post"}],"author":[{"embeddable":true,"href":"https:\/\/www.africanchallenges.com\/index.php?rest_route=\/wp\/v2\/users\/3"}],"replies":[{"embeddable":true,"href":"https:\/\/www.africanchallenges.com\/index.php?rest_route=%2Fwp%2Fv2%2Fcomments&post=67465"}],"version-history":[{"count":4,"href":"https:\/\/www.africanchallenges.com\/index.php?rest_route=\/wp\/v2\/posts\/67465\/revisions"}],"predecessor-version":[{"id":67470,"href":"https:\/\/www.africanchallenges.com\/index.php?rest_route=\/wp\/v2\/posts\/67465\/revisions\/67470"}],"wp:featuredmedia":[{"embeddable":true,"href":"https:\/\/www.africanchallenges.com\/index.php?rest_route=\/wp\/v2\/media\/67466"}],"wp:attachment":[{"href":"https:\/\/www.africanchallenges.com\/index.php?rest_route=%2Fwp%2Fv2%2Fmedia&parent=67465"}],"wp:term":[{"taxonomy":"category","embeddable":true,"href":"https:\/\/www.africanchallenges.com\/index.php?rest_route=%2Fwp%2Fv2%2Fcategories&post=67465"},{"taxonomy":"post_tag","embeddable":true,"href":"https:\/\/www.africanchallenges.com\/index.php?rest_route=%2Fwp%2Fv2%2Ftags&post=67465"}],"curies":[{"name":"wp","href":"https:\/\/api.w.org\/{rel}","templated":true}]}}