{"id":67378,"date":"2025-08-13T14:27:29","date_gmt":"2025-08-13T13:27:29","guid":{"rendered":"https:\/\/www.africanchallenges.com\/?p=67378"},"modified":"2025-08-13T14:29:43","modified_gmt":"2025-08-13T13:29:43","slug":"tunisie-projet-de-construction-dune-centrale-solaire-a-gabes-dune-capacite-de-130-megawatts-avec-un-cout-estime-a-350-millions-de-dinars","status":"publish","type":"post","link":"https:\/\/www.africanchallenges.com\/?p=67378","title":{"rendered":"Tunisie : Projet de Construction d&rsquo;une centrale solaire \u00e0 Gab\u00e8s d&rsquo;une capacit\u00e9 de 130 m\u00e9gawatts avec un co\u00fbt estim\u00e9 \u00e0 350 millions de dinars"},"content":{"rendered":"\n<p class=\"wp-block-paragraph\">Un atelier a \u00e9t\u00e9 organis\u00e9 le 12 aout 2025,  pour pr\u00e9senter le projet de construction d&rsquo;une centrale solaire dans la d\u00e9l\u00e9gation de Mhimla  de Menzel Habib d&rsquo;une capacit\u00e9 de 130 m\u00e9gawatts, en pr\u00e9sence du gouverneur de Gab\u00e8s, des repr\u00e9sentants de la soci\u00e9t\u00e9 \u00ab\u00a0Voltalia Tunisie\u00a0\u00bb mettant en \u0153uvre le projet, ainsi que des d\u00e9put\u00e9s de la r\u00e9gion, des repr\u00e9sentants des administrations r\u00e9gionales et de la soci\u00e9t\u00e9 civile.<\/p>\n\n\n\n<p class=\"wp-block-paragraph\">Ce projet s&rsquo;inscrit dans le cadre de la mise en \u0153uvre de la Strat\u00e9gie Nationale de Transition \u00c9nerg\u00e9tique, qui vise \u00e0 porter le pourcentage de la production d&rsquo;\u00e9lectricit\u00e9 \u00e0 partir d&rsquo;\u00e9nergies renouvelables \u00e0 35% d&rsquo;ici 2030 et 50% d&rsquo;ici 2035, r\u00e9duisant ainsi le d\u00e9ficit \u00e9nerg\u00e9tique et renfor\u00e7ant l&rsquo;ind\u00e9pendance \u00e9nerg\u00e9tique de la Tunisie.<\/p>\n\n\n\n<p class=\"wp-block-paragraph\">Le projet s&rsquo;\u00e9tend sur une superficie de 200 hectares, pour un co\u00fbt estim\u00e9 \u00e0 350 millions de dinars, et comprend une centrale solaire et une sous-station pour le transport de l&rsquo;\u00e9lectricit\u00e9 produite vers le r\u00e9seau national de la compagnie tunisienne d&rsquo;\u00e9lectricit\u00e9 et de gaz.<\/p>\n\n\n\n<p class=\"wp-block-paragraph\">Les travaux devraient d\u00e9buter en 2026 et se poursuivre pendant 18 mois, la production effective commen\u00e7ant en juin 2027. Au plus fort de la construction, le projet fournira plus de 350 logements en occupation directe.<\/p>\n\n\n\n<p class=\"wp-block-paragraph\">Avec la mise en service de la centrale, celle-ci devrait g\u00e9n\u00e9rer environ 302 GWh d&rsquo;\u00e9lectricit\u00e9 chaque ann\u00e9e, ce qui aidera \u00e0 diminuer les \u00e9missions de dioxyde de carbone et \u00e0 atteindre une part significative de l&rsquo;autosuffisance \u00e9nerg\u00e9tique. Elle fournira \u00e9galement de l&rsquo;\u00e9lectricit\u00e9 \u00e0 plus de 445 mille citoyens et apportera environ 80 millions de dinars par an en devises fortes \u00e0 la compagnie tunisienne d&rsquo;\u00e9lectricit\u00e9 et de gaz, en comparaison avec le co\u00fbt de l&rsquo;\u00e9lectricit\u00e9 produite \u00e0 partir du gaz naturel.<\/p>\n\n\n\n<p class=\"wp-block-paragraph\">Lors de la r\u00e9union, les r\u00e9sultats d&rsquo;une \u00e9tude scientifique ont \u00e9t\u00e9 expos\u00e9s, incluant une \u00e9valuation des impacts environnementaux et sociaux du projet, ainsi que l&rsquo;identification des proc\u00e9dures et mesures n\u00e9cessaires pour garantir sa durabilit\u00e9 environnementale et sociale.<\/p>\n\n\n\n<p class=\"wp-block-paragraph\">M. Kamel Hammami, directeur g\u00e9n\u00e9ral de Voltalia Tunis, a mis en avant que le projet constitue un mod\u00e8le r\u00e9ussi de partenariat entre les secteurs public et priv\u00e9, en pr\u00e9cisant que \u00ab\u00a0la s\u00e9curit\u00e9 \u00e9nerg\u00e9tique est un enjeu national qui requiert les efforts conjoints de l&rsquo;\u00c9tat, des investisseurs et des composantes communautaires pour att\u00e9nuer le d\u00e9ficit \u00e9nerg\u00e9tique et les \u00e9missions de gaz\u00a0\u00bb.<\/p>\n\n\n\n<p class=\"wp-block-paragraph\">Hammami a \u00e9galement soulign\u00e9 que la soci\u00e9t\u00e9 \u00ab\u00a0Voltalia Tunisie\u00a0\u00bb, que ce soit par sa pr\u00e9sence \u00e0 Gab\u00e8s ou dans la ville de Gafsa, s&rsquo;est engag\u00e9e non seulement \u00e0 la r\u00e9alisation du projet \u00e9nerg\u00e9tique, mais aussi \u00e0 la mise en \u0153uvre de projets environnementaux et sociaux parall\u00e8les pour am\u00e9liorer la qualit\u00e9 de vie et r\u00e9duire la pollution dans la r\u00e9gion, en collaboration avec les habitants.<\/p>\n\n\n\n<p class=\"wp-block-paragraph\">\u00c0 l&rsquo;issue de la r\u00e9union, une visite sur le terrain a \u00e9t\u00e9 organis\u00e9e sur le site du projet, et les chefs de projet ont pris en compte les propositions des habitants de Menzel Habib  concernant les programmes environnementaux et sociaux qu&rsquo;ils souhaiteraient r\u00e9aliser en lien avec le projet, dans le cadre de la responsabilit\u00e9 sociale.<\/p>\n","protected":false},"excerpt":{"rendered":"<p>Un atelier a \u00e9t\u00e9 organis\u00e9 le 12 aout 2025, pour pr\u00e9senter le projet de construction d&rsquo;une centrale solaire dans la d\u00e9l\u00e9gation de Mhimla de Menzel Habib d&rsquo;une capacit\u00e9 de 130 m\u00e9gawatts, en pr\u00e9sence du gouverneur de Gab\u00e8s, des repr\u00e9sentants de la soci\u00e9t\u00e9 \u00ab\u00a0Voltalia Tunisie\u00a0\u00bb mettant en \u0153uvre le projet, ainsi que des d\u00e9put\u00e9s de la [&hellip;]<\/p>\n","protected":false},"author":4,"featured_media":67379,"comment_status":"open","ping_status":"closed","sticky":false,"template":"","format":"standard","meta":{"content-type":"","jnews-multi-image_gallery":[],"jnews_single_post":{"format":"standard"},"jnews_primary_category":[],"jnews_override_bookmark_settings":[],"jnews_review":[],"enable_review":"","type":"","name":"","summary":"","brand":"","sku":"","good":[],"bad":[],"score_override":"","override_value":"","rating":[],"price":[],"jnews_post_split":[],"footnotes":""},"categories":[43,73],"tags":[9018,2329,16341],"class_list":["post-67378","post","type-post","status-publish","format-standard","has-post-thumbnail","hentry","category-eco-business","category-eco","tag-centrale-solaire","tag-gabes","tag-voltalia-tunisie"],"_links":{"self":[{"href":"https:\/\/www.africanchallenges.com\/index.php?rest_route=\/wp\/v2\/posts\/67378","targetHints":{"allow":["GET"]}}],"collection":[{"href":"https:\/\/www.africanchallenges.com\/index.php?rest_route=\/wp\/v2\/posts"}],"about":[{"href":"https:\/\/www.africanchallenges.com\/index.php?rest_route=\/wp\/v2\/types\/post"}],"author":[{"embeddable":true,"href":"https:\/\/www.africanchallenges.com\/index.php?rest_route=\/wp\/v2\/users\/4"}],"replies":[{"embeddable":true,"href":"https:\/\/www.africanchallenges.com\/index.php?rest_route=%2Fwp%2Fv2%2Fcomments&post=67378"}],"version-history":[{"count":3,"href":"https:\/\/www.africanchallenges.com\/index.php?rest_route=\/wp\/v2\/posts\/67378\/revisions"}],"predecessor-version":[{"id":67383,"href":"https:\/\/www.africanchallenges.com\/index.php?rest_route=\/wp\/v2\/posts\/67378\/revisions\/67383"}],"wp:featuredmedia":[{"embeddable":true,"href":"https:\/\/www.africanchallenges.com\/index.php?rest_route=\/wp\/v2\/media\/67379"}],"wp:attachment":[{"href":"https:\/\/www.africanchallenges.com\/index.php?rest_route=%2Fwp%2Fv2%2Fmedia&parent=67378"}],"wp:term":[{"taxonomy":"category","embeddable":true,"href":"https:\/\/www.africanchallenges.com\/index.php?rest_route=%2Fwp%2Fv2%2Fcategories&post=67378"},{"taxonomy":"post_tag","embeddable":true,"href":"https:\/\/www.africanchallenges.com\/index.php?rest_route=%2Fwp%2Fv2%2Ftags&post=67378"}],"curies":[{"name":"wp","href":"https:\/\/api.w.org\/{rel}","templated":true}]}}