{"id":67316,"date":"2025-08-11T20:44:24","date_gmt":"2025-08-11T19:44:24","guid":{"rendered":"https:\/\/www.africanchallenges.com\/?p=67316"},"modified":"2025-08-11T20:44:26","modified_gmt":"2025-08-11T19:44:26","slug":"lunion-de-radiodiffusion-des-etats-arabes-condamne-les-crimes-israeliens-visant-une-tente-de-journalistes-entrainant-la-mort-de-plusieurs-reporters-et-photographes","status":"publish","type":"post","link":"https:\/\/www.africanchallenges.com\/?p=67316","title":{"rendered":"L&rsquo;Union\u00a0de\u00a0radiodiffusion\u00a0des\u00a0\u00c9tats arabes\u00a0condamne les crimes isra\u00e9liens visant une tente de journalistes, entra\u00eenant la mort de plusieurs reporters et photographes"},"content":{"rendered":"\n<p class=\"wp-block-paragraph\">L&rsquo;Union de radiodiffusion des \u00c9tats arabes d\u00e9nonce le bombardement par l&rsquo;occupation isra\u00e9lienne d&rsquo;une tente de journalistes \u00e0 proximit\u00e9 de l&rsquo;h\u00f4pital Shifa \u00e0 Gaza, qui a caus\u00e9 la mort de plusieurs reporters et photographes.<\/p>\n\n\n\n<p class=\"wp-block-paragraph\">Hier, dimanche 10 ao\u00fbt 2025, l&rsquo;arm\u00e9e d&rsquo;occupation isra\u00e9lienne a perp\u00e9tr\u00e9 un nouvel acte criminel contre les \u00e9quipes de m\u00e9dias op\u00e9rant dans la bande de Gaza, o\u00f9 un drone isra\u00e9lien a attaqu\u00e9 une tente pour journalistes situ\u00e9e pr\u00e8s de l&rsquo;h\u00f4pital Shifa \u00e0 Gaza, entra\u00eenant le martyre des correspondants d&rsquo;Al Jazeera Anas al-Sharif et Mohammed quraiqi, des photographes Ibrahim Daher et Mohammed Nofal, ainsi que du journaliste Mohammed Khalidi et du photographe Mo&rsquo;men Aliwa.<\/p>\n\n\n\n<p class=\"wp-block-paragraph\">L&rsquo;arm\u00e9e d&rsquo;occupation isra\u00e9lienne a reconnu avoir intentionnellement cibl\u00e9 la tente des journalistes et assassin\u00e9 des reporters de terrain, ce qui confirme le caract\u00e8re syst\u00e9matique de ces attaques r\u00e9p\u00e9t\u00e9es contre les journalistes travaillant \u00e0 Gaza, visant \u00e0 faire taire leurs voix et \u00e0 les emp\u00eacher de transmettre la r\u00e9alit\u00e9 des massacres isra\u00e9liens, une guerre d&rsquo;extermination et de famine contre le peuple palestinien.<\/p>\n\n\n\n<p class=\"wp-block-paragraph\">L&rsquo;Union de radiodiffusion des \u00c9tats arabes condamne avec force ce crime odieux, qui repr\u00e9sente un nouveau maillon dans la cha\u00eene des attaques syst\u00e9matiques de l&rsquo;ennemi sioniste contre les journalistes et les photographes dans la bande de Gaza et dans le reste des territoires palestiniens occup\u00e9s. Le nombre de martyrs des m\u00e9dias a atteint environ 240 au cours des 22 derniers mois depuis le d\u00e9but de l&rsquo;agression isra\u00e9lienne, un chiffre qui n&rsquo;a pas \u00e9t\u00e9 observ\u00e9 durant un si\u00e8cle de guerres et de conflits mondiaux, r\u00e9v\u00e9lant l&rsquo;ampleur du crime isra\u00e9lien contre les m\u00e9dias et son m\u00e9pris flagrant de toutes les chartes et lois internationales relatives \u00e0 la protection des journalistes, en particulier dans les zones de conflit et de guerre.<\/p>\n\n\n\n<p class=\"wp-block-paragraph\">L&rsquo;Union de radiodiffusion des \u00c9tats arabes, r\u00e9it\u00e9rant son appel \u00e0 toutes les associations de presse, aux m\u00e9dias, aux d\u00e9fenseurs des droits de l&rsquo;homme et aux instances juridiques du monde pour qu&rsquo;ils condamnent sans r\u00e9serve ce crime r\u00e9current, exprime son admiration pour les journalistes de la bande de Gaza et leur rend hommage pour leur courage exceptionnel \u00e0 transmettre des informations v\u00e9ridiques qui documentent les crimes de l&rsquo;occupation, afin que les responsables puissent \u00eatre traduits en justice devant les instances internationales comp\u00e9tentes.<\/p>\n\n\n\n<p class=\"wp-block-paragraph\">De son c\u00f4t\u00e9, l&rsquo;Union de radiodiffusion des \u00c9tats arabes poursuit la mise en \u0153uvre de son plan de couverture exceptionnelle des \u00e9v\u00e9nements \u00e0 Gaza, en s&rsquo;associant \u00e0 des correspondants sp\u00e9ciaux op\u00e9rant dans la r\u00e9gion, tout en collaborant et en coordonnant avec l&rsquo;Autorit\u00e9 palestinienne de la radio et de la t\u00e9l\u00e9vision. Cela inclut la diffusion des documents produits et la couverture \u00e0 toutes les organisations de radio et de t\u00e9l\u00e9vision arabes via le syst\u00e8me syndical d&rsquo;\u00e9change d&rsquo;informations, ainsi que la transmission aux organisations de radio et de t\u00e9l\u00e9vision membres d&rsquo;autres unions r\u00e9gionales de radiodiffusion, y compris celles d&rsquo;Europe, d&rsquo;Asie, d&rsquo;Afrique et d&rsquo;Am\u00e9rique latine.<\/p>\n\n\n\n<p class=\"wp-block-paragraph\"><\/p>\n","protected":false},"excerpt":{"rendered":"<p>L&rsquo;Union de radiodiffusion des \u00c9tats arabes d\u00e9nonce le bombardement par l&rsquo;occupation isra\u00e9lienne d&rsquo;une tente de journalistes \u00e0 proximit\u00e9 de l&rsquo;h\u00f4pital Shifa \u00e0 Gaza, qui a caus\u00e9 la mort de plusieurs reporters et photographes. Hier, dimanche 10 ao\u00fbt 2025, l&rsquo;arm\u00e9e d&rsquo;occupation isra\u00e9lienne a perp\u00e9tr\u00e9 un nouvel acte criminel contre les \u00e9quipes de m\u00e9dias op\u00e9rant dans la [&hellip;]<\/p>\n","protected":false},"author":4,"featured_media":67317,"comment_status":"open","ping_status":"closed","sticky":false,"template":"","format":"standard","meta":{"content-type":"","jnews-multi-image_gallery":[],"jnews_single_post":{"format":"standard"},"jnews_primary_category":[],"jnews_override_bookmark_settings":[],"jnews_review":[],"enable_review":"","type":"","name":"","summary":"","brand":"","sku":"","good":[],"bad":[],"score_override":"","override_value":"","rating":[],"price":[],"jnews_post_split":[],"footnotes":""},"categories":[6,2],"tags":[15693,1959,12332,16104,16306,16305],"class_list":["post-67316","post","type-post","status-publish","format-standard","has-post-thumbnail","hentry","category-world","category-news-politique","tag-crimes-israeliens","tag-journalistes","tag-lunion-de-radiodiffusion-des-etats-arabes","tag-photographes","tag-reporters","tag-tente"],"_links":{"self":[{"href":"https:\/\/www.africanchallenges.com\/index.php?rest_route=\/wp\/v2\/posts\/67316","targetHints":{"allow":["GET"]}}],"collection":[{"href":"https:\/\/www.africanchallenges.com\/index.php?rest_route=\/wp\/v2\/posts"}],"about":[{"href":"https:\/\/www.africanchallenges.com\/index.php?rest_route=\/wp\/v2\/types\/post"}],"author":[{"embeddable":true,"href":"https:\/\/www.africanchallenges.com\/index.php?rest_route=\/wp\/v2\/users\/4"}],"replies":[{"embeddable":true,"href":"https:\/\/www.africanchallenges.com\/index.php?rest_route=%2Fwp%2Fv2%2Fcomments&post=67316"}],"version-history":[{"count":1,"href":"https:\/\/www.africanchallenges.com\/index.php?rest_route=\/wp\/v2\/posts\/67316\/revisions"}],"predecessor-version":[{"id":67318,"href":"https:\/\/www.africanchallenges.com\/index.php?rest_route=\/wp\/v2\/posts\/67316\/revisions\/67318"}],"wp:featuredmedia":[{"embeddable":true,"href":"https:\/\/www.africanchallenges.com\/index.php?rest_route=\/wp\/v2\/media\/67317"}],"wp:attachment":[{"href":"https:\/\/www.africanchallenges.com\/index.php?rest_route=%2Fwp%2Fv2%2Fmedia&parent=67316"}],"wp:term":[{"taxonomy":"category","embeddable":true,"href":"https:\/\/www.africanchallenges.com\/index.php?rest_route=%2Fwp%2Fv2%2Fcategories&post=67316"},{"taxonomy":"post_tag","embeddable":true,"href":"https:\/\/www.africanchallenges.com\/index.php?rest_route=%2Fwp%2Fv2%2Ftags&post=67316"}],"curies":[{"name":"wp","href":"https:\/\/api.w.org\/{rel}","templated":true}]}}