{"id":67310,"date":"2025-08-11T19:44:47","date_gmt":"2025-08-11T18:44:47","guid":{"rendered":"https:\/\/www.africanchallenges.com\/?p=67310"},"modified":"2025-08-11T19:44:48","modified_gmt":"2025-08-11T18:44:48","slug":"tunisie-cinquantieme-anniversaire-de-letablissement-des-relations-diplomatiques-entre-la-tunisie-et-les-philippine","status":"publish","type":"post","link":"https:\/\/www.africanchallenges.com\/?p=67310","title":{"rendered":"Tunisie : Cinquanti\u00e8me anniversaire de l\u2019\u00e9tablissement des relations diplomatiques entre la Tunisie et les Philippine"},"content":{"rendered":"\n<p class=\"wp-block-paragraph\">M. Mohamed Ali Nafti, Ministre des Affaires Etrang\u00e8res, de la Migration et des Tunisiens \u00e0 l\u2019Etranger, a re\u00e7u aujourd\u2019hui, lundi 11 ao\u00fbt 2025, au si\u00e8ge du Minist\u00e8re, M. Roderico C. Atienza, charg\u00e9 d\u2019affaires e.p. de l\u2019Ambassade des Philippines aupr\u00e8s de la R\u00e9publique Tunisienne.<\/p>\n\n\n\n<p class=\"wp-block-paragraph\">Cette rencontre a \u00e9t\u00e9 une occasion pour passer en revue l\u2019\u00e9tat des relations d\u2019amiti\u00e9 et de coop\u00e9ration entre les deux pays et pour examiner les moyens de les d\u00e9velopper et de les diversifier davantage, \u00e0 travers la mise en \u0153uvre du cadre juridique en vigueur et son enrichissement de mani\u00e8re \u00e0 soutenir les \u00e9changes \u00e9conomiques et commerciaux ainsi que l\u2019\u00e9change d\u2019expertise dans des domaines d\u2019int\u00e9r\u00eat commun tels que le tourisme et le changement climatique.<\/p>\n\n\n\n<p class=\"wp-block-paragraph\">Il a \u00e9galement \u00e9t\u00e9 convenu d\u2019\u00e9laborer un plan d\u2019action d\u00e9finissant le programme des principales activit\u00e9s bilat\u00e9rales \u00e0 court et moyen terme, y compris les rencontres et consultations entre les hauts responsables des deux pays.<\/p>\n\n\n\n<p class=\"wp-block-paragraph\">M. le Ministre a soulign\u00e9 l\u2019importance de la mise en \u0153uvre du m\u00e9canisme de consultations politiques mis en place entre les deux pays depuis 2015, ainsi que la n\u00e9cessit\u00e9 de pr\u00e9parer soigneusement les prochaines \u00e9ch\u00e9ances bilat\u00e9rales, notamment la c\u00e9l\u00e9bration du cinquanti\u00e8me anniversaire de l\u2019\u00e9tablissement des relations diplomatiques entre la Tunisie et les Philippines.<\/p>\n\n\n\n<p class=\"wp-block-paragraph\">Par ailleurs, les deux parties ont r\u00e9affirm\u00e9 l\u2019importance de l\u2019\u00e9change de soutien entre la Tunisie et les Philippines au niveau multilat\u00e9ral, ainsi que la coordination des positions diplomatiques en faveur de la juste cause palestinienne, notamment \u00e0 la lumi\u00e8re des graves d\u00e9veloppements humanitaires que conna\u00eet actuellement Gaza et son peuple r\u00e9sistant.<\/p>\n","protected":false},"excerpt":{"rendered":"<p>M. Mohamed Ali Nafti, Ministre des Affaires Etrang\u00e8res, de la Migration et des Tunisiens \u00e0 l\u2019Etranger, a re\u00e7u aujourd\u2019hui, lundi 11 ao\u00fbt 2025, au si\u00e8ge du Minist\u00e8re, M. Roderico C. Atienza, charg\u00e9 d\u2019affaires e.p. de l\u2019Ambassade des Philippines aupr\u00e8s de la R\u00e9publique Tunisienne. Cette rencontre a \u00e9t\u00e9 une occasion pour passer en revue l\u2019\u00e9tat des [&hellip;]<\/p>\n","protected":false},"author":4,"featured_media":67311,"comment_status":"open","ping_status":"closed","sticky":false,"template":"","format":"standard","meta":{"content-type":"","jnews-multi-image_gallery":[],"jnews_single_post":{"format":"standard"},"jnews_primary_category":[],"jnews_override_bookmark_settings":[],"jnews_review":[],"enable_review":"","type":"","name":"","summary":"","brand":"","sku":"","good":[],"bad":[],"score_override":"","override_value":"","rating":[],"price":[],"jnews_post_split":[],"footnotes":""},"categories":[2],"tags":[16299,12907,8428,1282,16300,54],"class_list":["post-67310","post","type-post","status-publish","format-standard","has-post-thumbnail","hentry","category-news-politique","tag-les-philippine","tag-mohamed-ali-nafti","tag-relations-diplomatiques","tag-rencontre","tag-roderico-c-atienza","tag-tunisie"],"_links":{"self":[{"href":"https:\/\/www.africanchallenges.com\/index.php?rest_route=\/wp\/v2\/posts\/67310","targetHints":{"allow":["GET"]}}],"collection":[{"href":"https:\/\/www.africanchallenges.com\/index.php?rest_route=\/wp\/v2\/posts"}],"about":[{"href":"https:\/\/www.africanchallenges.com\/index.php?rest_route=\/wp\/v2\/types\/post"}],"author":[{"embeddable":true,"href":"https:\/\/www.africanchallenges.com\/index.php?rest_route=\/wp\/v2\/users\/4"}],"replies":[{"embeddable":true,"href":"https:\/\/www.africanchallenges.com\/index.php?rest_route=%2Fwp%2Fv2%2Fcomments&post=67310"}],"version-history":[{"count":1,"href":"https:\/\/www.africanchallenges.com\/index.php?rest_route=\/wp\/v2\/posts\/67310\/revisions"}],"predecessor-version":[{"id":67312,"href":"https:\/\/www.africanchallenges.com\/index.php?rest_route=\/wp\/v2\/posts\/67310\/revisions\/67312"}],"wp:featuredmedia":[{"embeddable":true,"href":"https:\/\/www.africanchallenges.com\/index.php?rest_route=\/wp\/v2\/media\/67311"}],"wp:attachment":[{"href":"https:\/\/www.africanchallenges.com\/index.php?rest_route=%2Fwp%2Fv2%2Fmedia&parent=67310"}],"wp:term":[{"taxonomy":"category","embeddable":true,"href":"https:\/\/www.africanchallenges.com\/index.php?rest_route=%2Fwp%2Fv2%2Fcategories&post=67310"},{"taxonomy":"post_tag","embeddable":true,"href":"https:\/\/www.africanchallenges.com\/index.php?rest_route=%2Fwp%2Fv2%2Ftags&post=67310"}],"curies":[{"name":"wp","href":"https:\/\/api.w.org\/{rel}","templated":true}]}}