{"id":67244,"date":"2025-08-07T15:59:02","date_gmt":"2025-08-07T14:59:02","guid":{"rendered":"https:\/\/www.africanchallenges.com\/?p=67244"},"modified":"2025-08-07T15:59:03","modified_gmt":"2025-08-07T14:59:03","slug":"tunisie-autriche-cloture-de-la-38eme-edition-du-festival-international-de-musique-symphonique-del-jem-avec-le-celebre-violoniste-autrichienyury-revich","status":"publish","type":"post","link":"https:\/\/www.africanchallenges.com\/?p=67244","title":{"rendered":"Tunisie-Autriche : Cl\u00f4ture de la 38\u00e8me \u00e9dition du Festival International de Musique Symphonique d&rsquo;El Jem avec le c\u00e9l\u00e8bre violoniste autrichien,Yury Revich"},"content":{"rendered":"\n<p class=\"wp-block-paragraph\">Le concert de cl\u00f4ture de la 38\u00e8me \u00e9dition du Festival International de Musique Symphonique d&rsquo;El Jem se tiendra avec le c\u00e9l\u00e8bre violoniste Yury Revich le 16 ao\u00fbt. Un spectacle de musique classique sera pr\u00e9sent\u00e9 par l&rsquo;Orchestre Symphonique de Tunis, accompagn\u00e9 de jeunes musiciens talentueux d&rsquo;Autriche. <\/p>\n\n\n\n<p class=\"wp-block-paragraph\">Ce concert exceptionnel mettra en lumi\u00e8re les \u0153uvres intemporelles de Paganini et Schubert, interpr\u00e9t\u00e9es dans le cadre majestueux de l&rsquo;ancien amphith\u00e9\u00e2tre d&rsquo;El Jem. Sous la direction du chef d&rsquo;orchestre Shady GARFI, un programme remarquable comprenant la composition \u00ab AWAKENING \u00bb d&rsquo;un musicien et artiste autrichien pluridisciplinaire et innovant sera propos\u00e9 pour c\u00e9l\u00e9brer les 300 ans de relations diplomatiques entre la Tunisie et l&rsquo;Autriche.<\/p>\n\n\n\n<p class=\"wp-block-paragraph\">Yury Revich, originaire de Moscou, est un violoniste et compositeur classique autrichien d&rsquo;ascendance russe. En 2015, il a \u00e9t\u00e9 honor\u00e9 du titre de Jeune artiste de l&rsquo;ann\u00e9e par les International Classical Music Awards (ICMA) et a re\u00e7u le prix ECHO Klassik 2016 du Nouveau venu de l&rsquo;ann\u00e9e dans la cat\u00e9gorie violon. Il utilise un violon Stradivari de 1709, pr\u00eat\u00e9 par la Goh Family Foundation.<\/p>\n\n\n\n<p class=\"wp-block-paragraph\">Parmi ses autres r\u00e9compenses, on trouve le prix \u00ab Homme de l&rsquo;ann\u00e9e \u00bb d\u00e9cern\u00e9 par LOOK en Autriche ainsi que le Bernsteingeiger Award du Beethoven Center de Vienne. Son enregistrement de la musique du Chevalier de Saint-Georges a \u00e9t\u00e9 class\u00e9 dans le Billboard Top 100 Classical Charts et figure dans la bande originale de la s\u00e9rie La Chronique des Bridgerton sur Netflix.<\/p>\n\n\n\n<p class=\"wp-block-paragraph\">Il a b\u00e9n\u00e9fici\u00e9 d&rsquo;une bourse de la Fondation Mstislav Rostropovich et a particip\u00e9 aux fonds internationaux de bienfaisance de Nahum Guzik et de Vladimir Spivakov. En mai 2009, il a fait ses d\u00e9buts avec Daniil Trifonov au Carnegie Hall de New York.<\/p>\n\n\n\n<p class=\"wp-block-paragraph\">Il a donn\u00e9 son premier concert au Tonhalle de Zurich et \u00e0 la Scala de Milan (Italie) en 2013, o\u00f9 il a interpr\u00e9t\u00e9 le Concerto pour violon de Tcha\u00efkovski avec l&rsquo;Orchestra Sinfonica di Milano Giuseppe Verdi, sous la direction de Zhang Xian. Depuis lors, il se produit en tant que violoniste soliste dans des salles prestigieuses telles que la Salle dor\u00e9e du Musikverein de Vienne, la Philharmonie de Berlin, la Salle Pleyel, et Bozar \u00e0 Bruxelles\u2026<\/p>\n\n\n\n<p class=\"wp-block-paragraph\">En tant que compositeur, il a fait ses d\u00e9buts en solo \u00e0 la Salle Pleyel \u00e0 Paris en 2024 ; il a pr\u00e9sent\u00e9 la Premi\u00e8re de \u00ab Unity \u00bb dans la Grande Salle du Musikverein \u00e0 Vienne en 2023, ainsi que la Premi\u00e8re de son Premier Concerto pour Violon Awakening \u00e0 Salzbourg en 2022, et la Premi\u00e8re de sa Premi\u00e8re Symphonie Kaleidoscope \u00e0 Londres en 2023. Il a \u00e9galement particip\u00e9 \u00e0 Art Basel Paris+ en 2023, en tant que compositeur et directeur artistique du projet UNITY, ainsi qu&rsquo;au Festival de Cannes en 2023 et 2024, et au Festival Liszt en Autriche en 2023. De plus, il a \u00e9t\u00e9 sur la sc\u00e8ne principale de l&rsquo;Expo Universelle de Duba\u00ef en 2021 en tant que compositeur et directeur artistique. Il a pris part \u00e0 la Journ\u00e9e de la Terre du Programme des Nations Unies pour l\u2019Environnement (composition pour 100 musiciens du monde entier) en 2021, et a jou\u00e9 avec l&rsquo;Orchestre Symphonique de Munich et l&rsquo;Orchestre Symphonique de Berlin en 2023.<\/p>\n","protected":false},"excerpt":{"rendered":"<p>Le concert de cl\u00f4ture de la 38\u00e8me \u00e9dition du Festival International de Musique Symphonique d&rsquo;El Jem se tiendra avec le c\u00e9l\u00e8bre violoniste Yury Revich le 16 ao\u00fbt. Un spectacle de musique classique sera pr\u00e9sent\u00e9 par l&rsquo;Orchestre Symphonique de Tunis, accompagn\u00e9 de jeunes musiciens talentueux d&rsquo;Autriche. Ce concert exceptionnel mettra en lumi\u00e8re les \u0153uvres intemporelles de [&hellip;]<\/p>\n","protected":false},"author":4,"featured_media":67245,"comment_status":"open","ping_status":"closed","sticky":false,"template":"","format":"standard","meta":{"content-type":"","jnews-multi-image_gallery":[],"jnews_single_post":{"format":"standard"},"jnews_primary_category":[],"jnews_override_bookmark_settings":[],"jnews_review":[],"enable_review":"","type":"","name":"","summary":"","brand":"","sku":"","good":[],"bad":[],"score_override":"","override_value":"","rating":[],"price":[],"jnews_post_split":[],"footnotes":""},"categories":[17],"tags":[526,10506,16282],"class_list":["post-67244","post","type-post","status-publish","format-standard","has-post-thumbnail","hentry","category-entertainment","tag-cloture","tag-festival-international-de-musique-symphonique-del-jem","tag-yury-revich"],"_links":{"self":[{"href":"https:\/\/www.africanchallenges.com\/index.php?rest_route=\/wp\/v2\/posts\/67244","targetHints":{"allow":["GET"]}}],"collection":[{"href":"https:\/\/www.africanchallenges.com\/index.php?rest_route=\/wp\/v2\/posts"}],"about":[{"href":"https:\/\/www.africanchallenges.com\/index.php?rest_route=\/wp\/v2\/types\/post"}],"author":[{"embeddable":true,"href":"https:\/\/www.africanchallenges.com\/index.php?rest_route=\/wp\/v2\/users\/4"}],"replies":[{"embeddable":true,"href":"https:\/\/www.africanchallenges.com\/index.php?rest_route=%2Fwp%2Fv2%2Fcomments&post=67244"}],"version-history":[{"count":1,"href":"https:\/\/www.africanchallenges.com\/index.php?rest_route=\/wp\/v2\/posts\/67244\/revisions"}],"predecessor-version":[{"id":67246,"href":"https:\/\/www.africanchallenges.com\/index.php?rest_route=\/wp\/v2\/posts\/67244\/revisions\/67246"}],"wp:featuredmedia":[{"embeddable":true,"href":"https:\/\/www.africanchallenges.com\/index.php?rest_route=\/wp\/v2\/media\/67245"}],"wp:attachment":[{"href":"https:\/\/www.africanchallenges.com\/index.php?rest_route=%2Fwp%2Fv2%2Fmedia&parent=67244"}],"wp:term":[{"taxonomy":"category","embeddable":true,"href":"https:\/\/www.africanchallenges.com\/index.php?rest_route=%2Fwp%2Fv2%2Fcategories&post=67244"},{"taxonomy":"post_tag","embeddable":true,"href":"https:\/\/www.africanchallenges.com\/index.php?rest_route=%2Fwp%2Fv2%2Ftags&post=67244"}],"curies":[{"name":"wp","href":"https:\/\/api.w.org\/{rel}","templated":true}]}}