{"id":67237,"date":"2025-08-07T15:12:28","date_gmt":"2025-08-07T14:12:28","guid":{"rendered":"https:\/\/www.africanchallenges.com\/?p=67237"},"modified":"2025-08-07T15:12:29","modified_gmt":"2025-08-07T14:12:29","slug":"conference-internationale-de-haut-niveau-des-nations-unies-declaration-de-new-york-sur-le-reglement-pacifique-de-la-question-de-palestine-et-la-mise-en-oeuvre-de-la-solution-des-deux-etats","status":"publish","type":"post","link":"https:\/\/www.africanchallenges.com\/?p=67237","title":{"rendered":"Conf\u00e9rence internationale de haut niveau des Nations Unies: D\u00e9claration de New York sur le r\u00e8glement pacifique de la question de Palestine et la mise en \u0153uvre de la solution des deux \u00c9tats"},"content":{"rendered":"\n<p class=\"wp-block-paragraph\">D\u00e9claration des copr\u00e9sidents de la conf\u00e9rence&nbsp;: la R\u00e9publique fran\u00e7aise et le Royaume d\u2019Arabie saoudite, et des copr\u00e9sidents des groupes de travail&nbsp;:<br>La R\u00e9publique f\u00e9d\u00e9rative du Br\u00e9sil, le Canada, la R\u00e9publique arabe d\u2019\u00c9gypte, le Royaume d\u2019Espagne, le R\u00e9publique d\u2019Indon\u00e9sie, l\u2019Irlande, la R\u00e9publique italienne, le Japon, le Royaume hach\u00e9mite de Jordanie, les \u00c9tats-Unis du Mexique, le Royaume de Norv\u00e8ge, l\u2019\u00c9tat du Qatar, le Royaume-Uni de Grande-Bretagne et d\u2019Irlande du Nord, la R\u00e9publique du S\u00e9n\u00e9gal, la R\u00e9publique de Turquie, la Ligue des \u00c9tats arabes et l\u2019Union europ\u00e9enne.<\/p>\n\n\n\n<p class=\"wp-block-paragraph\">1. Nous, chefs d\u2019\u00c9tats et de gouvernement et repr\u00e9sentants, nous sommes r\u00e9unis au si\u00e8ge des Nations Unies \u00e0 New York du 28 au 30 juillet 2025, \u00e0 un moment d\u2019une importance historique pour la paix, la s\u00e9curit\u00e9 et la stabilit\u00e9 au Moyen-Orient.<\/p>\n\n\n\n<p class=\"wp-block-paragraph\">2. Nous sommes convenus de prendre ensemble des mesures pour mettre fin \u00e0 la guerre \u00e0 Gaza, parvenir \u00e0 un r\u00e8glement juste, pacifique et durable du conflit isra\u00e9lo-palestinien reposant sur une mise en \u0153uvre v\u00e9ritable de la solution des deux \u00c9tats, et b\u00e2tir un avenir meilleur pour les Palestiniens, les Isra\u00e9liens et l\u2019ensemble des peuples de la r\u00e9gion.<\/p>\n\n\n\n<p class=\"wp-block-paragraph\">3. Les \u00e9v\u00e9nements r\u00e9cents ont montr\u00e9, une fois de plus et plus que jamais, le co\u00fbt humain terrible et les graves implications pour la paix et la s\u00e9curit\u00e9 r\u00e9gionales et internationales de la persistance du conflit au Proche-Orient. En l\u2019absence de mesures d\u00e9cisives en faveur de la solution des deux \u00c9tats et de garanties internationales solides, le conflit s\u2019aggravera et la paix r\u00e9gionale demeurera impossible \u00e0 atteindre.<\/p>\n\n\n\n<p class=\"wp-block-paragraph\">4. Nous avons r\u00e9affirm\u00e9 notre condamnation de toutes les attaques contre des civils, par toute partie au conflit, notamment des actes de terrorisme et des attaques indiscrimin\u00e9es, et de toutes les attaques contre des biens civils, des actes de provocation, de l\u2019incitation \u00e0 la haine et des destructions. Nous rappelons que la prise d\u2019otages est interdite par le droit international. Nous r\u00e9affirmons notre rejet de toute action pouvant entra\u00eener des changements territoriaux ou d\u00e9mographiques, et notamment des d\u00e9placements forc\u00e9s de la population civile palestinienne, qui constituent une violation flagrante du droit international humanitaire. Nous condamnons les attaques perp\u00e9tr\u00e9es le 7 octobre par le Hamas contre des civils. Nous condamnons \u00e9galement les attaques perp\u00e9tr\u00e9es par Isra\u00ebl contre des civils et des infrastructures civiles dans la bande de Gaza, ainsi que le si\u00e8ge et la famine impos\u00e9s aux populations civiles, qui ont entra\u00een\u00e9 une catastrophe humanitaire d\u00e9vastatrice et une situation de crise pour la protection des populations. Rien ne peut justifier des violations graves du droit international, et notamment du droit international humanitaire, et nous soulignons la n\u00e9cessit\u00e9 d\u2019assurer la reddition des comptes.<\/p>\n\n\n\n<p class=\"wp-block-paragraph\">5. La guerre, l\u2019occupation, la terreur et les d\u00e9placements forc\u00e9s ne peuvent en aucune fa\u00e7on conduire \u00e0 la paix ou \u00e0 la s\u00e9curit\u00e9. Seule une solution politique le peut . La fin du conflit isra\u00e9lo-palestinien et la mise en \u0153uvre de la solution des deux \u00c9tats sont le seul moyen de r\u00e9pondre aux aspirations l\u00e9gitimes des Isra\u00e9liens et des Palestiniens, conform\u00e9ment au droit international, et la meilleure fa\u00e7on de mettre un terme \u00e0 la violence sous toutes ses formes et au r\u00f4le d\u00e9stabilisateur des acteurs non \u00e9tatiques, de mettre fin au terrorisme et \u00e0 la violence sous toutes leurs formes, de garantir la s\u00e9curit\u00e9 des deux peuples et la souverainet\u00e9 des deux \u00c9tats, et de faire pr\u00e9valoir la paix, la prosp\u00e9rit\u00e9 et l\u2019int\u00e9gration r\u00e9gionale au profit de tous les peuples de la r\u00e9gion.<\/p>\n\n\n\n<p class=\"wp-block-paragraph\">6. Nous nous sommes donc engag\u00e9s \u00e0 prendre des mesures tangibles et irr\u00e9versibles s\u2019inscrivant dans un calendrier pr\u00e9cis pour r\u00e9gler pacifiquement la question de Palestine et mettre en \u0153uvre la solution des deux \u00c9tats, pour parvenir, gr\u00e2ce \u00e0 des actions concr\u00e8tes et aussi rapidement que possible, \u00e0 la mise en place d\u2019un \u00c9tat de Palestine ind\u00e9pendant, souverain, \u00e9conomiquement viable et d\u00e9mocratique, vivant c\u00f4te \u00e0 c\u00f4te en paix et en s\u00e9curit\u00e9 avec Isra\u00ebl, ce qui permettra une pleine int\u00e9gration r\u00e9gionale et une reconnaissance mutuelle.<\/p>\n\n\n\n<p class=\"wp-block-paragraph\">7. \u00c0 cette fin, nous sommes convenus de soutenir, dans le cadre d\u2019un processus assorti de d\u00e9lais, la conclusion et la mise en \u0153uvre d\u2019un accord de paix juste et global entre Isra\u00ebl et la Palestine, conform\u00e9ment aux r\u00e9solutions pertinentes des Nations Unies, au mandat de Madrid, notamment le principe de l\u2019\u00e9change de territoires contre la paix, et \u00e0 l\u2019initiative arabe de paix, en mettant fin \u00e0 l\u2019occupation, en r\u00e9glant l\u2019ensemble des questions en suspens et relatives au statut final, ainsi que l\u2019ensemble des revendications, en parvenant \u00e0 une paix juste et durable, en garantissant la s\u00e9curit\u00e9 pour tous, et en favorisant la pleine int\u00e9gration r\u00e9gionale et la reconnaissance mutuelle au Moyen-Orient, dans le plein respect de la souverainet\u00e9 de tous les \u00c9tats.<\/p>\n\n\n\n<p class=\"wp-block-paragraph\"><strong>Mettre fin \u00e0 la guerre dans la bande de Gaza et garantir la s\u00e9curit\u00e9 des Palestiniens et des Isra\u00e9liens pour le jour d\u2019apr\u00e8s<\/strong><\/p>\n\n\n\n<p class=\"wp-block-paragraph\">8. La guerre \u00e0 Gaza doit cesser imm\u00e9diatement. Nous avons affirm\u00e9 notre soutien aux efforts men\u00e9s par l\u2019\u00c9gypte, les \u00c9tats-Unis et le Qatar pour que les parties reprennent imm\u00e9diatement la mise en \u0153uvre de l\u2019accord de cessez-le-feu dans toutes ses phases afin de mettre fin aux hostilit\u00e9s de mani\u00e8re permanente, de permettre la lib\u00e9ration de tous des otages, l\u2019\u00e9change de prisonniers palestiniens, la restitution de l\u2019ensemble des d\u00e9pouilles et le retrait total des forces isra\u00e9liennes de la bande de Gaza et nous avons r\u00e9it\u00e9r\u00e9 notre d\u00e9termination \u00e0 agir pour atteindre ces objectifs. Dans ce contexte, le Hamas doit lib\u00e9rer tous les otages.<\/p>\n\n\n\n<p class=\"wp-block-paragraph\">9. Nous avons exig\u00e9 l\u2019acheminement imm\u00e9diat, s\u00fbr, inconditionnel et sans entrave de l\u2019aide humanitaire en quantit\u00e9 importante par tous les points de passage et dans toute la bande de Gaza, en coordination avec les Nations Unies et le Comit\u00e9 international de la Croix-Rouge, et conform\u00e9ment aux principes humanitaires. Pour cela, il est n\u00e9cessaire qu\u2019Isra\u00ebl, la puissance occupante, l\u00e8ve les restrictions et ouvre les points de passage aux fronti\u00e8res, et il est indispensable d\u2019assurer la reprise de la fourniture d\u2019\u00e9lectricit\u00e9 et l\u2019entr\u00e9e des carburants, du mat\u00e9riel m\u00e9dical, de la nourriture, de l\u2019eau et d\u2019autres fournitures essentielles. Nous avons rappel\u00e9 que le personnel des Nations Unies et le personnel humanitaire doivent \u00eatre prot\u00e9g\u00e9s et pouvoir travailler efficacement. Nous avons soulign\u00e9 notre refus de l\u2019utilisation de la famine comme instrument de guerre, qui est contraire au droit international, et l\u2019importance de prendre des mesures imm\u00e9diates pour lutter contre l\u2019augmentation rapide des cas de famine et pr\u00e9venir une famine de grande ampleur \u00e0 Gaza.<\/p>\n\n\n\n<p class=\"wp-block-paragraph\">10. La bande de Gaza fait partie int\u00e9grante d\u2019un \u00c9tat de Palestine et doit \u00eatre unifi\u00e9e avec la Cisjordanie. Toute occupation, si\u00e8ge, amputation territoriale ou d\u00e9placement forc\u00e9 sont exclus.<\/p>\n\n\n\n<p class=\"wp-block-paragraph\">11. La gouvernance, les services de police et de justice et la s\u00e9curit\u00e9 dans l\u2019ensemble des territoires palestiniens doivent incomber de mani\u00e8re exclusive \u00e0 l\u2019Autorit\u00e9 palestinienne, avec un soutien appropri\u00e9 de la communaut\u00e9 internationale. Nous avons accueilli favorablement la strat\u00e9gie de l\u2019Autorit\u00e9 palestinienne d\u00e9nomm\u00e9e \u00ab&nbsp;Un seul \u00c9tat, un seul gouvernement, une seule loi, un seul monopole de la violence arm\u00e9e&nbsp;\u00bb et nous nous sommes engag\u00e9s \u00e0 en soutenir la mise en \u0153uvre notamment par le processus n\u00e9cessaire de DDR (d\u00e9sarmement, d\u00e9mobilisation et r\u00e9int\u00e9gration) qui doit \u00eatre men\u00e9 \u00e0 bien dans le cadre d\u2019un m\u00e9canisme convenu avec les partenaires internationaux et d\u2019un calendrier d\u00e9fini. Dans le contexte de l\u2019ach\u00e8vement de la guerre \u00e0 Gaza , le Hamas doit cesser d\u2019exercer son autorit\u00e9 sur la bande de Gaza et remettre ses armes \u00e0 l\u2019Autorit\u00e9 palestinienne, avec le soutien et la collaboration de la communaut\u00e9 internationale, conform\u00e9ment \u00e0 l\u2019objectif d\u2019un \u00c9tat de Palestine souverain et ind\u00e9pendant.<\/p>\n\n\n\n<p class=\"wp-block-paragraph\">12. Nous avons soutenu la prompte mise en \u0153uvre du plan de reconstruction de la Ligue arabe et de l\u2019Organisation de la conf\u00e9rence islamique visant un rel\u00e8vement pr\u00e9coce et une reconstruction rapides dans la bande de Gaza tout en garantissant que les Palestiniens puissent demeurer sur leur territoire. \u00c0 cet effet, nous avons encourag\u00e9 l\u2019ensemble des \u00c9tats et des partenaires r\u00e9gionaux et internationaux \u00e0 participer activement \u00e0 la conf\u00e9rence pour le rel\u00e8vement et la reconstruction de Gaza, qui se tiendra prochainement au Caire.<\/p>\n\n\n\n<p class=\"wp-block-paragraph\">13. Une fois le cessez-le-feu r\u00e9tabli, un comit\u00e9 administratif de transition doit \u00eatre imm\u00e9diatement mis en place et op\u00e9rer \u00e0 Gaza sous l\u2019\u00e9gide de l\u2019Autorit\u00e9 palestinienne.<\/p>\n\n\n\n<p class=\"wp-block-paragraph\">14. Nous avons appel\u00e9 les \u00c9tats membres, les Nations Unies et leurs institutions, et les organisations internationales \u00e0 fournir des ressources et de l\u2019aide en quantit\u00e9 importante pour appuyer le rel\u00e8vement et la reconstruction, notamment par le biais d\u2019un fonds d\u2019affectation sp\u00e9ciale international d\u00e9di\u00e9 \u00e0 la reconstruction. Nous avons soulign\u00e9 le r\u00f4le indispensable de l\u2019Office de secours et de travaux des Nations Unies pour les r\u00e9fugi\u00e9s de Palestine dans le Proche-Orient (UNRWA) et nous avons exprim\u00e9 notre engagement \u00e0 continuer d\u2019appuyer l\u2019office dans la mise en \u0153uvre de son mandat, notamment gr\u00e2ce un financement adapt\u00e9, et avons salu\u00e9 son engagement et les efforts qu\u2019il d\u00e9ploie pour appliquer les recommandations du rapport Colonna. Lorsqu\u2019une solution juste au probl\u00e8me des r\u00e9fugi\u00e9s palestiniens sera trouv\u00e9e, conform\u00e9ment \u00e0 la r\u00e9solution 194 de l\u2019Assembl\u00e9e g\u00e9n\u00e9rale des Nations Unies, l\u2019UNRWA remettra ses services \u00ab&nbsp;publics&nbsp;\u00bb dans le territoire palestinien aux institutions palestiniennes d\u00fbment habilit\u00e9es et pr\u00e9par\u00e9es.<\/p>\n\n\n\n<p class=\"wp-block-paragraph\">15. Nous avons soutenu le d\u00e9ploiement d\u2019une mission internationale temporaire de stabilisation, \u00e0 l\u2019invitation de l\u2019Autorit\u00e9 palestinienne, sous l\u2019\u00e9gide des Nations Unies et dans le respect des principes des Nations Unies, reposant sur les capacit\u00e9s onusiennes existantes, et mandat\u00e9e par le Conseil de s\u00e9curit\u00e9 des Nations Unies, avec un appui r\u00e9gional et international appropri\u00e9. Nous avons not\u00e9 avec satisfaction que plusieurs \u00c9tats membres \u00e9taient dispos\u00e9s \u00e0 mettre des troupes \u00e0 sa disposition.<\/p>\n\n\n\n<p class=\"wp-block-paragraph\">16. Cette mission, qui pourrait \u00e9voluer en fonction des besoins, fournirait une protection \u00e0 la population civile palestinienne, appuierait le transfert des responsabilit\u00e9s en mati\u00e8re de s\u00e9curit\u00e9 int\u00e9rieure \u00e0 l\u2019Autorit\u00e9 palestinienne, soutiendrait le renforcement des capacit\u00e9s de l\u2019\u00c9tat palestinien et de ses forces de s\u00e9curit\u00e9 et apporterait des garanties de s\u00e9curit\u00e9 \u00e0 la Palestine et \u00e0 Isra\u00ebl, notamment le suivi du cessez-le-feu et d\u2019un futur accord de paix, dans le plein respect de leur souverainet\u00e9.<\/p>\n\n\n\n<p class=\"wp-block-paragraph\">17. Nous nous sommes engag\u00e9s \u00e0 soutenir le gouvernement et les forces de s\u00e9curit\u00e9 palestiniens, gr\u00e2ce \u00e0 des programmes de financement de partenaires r\u00e9gionaux et internationaux, assortis de contr\u00f4les, \u00e9quipements, formations et recommandations appropri\u00e9s, en mettant \u00e0 profit l\u2019exp\u00e9rience de m\u00e9canismes comme le Coordinateur en mati\u00e8re de s\u00e9curit\u00e9 des \u00c9tats-Unis pour Isra\u00ebl et l\u2019Autorit\u00e9 palestinienne (USSC), la mission de soutien \u00e0 la police dans les territoires palestiniens (EUPOLCOPPS) ou la mission d\u2019assistance \u00e0 la fronti\u00e8re au point de passage de Rafah de l\u2019Union europ\u00e9enne (EUBAM Rafah).<\/p>\n\n\n\n<p class=\"wp-block-paragraph\">18. Nous nous sommes \u00e9galement engag\u00e9s \u00e0 soutenir, en Isra\u00ebl et en Palestine, des mesures et programmes sur l\u2019ensemble des plateformes et visant tous les acteurs, pour lutter contre la radicalisation, les provocations, la d\u00e9shumanisation, l\u2019extr\u00e9misme violent favorisant le terrorisme, les discriminations et les discours de haine, \u00e0 promouvoir une culture de paix \u00e0 l\u2019\u00e9cole ainsi qu\u2019\u00e0 appuyer l\u2019action de la soci\u00e9t\u00e9 civile et le dialogue avec celle-ci. Nous nous sommes f\u00e9licit\u00e9s des efforts en cours pour moderniser le programme scolaire palestinien et avons appel\u00e9 Isra\u00ebl \u00e0 d\u00e9ployer des efforts en ce sens. Nous avons soutenu la mise en place d\u2019un m\u00e9canisme international de suivi pour v\u00e9rifier le respect de ces objectifs par les deux parties.<\/p>\n\n\n\n<p class=\"wp-block-paragraph\"><strong>Permettre la cr\u00e9ation d\u2019un \u00c9tat de Palestine souverain et \u00e9conomiquement viable, vivant c\u00f4te \u00e0 c\u00f4te en paix et en s\u00e9curit\u00e9 avec Isra\u00ebl<\/strong><\/p>\n\n\n\n<p class=\"wp-block-paragraph\">19. Nous avons r\u00e9affirm\u00e9 notre soutien ind\u00e9fectible, conform\u00e9ment au droit international et aux r\u00e9solutions pertinentes des Nations Unies, \u00e0 la mise en \u0153uvre de la solution des deux \u00c9tats, avec deux \u00c9tats d\u00e9mocratiques et souverains, la Palestine et Isra\u00ebl, vivant c\u00f4te \u00e0 c\u00f4te en paix et en s\u00e9curit\u00e9, au sein de fronti\u00e8res s\u00fbres et reconnues, selon les lignes de 1967, y compris en ce qui concerne J\u00e9rusalem.<\/p>\n\n\n\n<p class=\"wp-block-paragraph\">20. Nous avons not\u00e9 avec satisfaction les engagements que le Pr\u00e9sident palestinien, Mahmoud Abbas, a exprim\u00e9s dans sa lettre en date du 9 juin 2025, qui comprennent notamment le r\u00e8glement pacifique de la question de Palestine et le rejet constant de la violence et du terrorisme. Nous nous sommes \u00e9galement f\u00e9licit\u00e9s de la d\u00e9claration du Pr\u00e9sident Abbas selon laquelle l\u2019\u00c9tat palestinien doit \u00eatre le seul \u00e0 assurer la s\u00e9curit\u00e9 sur son territoire mais n\u2019a pas l\u2019intention de devenir un \u00c9tat militaris\u00e9 et est pr\u00eat \u00e0 travailler \u00e0 des arrangements de s\u00e9curit\u00e9 b\u00e9n\u00e9fiques pour toutes les parties, dans le plein respect de sa souverainet\u00e9 et pour autant qu\u2019il b\u00e9n\u00e9ficie de la protection internationale.<\/p>\n\n\n\n<p class=\"wp-block-paragraph\">21. Nous avons r\u00e9affirm\u00e9 la n\u00e9cessit\u00e9 pour l\u2019Autorit\u00e9 palestinienne de continuer \u00e0 mettre en \u0153uvre un programme de r\u00e9formes cr\u00e9dible, avec le soutien de la communaut\u00e9 internationale, notamment de la Ligue des \u00c9tats arabes et de l\u2019Union europ\u00e9enne, en mettant l\u2019accent sur la bonne gouvernance, la transparence, la viabilit\u00e9 des finances publiques, la lutte contre l\u2019incitation \u00e0 la violence et les discours de haine, la fourniture de services, l\u2019environnement des affaires et le d\u00e9veloppement.<\/p>\n\n\n\n<p class=\"wp-block-paragraph\">22. Nous avons \u00e9galement not\u00e9 avec satisfaction l\u2019engagement pris par le Pr\u00e9sident Abbas d\u2019organiser des \u00e9lections pr\u00e9sidentielle et g\u00e9n\u00e9rales transparentes et d\u00e9mocratiques dans l\u2019ensemble des territoires palestiniens occup\u00e9s, y compris J\u00e9rusalem-Est, dans un d\u00e9lai d\u2019un an, sous supervision internationale, facilitant une comp\u00e9tition d\u00e9mocratique entre acteurs palestiniens engag\u00e9s \u00e0 respecter le programme politique et les engagements internationaux de l\u2019Organisation de lib\u00e9ration de la Palestine (OLP), les r\u00e9solutions pertinentes des Nations Unies ainsi que le principe \u00ab&nbsp;Un seul \u00c9tat, un seul gouvernement, une seule loi, un seul monopole de la violence arm\u00e9e&nbsp;\u00bb, et permettant ainsi \u00e0 une nouvelle g\u00e9n\u00e9ration de repr\u00e9sentants \u00e9lus d\u2019acc\u00e9der aux responsabilit\u00e9s. \u00c0 l\u2019invitation de l\u2019Autorit\u00e9 palestinienne, l\u2019Union europ\u00e9enne s\u2019est engag\u00e9e \u00e0 poursuivre son soutien au processus \u00e9lectoral.<\/p>\n\n\n\n<p class=\"wp-block-paragraph\">23. Nous avons appel\u00e9 les dirigeants isra\u00e9liens \u00e0 prendre un engagement public clair en faveur de la solution des deux \u00c9tats, qui pr\u00e9voie un \u00c9tat palestinien viable et souverain, \u00e0 mettre un terme imm\u00e9diat \u00e0 la violence et \u00e0 l\u2019incitation \u00e0 la haine contre les Palestiniens, \u00e0 mettre fin imm\u00e9diatement \u00e0 toutes les activit\u00e9s de colonisation, d\u2019appropriation et d\u2019annexion des terres dans les territoires palestiniens occup\u00e9s, y compris J\u00e9rusalem-Est, \u00e0 renoncer publiquement \u00e0 tout projet d\u2019annexion ou politique de colonisation et \u00e0 faire cesser la violence des colons, notamment en mettant en \u0153uvre la r\u00e9solution 904 du Conseil de s\u00e9curit\u00e9 des Nations Unies et en adoptant une loi pour punir et dissuader les colons violents et leurs actes ill\u00e9gaux.<\/p>\n\n\n\n<p class=\"wp-block-paragraph\">24. Nous avons demand\u00e9 aux deux parties de poursuivre leurs efforts pour que les partis politiques adh\u00e8rent aux principes de non-violence et de reconnaissance mutuelle et \u00e0 la solution des deux \u00c9tats.<\/p>\n\n\n\n<p class=\"wp-block-paragraph\">25. Nous avons r\u00e9affirm\u00e9 notre soutien au droit du peuple palestinien \u00e0 l\u2019autod\u00e9termination. Prenant note du fait qu\u2019il n\u2019existe aucune n\u00e9gociation en cours entre les parties et que les mesures unilat\u00e9rales ill\u00e9gales constituent une menace existentielle pour la cr\u00e9ation d\u2019un \u00c9tat de Palestine ind\u00e9pendant, nous avons r\u00e9affirm\u00e9 que la reconnaissance et la cr\u00e9ation de l\u2019\u00c9tat de Palestine sont une composante essentielle et indispensable de la r\u00e9alisation de la solution des deux \u00c9tats, tout en rappelant que la reconnaissance est une d\u00e9cision souveraine revenant \u00e0 chaque \u00c9tat. L\u2019admission pleine et enti\u00e8re de l\u2019\u00c9tat de Palestine aux Nations Unies constitue un \u00e9l\u00e9ment indispensable \u00e0 la solution politique qui mettra fin au conflit et permettra l\u2019int\u00e9gration r\u00e9gionale totale.<\/p>\n\n\n\n<p class=\"wp-block-paragraph\">26. Nous nous sommes engag\u00e9s \u00e0 mobiliser des soutiens politique et financier au profit de l\u2019Autorit\u00e9 palestinienne dans son action r\u00e9formatrice pour l\u2019aider \u00e0 renforcer ses capacit\u00e9s institutionnelles, \u00e0 mettre en \u0153uvre son programme de r\u00e9formes et \u00e0 assumer ses responsabilit\u00e9s dans l\u2019ensemble des territoires palestiniens occup\u00e9s. \u00c0 cet effet, nous avons demand\u00e9 \u00e0 d\u2019autres \u00c9tats de s\u2019engager \u00e0 accro\u00eetre leur aide budg\u00e9taire, aux c\u00f4t\u00e9s de l\u2019UE et d\u2019autres donateurs, et \u00e0 organiser d\u00e8s que possible une r\u00e9union internationale des donateurs.<\/p>\n\n\n\n<p class=\"wp-block-paragraph\">27. Nous sommes convenus de promouvoir le d\u00e9veloppement \u00e9conomique de la Palestine, de faciliter le commerce et d\u2019am\u00e9liorer la comp\u00e9titivit\u00e9 du secteur priv\u00e9 palestinien. Nous avons appel\u00e9 \u00e0 la lev\u00e9e des restrictions en mati\u00e8re d\u2019acc\u00e8s et de circulation et \u00e0 la lib\u00e9ration imm\u00e9diate des recettes fiscales palestiniennes bloqu\u00e9es, et nous nous sommes engag\u00e9s \u00e0 revoir le Protocole de Paris relatif aux relations \u00e9conomiques (1994), \u00e0 mettre en place un nouveau cadre pour le transfert des revenus douaniers afin que les Palestiniens contr\u00f4lent la fiscalit\u00e9, \u00e0 permettre l\u2019int\u00e9gration pleine et enti\u00e8re de la Palestine dans le syst\u00e8me mon\u00e9taire et financier international et \u00e0 garantir des relations de correspondance bancaires durables \u00e0 long terme.<\/p>\n\n\n\n<p class=\"wp-block-paragraph\"><strong>Pr\u00e9server la solution des deux \u00c9tats face aux mesures unilat\u00e9rales<\/strong><\/p>\n\n\n\n<p class=\"wp-block-paragraph\">28. Nous avons soulign\u00e9 que le respect de la Charte des Nations Unies et du droit international est une composante essentielle de la paix et de la s\u00e9curit\u00e9 dans la r\u00e9gion.<\/p>\n\n\n\n<p class=\"wp-block-paragraph\">29. Nous nous sommes engag\u00e9s \u00e0 prot\u00e9ger les efforts de paix face aux \u00e9ventuels fauteurs de troubles qui cherchent \u00e0 faire \u00e9chouer la mise en \u0153uvre de la solution des deux \u00c9tats par des mesures unilat\u00e9rales ill\u00e9gales et des actions violentes.<\/p>\n\n\n\n<p class=\"wp-block-paragraph\">30. Nous avons r\u00e9affirm\u00e9 notre vive opposition \u00e0 toutes les actions ill\u00e9gales des deux parties qui compromettent la viabilit\u00e9 de la solution des deux \u00c9tats, notamment les activit\u00e9s de colonisation, et nous avons exprim\u00e9 notre d\u00e9termination \u00e0 prendre des mesures concr\u00e8tes, conform\u00e9ment au droit international, et en phase avec les r\u00e9solutions pertinentes des Nations Unies et \u00e0 l\u2019avis consultatif de la Cour internationale de justice du 19 juillet 2024, pour aider le peuple palestinien \u00e0 exercer son droit \u00e0 l\u2019autod\u00e9termination et lutter contre la politique de colonisation ill\u00e9gale dans les territoires palestiniens occup\u00e9s, y compris J\u00e9rusalem-Est, ainsi que les mesures et menaces de d\u00e9placements forc\u00e9s et d\u2019annexion.<\/p>\n\n\n\n<p class=\"wp-block-paragraph\">31. Nous avons appel\u00e9 au respect du statu quo historique l\u00e9gal sur les lieux saints musulmans et chr\u00e9tiens \u00e0 J\u00e9rusalem, sans le modifier et soulignons le r\u00f4le essentiel de gardien jou\u00e9 par la monarchie hach\u00e9mite \u00e0 cet \u00e9gard. Nous soutenons \u00e9galement le r\u00f4le jou\u00e9 par le D\u00e9partement des Affaires du Waqf de J\u00e9rusalem et de la mosqu\u00e9e al-Aqsa sous administration jordanienne.<\/p>\n\n\n\n<p class=\"wp-block-paragraph\">32. Nous nous sommes engag\u00e9s \u00e0 adopter des mesures restrictives contre les colons extr\u00e9mistes violents et les entit\u00e9s et personnes qui soutiennent la colonisation ill\u00e9gale, conform\u00e9ment au droit international.<\/p>\n\n\n\n<p class=\"wp-block-paragraph\">33. Nous nous sommes engag\u00e9s \u00e0 adopter des mesures cibl\u00e9es, conform\u00e9ment au droit international, contre les entit\u00e9s et les personnes qui ne respectent pas le principe du r\u00e8glement pacifique de la question de Palestine, en commettant des actes de violence ou de terrorisme en violation du droit international.<\/p>\n\n\n\n<p class=\"wp-block-paragraph\"><strong>Parvenir \u00e0 l\u2019int\u00e9gration r\u00e9gionale en mettant fin au conflit isra\u00e9lo-palestinien<\/strong><\/p>\n\n\n\n<p class=\"wp-block-paragraph\">34. L\u2019int\u00e9gration r\u00e9gionale et la cr\u00e9ation d\u2019un \u00c9tat palestinien ind\u00e9pendant sont des objectifs indissociables. La fin du conflit isra\u00e9lo-palestinien, qui est au c\u0153ur du conflit isra\u00e9lo-arabe, est un imp\u00e9ratif pour la paix, la stabilit\u00e9 et l\u2019int\u00e9gration de la r\u00e9gion. Seuls la fin de la guerre \u00e0 Gaza, la lib\u00e9ration de tous les otages, la fin de l\u2019occupation, le rejet de la violence et de la terreur, la cr\u00e9ation d\u2019un \u00c9tat palestinien ind\u00e9pendant, souverain et d\u00e9mocratique, la fin de l\u2019occupation de tous les territoires arabes, et des garanties de s\u00e9curit\u00e9 solides apport\u00e9es \u00e0 Isra\u00ebl et \u00e0 la Palestine peuvent permettre la normalisation des relations et la coexistence entre les peuples et les \u00c9tats de la r\u00e9gion.<\/p>\n\n\n\n<p class=\"wp-block-paragraph\">35. Nous sommes convenus de prendre des mesures concr\u00e8tes pour promouvoir la reconnaissance mutuelle, la coexistence pacifique et la coop\u00e9ration entre tous les \u00c9tats de la r\u00e9gion, en lien avec une mise en \u0153uvre irr\u00e9versible de la solution des deux \u00c9tats.<\/p>\n\n\n\n<p class=\"wp-block-paragraph\">36. Nous avons appel\u00e9 les Isra\u00e9liens et les Palestiniens \u00e0 reprendre de bonne foi et avec bonne volont\u00e9 les n\u00e9gociations, avec le soutien, la supervision et des garanties de la communaut\u00e9 internationale, afin de parvenir \u00e0 une paix et \u00e0 une stabilit\u00e9 mutuellement garanties.<\/p>\n\n\n\n<p class=\"wp-block-paragraph\">37. Nous sommes convenus de soutenir, parall\u00e8lement \u00e0 la conclusion d\u2019un accord de paix entre la Palestine et Isra\u00ebl, des efforts renouvel\u00e9s sur le volet Syrie-Isra\u00ebl et le volet Liban-Isra\u00ebl, afin de parvenir \u00e0 une paix globale, juste et durable au Moyen-Orient, conform\u00e9ment au droit international et aux r\u00e9solutions pertinentes des Nations Unies, mettant fin \u00e0 toutes les revendications.<\/p>\n\n\n\n<p class=\"wp-block-paragraph\">38. Nous nous sommes engag\u00e9s \u00e0 pr\u00e9parer le terrain en vue d\u2019une future \u00ab&nbsp;journ\u00e9e de la paix&nbsp;\u00bb (\u00ab&nbsp;Peace Day&nbsp;\u00bb) en nous appuyant sur l\u2019initiative arabe de paix, sur le paquet de mesures europ\u00e9ennes au service de la paix (\u00ab&nbsp;European Peace Supporting Package&nbsp;\u00bb) ainsi que sur d\u2019autres contributions internationales, qui apporteront de r\u00e9els b\u00e9n\u00e9fices aux Palestiniens, aux Isra\u00e9liens et \u00e0 la r\u00e9gion tout enti\u00e8re, notamment en mati\u00e8re de commerce, d\u2019infrastructures et d\u2019\u00e9nergies, et permettront l\u2019int\u00e9gration r\u00e9gionale pour parvenir \u00e0 une architecture de s\u00e9curit\u00e9 r\u00e9gionale promouvant et respectant les droits de tous les peuples et la souverainet\u00e9 de tous les \u00c9tats.<\/p>\n\n\n\n<p class=\"wp-block-paragraph\">39. \u00c0 cet \u00e9gard, nous avons d\u00e9cid\u00e9 d\u2019\u00e9tudier, dans le contexte de la cr\u00e9ation d\u2019un \u00c9tat palestinien souverain, une architecture de s\u00e9curit\u00e9 r\u00e9gionale susceptible de fournir \u00e0 tous des garanties de s\u00e9curit\u00e9, en nous inspirant de l\u2019exp\u00e9rience de l\u2019Association des nations de l\u2019Asie du Sud-Est (ASEAN) et de l\u2019Organisation pour la s\u00e9curit\u00e9 et la coop\u00e9ration en Europe (OSCE), et en ouvrant la voie \u00e0 un Moyen-Orient plus stable et s\u00fbr, ainsi qu\u2019un cadre r\u00e9gional et international apportant une aide appropri\u00e9e au r\u00e8glement de la question des r\u00e9fugi\u00e9s, tout en r\u00e9affirmant le droit de retour.<\/p>\n\n\n\n<p class=\"wp-block-paragraph\">40. Nous sommes d\u00e9termin\u00e9s \u00e0 faire en sorte que les d\u00e9cisions prises lors de cette conf\u00e9rence constituent un tournant, mobilisant la communaut\u00e9 internationale tout enti\u00e8re aux niveaux politique, \u00e9conomique, financier et de la s\u00e9curit\u00e9, afin d\u2019ouvrir la voie \u00e0 un avenir prometteur attendu de longue date par tous les \u00c9tats et tous les peuples.<\/p>\n\n\n\n<p class=\"wp-block-paragraph\">41. Nous avons d\u00e9cid\u00e9 de charger les co-pr\u00e9sidents de la conf\u00e9rence et des groupes de travail, notamment dans le cadre de l\u2019Alliance globale pour la mise en \u0153uvre de la solution des deux \u00c9tats, de servir de m\u00e9canisme international de suivi des objectifs de cette conf\u00e9rence et des engagements qui y ont \u00e9t\u00e9 pris. Nous sommes convenus de mobiliser la communaut\u00e9 internationale au niveau des chefs d\u2019\u00c9tat et de gouvernement autour de ces engagements, en marge de la 80e Assembl\u00e9e g\u00e9n\u00e9rale des Nations Unies en septembre 2025.<\/p>\n\n\n\n<p class=\"wp-block-paragraph\">42. La pr\u00e9sente d\u00e9claration et son annexe exposent les conclusions des huit groupes de travail r\u00e9unis dans le cadre de la conf\u00e9rence et d\u00e9finissent un cadre global op\u00e9rationnel pour le r\u00e8glement pacifique de la question de Palestine et la mise en \u0153uvre de la solution des deux \u00c9tats. Ces conclusions refl\u00e8tent les propositions portant sur les dimensions politiques, humanitaires, \u00e9conomiques, juridiques, strat\u00e9giques et de s\u00e9curit\u00e9 et constituent un plan d\u2019action concret assorti de d\u00e9lais pour guider sur le plan international l\u2019engagement, la mise en \u0153uvre, la coordination op\u00e9rationnelle et les efforts de suivi dans la perspective de la mise en \u0153uvre de la solution des deux \u00c9tats et de la pleine int\u00e9gration r\u00e9gionale.<\/p>\n","protected":false},"excerpt":{"rendered":"<p>D\u00e9claration des copr\u00e9sidents de la conf\u00e9rence&nbsp;: la R\u00e9publique fran\u00e7aise et le Royaume d\u2019Arabie saoudite, et des copr\u00e9sidents des groupes de travail&nbsp;:La R\u00e9publique f\u00e9d\u00e9rative du Br\u00e9sil, le Canada, la R\u00e9publique arabe d\u2019\u00c9gypte, le Royaume d\u2019Espagne, le R\u00e9publique d\u2019Indon\u00e9sie, l\u2019Irlande, la R\u00e9publique italienne, le Japon, le Royaume hach\u00e9mite de Jordanie, les \u00c9tats-Unis du Mexique, le Royaume de [&hellip;]<\/p>\n","protected":false},"author":4,"featured_media":67238,"comment_status":"open","ping_status":"closed","sticky":false,"template":"","format":"standard","meta":{"content-type":"","jnews-multi-image_gallery":[],"jnews_single_post":{"format":"standard"},"jnews_primary_category":[],"jnews_override_bookmark_settings":[],"jnews_review":[],"enable_review":"","type":"","name":"","summary":"","brand":"","sku":"","good":[],"bad":[],"score_override":"","override_value":"","rating":[],"price":[],"jnews_post_split":[],"footnotes":""},"categories":[6,2],"tags":[1904,1779,1099,701,439,16275],"class_list":["post-67237","post","type-post","status-publish","format-standard","has-post-thumbnail","hentry","category-world","category-news-politique","tag-conference-internationale","tag-declaration","tag-nations-unies","tag-new-york","tag-palestine","tag-reglement-pacifique"],"_links":{"self":[{"href":"https:\/\/www.africanchallenges.com\/index.php?rest_route=\/wp\/v2\/posts\/67237","targetHints":{"allow":["GET"]}}],"collection":[{"href":"https:\/\/www.africanchallenges.com\/index.php?rest_route=\/wp\/v2\/posts"}],"about":[{"href":"https:\/\/www.africanchallenges.com\/index.php?rest_route=\/wp\/v2\/types\/post"}],"author":[{"embeddable":true,"href":"https:\/\/www.africanchallenges.com\/index.php?rest_route=\/wp\/v2\/users\/4"}],"replies":[{"embeddable":true,"href":"https:\/\/www.africanchallenges.com\/index.php?rest_route=%2Fwp%2Fv2%2Fcomments&post=67237"}],"version-history":[{"count":1,"href":"https:\/\/www.africanchallenges.com\/index.php?rest_route=\/wp\/v2\/posts\/67237\/revisions"}],"predecessor-version":[{"id":67239,"href":"https:\/\/www.africanchallenges.com\/index.php?rest_route=\/wp\/v2\/posts\/67237\/revisions\/67239"}],"wp:featuredmedia":[{"embeddable":true,"href":"https:\/\/www.africanchallenges.com\/index.php?rest_route=\/wp\/v2\/media\/67238"}],"wp:attachment":[{"href":"https:\/\/www.africanchallenges.com\/index.php?rest_route=%2Fwp%2Fv2%2Fmedia&parent=67237"}],"wp:term":[{"taxonomy":"category","embeddable":true,"href":"https:\/\/www.africanchallenges.com\/index.php?rest_route=%2Fwp%2Fv2%2Fcategories&post=67237"},{"taxonomy":"post_tag","embeddable":true,"href":"https:\/\/www.africanchallenges.com\/index.php?rest_route=%2Fwp%2Fv2%2Ftags&post=67237"}],"curies":[{"name":"wp","href":"https:\/\/api.w.org\/{rel}","templated":true}]}}