{"id":67162,"date":"2025-08-06T15:22:23","date_gmt":"2025-08-06T14:22:23","guid":{"rendered":"https:\/\/www.africanchallenges.com\/?p=67162"},"modified":"2025-08-06T15:30:39","modified_gmt":"2025-08-06T14:30:39","slug":"tunisie-tournee-estivale-de-la-star-tunisienne-walid-salhi","status":"publish","type":"post","link":"https:\/\/www.africanchallenges.com\/?p=67162","title":{"rendered":"Tunisie : Tourn\u00e9e estivale de la star tunisienne Walid Salhi"},"content":{"rendered":"\n<p class=\"wp-block-paragraph\">L&rsquo;artiste Walid Salhi a su r\u00e9pondre aux attentes du comit\u00e9 d\u2019organisation de la quarante-cinqui\u00e8me \u00e9dition du Festival International de Beja, o\u00f9 il a offert, le 4 ao\u00fbt 2025, lors de l&rsquo;avant-derni\u00e8re soir\u00e9e des festivit\u00e9s, un concert qui a rencontr\u00e9 un franc succ\u00e8s tant sur le plan artistique que public.<\/p>\n\n\n\n<p class=\"wp-block-paragraph\">Comme \u00e0 son habitude, Salhi a veill\u00e9 \u00e0 chaque d\u00e9tail pour faire de son spectacle musical farjawi \u00ab\u00a0haka naich\u00a0\u00bb un v\u00e9ritable triomphe.<\/p>\n\n\n\n<p class=\"wp-block-paragraph\">\u00c0 dix heures du soir, le th\u00e9\u00e2tre \u00e9tait d\u00e9cor\u00e9 de mani\u00e8re somptueuse, int\u00e9grant de nombreux accessoires traditionnels, ainsi qu&rsquo;une grande banderole affichant la photo de l&rsquo;artiste et le titre du spectacle, avant que les musiciens ne prennent place en uniforme derri\u00e8re leurs instruments, devant un large public qui remplissait le th\u00e9\u00e2tre en plein air, connu pour son espace d\u00e9di\u00e9 aux enfants et aux familles au sein du Complexe culturel de Beja.<\/p>\n\n\n\n<p class=\"wp-block-paragraph\">Le spectacle \u00ab\u00a0haka naich\u00a0\u00bb rassemblait 45 artistes, entre musiciens et danseurs, dont les performances ont \u00e9t\u00e9 orchestr\u00e9es avec brio par le Metteur en sc\u00e8ne Zain al -Obeidi, tandis que la chor\u00e9graphie \u00e9tait dirig\u00e9e par Wafa al-kayzani.<\/p>\n\n\n\n<p class=\"wp-block-paragraph\">Walid Salhi a offert un spectacle de chant pur, alternant entre son r\u00e9pertoire ancien et nouveau. Le concert a d\u00e9but\u00e9 avec sa chanson phare intitul\u00e9e \u00a0\u00bb haka naich \u00ab\u00a0, suivie d&rsquo;une succession de morceaux dans un format croissant, o\u00f9 Salhi s&rsquo;est particuli\u00e8rement illustr\u00e9 avec \u00ab\u00a0matarefnich\u00a0\u00bb et \u00ab\u00a0Lela aouicha\u00a0\u00bb, &nbsp;\u00ab\u00a0ya sahbi ya khlili\u00a0\u00bb, \u00ab\u00a0dakit beb el Bakht\u00a0\u00bb, \u00ab\u00a0nochker Allah\u00a0\u00bb et \u00ab\u00a0kolna l\u00e9\u00a0\u00bb, ainsi que d&rsquo;autres titres qui ont suscit\u00e9 des applaudissements, des chants et des danses de la part du public, renfor\u00e7ant l&rsquo;enthousiasme ambiant, notamment gr\u00e2ce aux toiles dansantes qui accompagnaient chaque chanson.<\/p>\n\n\n\n<p class=\"wp-block-paragraph\">Les surprises du spectacle \u00ab\u00a0haka naich\u00a0\u00bb n&rsquo;ont pas \u00e9t\u00e9 limit\u00e9es aux chansons et aux peintures de danse les plus populaires, mais le spectacle a \u00e9t\u00e9 enrichi par des interventions comiques de l&rsquo;acteur Mourad Ben nefla et de Hamouda Nahdi, car ce duo a apport\u00e9 un esprit ludique et une atmosph\u00e8re d&rsquo;intimit\u00e9 \u00e0 travers des dialogues spontan\u00e9s qui ont suscit\u00e9 les rires du public et ont bris\u00e9 les barri\u00e8res entre la sc\u00e8ne et le public.<\/p>\n\n\n\n<p class=\"wp-block-paragraph\">Une soir\u00e9e de chant vari\u00e9e durant laquelle Walid Salhi a maintenu une gradation r\u00e9fl\u00e9chie et une distribution serr\u00e9e de tous les parties du concert, de sorte qu&rsquo;il a diverti le public de Beja et a remport\u00e9 le pari prouvant une fois de plus qu&rsquo;il poss\u00e8de une forte voix brute et une pr\u00e9sence distingu\u00e9e, capable de captiver le public pendant deux heures de chant continu, pr\u00e9sentant un bouquet de ses plus belles chansons.<\/p>\n\n\n\n<p class=\"wp-block-paragraph\">Avant de dire au revoir \u00e0 son public, Walid Salhi a interpr\u00e9t\u00e9 la chanson \u00ab\u00a0kolna, qui \u00e9tait la plus attendue par le public, qui a montr\u00e9 des signes de satisfaction totale avec le concert.<\/p>\n\n\n\n<p class=\"wp-block-paragraph\">Dans une d\u00e9claration aux m\u00e9dias apr\u00e8s la fin de la soir\u00e9e , Walid Salhi a exprim\u00e9 son immense plaisir de chanter pour la premi\u00e8re fois dans le cadre du Festival international de Beja et devant un large public, soulignant que dans cette performance, il a tent\u00e9 d&rsquo;impliquer des sp\u00e9cialistes et des expertises au niveau de la perception sc\u00e9nique, de la mise en sc\u00e8ne et de la chor\u00e9graphie, estimant que la seule parole et la seule musique ne suffisent pas \u00e0 faire d&rsquo;une performance artistique un succ\u00e8s.<\/p>\n\n\n\n<p class=\"wp-block-paragraph\">Nous rappelons les dates \u00e0 venir des spectacles les plus marquantes de l&rsquo;artiste Walid Salhi dans les festivals :<\/p>\n\n\n\n<p class=\"wp-block-paragraph\">5 Ao\u00fbt &#8211; Festival de Kantaoui<\/p>\n\n\n\n<p class=\"wp-block-paragraph\">8 Ao\u00fbt &#8211; Festival de Kassar Hlel<\/p>\n\n\n\n<p class=\"wp-block-paragraph\">11 Ao\u00fbt &#8211; Festival International de Kairouan<\/p>\n\n\n\n<p class=\"wp-block-paragraph\">12 Ao\u00fbt &#8211; Festival International makther<\/p>\n\n\n\n<p class=\"wp-block-paragraph\">15 Ao\u00fbt &#8211; Festival Metouia<\/p>\n\n\n\n<p class=\"wp-block-paragraph\">16 Ao\u00fbt &#8211; Festival International de Tabarka<\/p>\n\n\n\n<p class=\"wp-block-paragraph\">17 Ao\u00fbt -Festival m\u00e9diterran\u00e9enne de Kram<\/p>\n\n\n\n<p class=\"wp-block-paragraph\">19 Ao\u00fbt -Festival de Redaief<\/p>\n\n\n\n<p class=\"wp-block-paragraph\">20 Ao\u00fbt-Festival du Raisin de Grombalia<\/p>\n\n\n\n<p class=\"wp-block-paragraph\"><strong>Avec Communiqu\u00e9<\/strong><\/p>\n","protected":false},"excerpt":{"rendered":"<p>L&rsquo;artiste Walid Salhi a su r\u00e9pondre aux attentes du comit\u00e9 d\u2019organisation de la quarante-cinqui\u00e8me \u00e9dition du Festival International de Beja, o\u00f9 il a offert, le 4 ao\u00fbt 2025, lors de l&rsquo;avant-derni\u00e8re soir\u00e9e des festivit\u00e9s, un concert qui a rencontr\u00e9 un franc succ\u00e8s tant sur le plan artistique que public. Comme \u00e0 son habitude, Salhi a [&hellip;]<\/p>\n","protected":false},"author":4,"featured_media":67166,"comment_status":"open","ping_status":"closed","sticky":false,"template":"","format":"standard","meta":{"content-type":"","jnews-multi-image_gallery":[],"jnews_single_post":{"format":"standard"},"jnews_primary_category":[],"jnews_override_bookmark_settings":[],"jnews_review":[],"enable_review":"","type":"","name":"","summary":"","brand":"","sku":"","good":[],"bad":[],"score_override":"","override_value":"","rating":[],"price":[],"jnews_post_split":[],"footnotes":""},"categories":[17],"tags":[16257,16256,15398],"class_list":["post-67162","post","type-post","status-publish","format-standard","has-post-thumbnail","hentry","category-entertainment","tag-festival-international-de-beja","tag-tournee-estivale","tag-walid-salhi"],"_links":{"self":[{"href":"https:\/\/www.africanchallenges.com\/index.php?rest_route=\/wp\/v2\/posts\/67162","targetHints":{"allow":["GET"]}}],"collection":[{"href":"https:\/\/www.africanchallenges.com\/index.php?rest_route=\/wp\/v2\/posts"}],"about":[{"href":"https:\/\/www.africanchallenges.com\/index.php?rest_route=\/wp\/v2\/types\/post"}],"author":[{"embeddable":true,"href":"https:\/\/www.africanchallenges.com\/index.php?rest_route=\/wp\/v2\/users\/4"}],"replies":[{"embeddable":true,"href":"https:\/\/www.africanchallenges.com\/index.php?rest_route=%2Fwp%2Fv2%2Fcomments&post=67162"}],"version-history":[{"count":5,"href":"https:\/\/www.africanchallenges.com\/index.php?rest_route=\/wp\/v2\/posts\/67162\/revisions"}],"predecessor-version":[{"id":67172,"href":"https:\/\/www.africanchallenges.com\/index.php?rest_route=\/wp\/v2\/posts\/67162\/revisions\/67172"}],"wp:featuredmedia":[{"embeddable":true,"href":"https:\/\/www.africanchallenges.com\/index.php?rest_route=\/wp\/v2\/media\/67166"}],"wp:attachment":[{"href":"https:\/\/www.africanchallenges.com\/index.php?rest_route=%2Fwp%2Fv2%2Fmedia&parent=67162"}],"wp:term":[{"taxonomy":"category","embeddable":true,"href":"https:\/\/www.africanchallenges.com\/index.php?rest_route=%2Fwp%2Fv2%2Fcategories&post=67162"},{"taxonomy":"post_tag","embeddable":true,"href":"https:\/\/www.africanchallenges.com\/index.php?rest_route=%2Fwp%2Fv2%2Ftags&post=67162"}],"curies":[{"name":"wp","href":"https:\/\/api.w.org\/{rel}","templated":true}]}}