{"id":67064,"date":"2025-08-03T17:36:40","date_gmt":"2025-08-03T16:36:40","guid":{"rendered":"https:\/\/www.africanchallenges.com\/?p=67064"},"modified":"2025-08-03T17:49:50","modified_gmt":"2025-08-03T16:49:50","slug":"tunisie-celebration-de-la-fete-nationale-suisse-aux-couleurs-de-lamitie-tuniso-suisse-et-de-la-cooperation","status":"publish","type":"post","link":"https:\/\/www.africanchallenges.com\/?p=67064","title":{"rendered":"Tunisie : C\u00e9l\u00e9bration de la f\u00eate nationale Suisse aux couleurs  de l&rsquo;amiti\u00e9 tuniso-suisse et de la coop\u00e9ration"},"content":{"rendered":"\n<p class=\"wp-block-paragraph\">\u00c0 l&rsquo;occasion de la c\u00e9l\u00e9bration du 734e anniversaire de la Suisse, Son Excellence Josef Renggli, Ambassadeur de Suisse en Tunisie, a organis\u00e9 une r\u00e9ception \u00e0 la r\u00e9sidence suisse le soir du 1er ao\u00fbt, en pr\u00e9sence du ministre des Finances, Madame Mechkat Slama el Khaldi, de personnalit\u00e9s politiques, de repr\u00e9sentants des missions diplomatiques en Tunisie et de repr\u00e9sentants d&rsquo;organisations internationales.<\/p>\n\n\n\n<p class=\"wp-block-paragraph\">Dans son discours, M. Josef Renggli, Ambassadeur de Suisse en Tunisie, a souhait\u00e9 la bienvenue aux invit\u00e9s pr\u00e9sents et a commenc\u00e9 son allocution en arabe, exprimant son amour pour la Tunisie et les tunisiens qui l&rsquo;ont chaleureusement accueilli. Il a \u00e9galement profit\u00e9 de l&rsquo;occasion pour annoncer la prolongation de sa mission diplomatique dans notre pays d&rsquo;un an, tout en exprimant sa joie de continuer la collaboration depuis son poste avec la Tunisie.<\/p>\n\n\n\n<p class=\"wp-block-paragraph\">Il a promis aux pr\u00e9sents de prononcer l&rsquo;ann\u00e9e prochaine l&rsquo;int\u00e9gralit\u00e9 de son discours en arabe.<\/p>\n\n\n\n<p class=\"wp-block-paragraph\">M.Josef Renggli a poursuivi \u00ab\u00a0le 1er ao\u00fbt, c&rsquo;est la date de notre f\u00eate nationale qu&rsquo;on f\u00eate aujourd&rsquo;hui, se r\u00e9f\u00e8re \u00e0 la conclusion du pacte f\u00e9d\u00e9ral de 1291, qui \u00e9tait une alliance d\u00e9fensive des trois premiers cantons. Au d\u00e9part, ils \u00e9taient trois cantons.<\/p>\n\n\n\n<p class=\"wp-block-paragraph\">Aujourd&rsquo;hui, ils sont 26. Et les cantons jouent encore aujourd&rsquo;hui, un r\u00f4le extr\u00eamement important dans la structure de l&rsquo;\u00c9tat suisse. Et donc, avec un grand honneur, je peux accueillir ce soir le pr\u00e9sident du canton de Saint-Gal, qui nous honore avec sa pr\u00e9sence ce soir.&nbsp;\u00bb<\/p>\n\n\n\n<p class=\"wp-block-paragraph\">\u00ab&nbsp;Le canton de Saint-Gal est situ\u00e9 \u00e0 l&rsquo;est de la Suisse, proche de la fronti\u00e8re avec l&rsquo;Autriche et l&rsquo;Allemagne et le Liechtenstein&nbsp;\u00bb<\/p>\n\n\n\n<p class=\"wp-block-paragraph\">La Suisse est un \u00c9tat f\u00e9d\u00e9ral compos\u00e9 de ses cantons, chacun dot\u00e9 d&rsquo;une large autonomie. Les cantons disposent de leurs propres constitutions, parlements, gouvernements et tribunaux.<\/p>\n\n\n\n<p class=\"wp-block-paragraph\">Ils sont responsables de domaines essentiels tels que l&rsquo;\u00e9ducation, la sant\u00e9, la police ou encore l&rsquo;am\u00e9nagement du territoire. Ce syst\u00e8me permet d&rsquo;adapter les politiques, publiques aux r\u00e9alit\u00e9s locales et de pr\u00e9server, la diversit\u00e9 culturelle et linguistique du pays.<\/p>\n\n\n\n<p class=\"wp-block-paragraph\">Par exemple, les cantons fixent le propre programme scolaire, ou encore ils fixent des r\u00e8gles fiscales sp\u00e9cifiques dans ce domaine. Ce r\u00f4le des cantons garantit un \u00e9quilibre, entre l&rsquo;unit\u00e9 nationale et la diversit\u00e9 r\u00e9gionale, contribuant ainsi \u00e0 la stabilit\u00e9 et \u00e0 la coh\u00e9sion de la Suisse.&nbsp;\u00bb<\/p>\n\n\n\n<p class=\"wp-block-paragraph\"><strong>Coop\u00e9ration Tuniso-Suisse&nbsp;:<\/strong><\/p>\n\n\n\n<p class=\"wp-block-paragraph\">L&rsquo;ambassadeur suisse a soulign\u00e9 les relations entre la Suisse et la Tunisie, qui se manifestent \u00e0 plusieurs niveaux.<\/p>\n\n\n\n<p class=\"wp-block-paragraph\"><strong><em>Echange Humain :<\/em><\/strong><\/p>\n\n\n\n<p class=\"wp-block-paragraph\">Il a mentionn\u00e9 qu&rsquo;il y a pr\u00e8s de 20 000 Tunisiens vivant en Suisse, et il y a \u00e9galement un peu moins, mais tout de m\u00eame quelques Suisses ici en Tunisie.<\/p>\n\n\n\n<p class=\"wp-block-paragraph\"><strong><em>Echange \u00e9conomique :<\/em><\/strong><\/p>\n\n\n\n<p class=\"wp-block-paragraph\">Le diplomate suisse a mis en avant l&rsquo;importance des \u00e9changes \u00e9conomiques, tant en mati\u00e8re de commerce que d&rsquo;investissement entre les deux pays.<\/p>\n\n\n\n<p class=\"wp-block-paragraph\">En termes de chiffres, il a pr\u00e9cis\u00e9 qu&rsquo;il y a environ une centaine d&rsquo;entreprises suisses pr\u00e9sentes ici en Tunisie, employant pr\u00e8s de<\/p>\n\n\n\n<p class=\"wp-block-paragraph\"> 14 000 personnes.<\/p>\n\n\n\n<p class=\"wp-block-paragraph\">Par exemple, l&rsquo;ann\u00e9e derni\u00e8re, trois nouveaux projets d&rsquo;investissement ont \u00e9t\u00e9 lanc\u00e9s, ainsi que 22 extensions, cr\u00e9ant ainsi 2 200 nouveaux emplois, pla\u00e7ant la Suisse \u00e0 la cinqui\u00e8me position en termes de cr\u00e9ation d&#8217;emplois pour cette ann\u00e9e.<\/p>\n\n\n\n<p class=\"wp-block-paragraph\">En plus, l&rsquo;accroissement des liaisons a\u00e9riennes directes entre les deux pays d\u00e9montre l&rsquo;int\u00e9r\u00eat des Suisses pour la Tunisie, en particulier avec l&rsquo;inauguration d&rsquo;une nouvelle ligne entre Verne et Monastir en mai de cette ann\u00e9e.<\/p>\n\n\n\n<p class=\"wp-block-paragraph\">\u00ab&nbsp;Il y a un potentiel pour aller encore plus loin et nous y travaillons \u00e0 l&rsquo;ambassade. \u00bb a affirm\u00e9 l\u2019ambassadeur.<\/p>\n\n\n\n<p class=\"wp-block-paragraph\"><strong><em>Relations politiques&nbsp;:<\/em><\/strong><\/p>\n\n\n\n<p class=\"wp-block-paragraph\">Lors du Forum \u00e9conomique en janvier, des rencontres minist\u00e9rielles ont eu lieu \u00e0 Davos avec le ministre Mohamed Ali Nafti et le ministre de l&rsquo;\u00c9conomie Samir Abdelhafid.<\/p>\n\n\n\n<p class=\"wp-block-paragraph\">En f\u00e9vrier, la Suisse a pu engager des consultations politiques bilat\u00e9rales avec le minist\u00e8re des Affaires \u00e9trang\u00e8res\u2026<\/p>\n\n\n\n<p class=\"wp-block-paragraph\">\u00ab Au cours de l&rsquo;ann\u00e9e \u00e9coul\u00e9e, nous avons \u00e9galement franchi ensemble des \u00e9tapes importantes dans notre coop\u00e9ration avec la Tunisie. \u00bb, a-t-il d\u00e9clar\u00e9.<\/p>\n\n\n\n<p class=\"wp-block-paragraph\"><strong>P<\/strong><strong>rogramme de <\/strong><strong>C<\/strong><strong>oop\u00e9ration<\/strong><strong> Tuniso-Suisse<\/strong><strong> 2025-2028&nbsp;<\/strong><strong>:<\/strong><\/p>\n\n\n\n<p class=\"wp-block-paragraph\">Le nouveau programme de coop\u00e9ration 2025-2028 a \u00e9t\u00e9 \u00e9labor\u00e9 en \u00e9troite collaboration avec tous les partenaires, y compris les minist\u00e8res, les agences de mise en \u0153uvre, le secteur priv\u00e9 et les b\u00e9n\u00e9ficiaires.<\/p>\n\n\n\n<p class=\"wp-block-paragraph\">Gr\u00e2ce \u00e0 une approche int\u00e9gr\u00e9e, ce programme refl\u00e8te la volont\u00e9 collective de renforcer la coop\u00e9ration internationale entre la Suisse et la Tunisie, en accord avec les priorit\u00e9s strat\u00e9giques tunisiennes.<\/p>\n\n\n\n<p class=\"wp-block-paragraph\">Ce programme pour la p\u00e9riode 2025-2028 a pour objectifs principaux la stabilit\u00e9 \u00e9conomique et la stabilit\u00e9 sociale.<\/p>\n\n\n\n<p class=\"wp-block-paragraph\">Il repose sur quatre priorit\u00e9s th\u00e9matiques : le d\u00e9veloppement \u00e9conomique, le d\u00e9veloppement social, le soutien \u00e0 la gouvernance de la migration et la lutte contre le changement climatique.<\/p>\n\n\n\n<p class=\"wp-block-paragraph\"><strong>Formation <\/strong><strong>professionnelle<\/strong><strong> <\/strong><strong>:<\/strong><\/p>\n\n\n\n<p class=\"wp-block-paragraph\">Dans le nouveau programme, un aspect particuli\u00e8rement fort demeure, \u00e0 savoir la formation professionnelle, o\u00f9 la Suisse collabore de mani\u00e8re tr\u00e8s \u00e9troite avec le minist\u00e8re de la formation professionnelle.<\/p>\n\n\n\n<p class=\"wp-block-paragraph\">\u00ab En effet, r\u00e9cemment, j&rsquo;ai visionn\u00e9 une vid\u00e9o datant de 1965, qui montrait qu&rsquo;\u00e0 cette \u00e9poque, il y a 60 ans, nous \u00e9tions d\u00e9j\u00e0 pr\u00e9sents \u00e0 Gab\u00e8s avec un centre de formation professionnelle.<\/p>\n\n\n\n<p class=\"wp-block-paragraph\">Ainsi, nous avons une tr\u00e8s longue tradition de coop\u00e9ration dans ce domaine, \u00bb a r\u00e9affirm\u00e9 l&rsquo;ambassadeur de Suisse en Tunisie.<\/p>\n\n\n\n<p class=\"wp-block-paragraph\"><strong>Engagement international de la Suisse&nbsp;:<\/strong><\/p>\n\n\n\n<p class=\"wp-block-paragraph\">&nbsp;\u00ab Malheureusement, cette ann\u00e9e encore, la situation mondiale difficile doit faire partie int\u00e9grante de tous les discours des ambassadeurs \u00e0 l&rsquo;occasion de leur f\u00eate nationale.<\/p>\n\n\n\n<p class=\"wp-block-paragraph\">La situation s&rsquo;est encore aggrav\u00e9e par rapport \u00e0 l&rsquo;ann\u00e9e pass\u00e9e. La guerre d&rsquo;agression men\u00e9e par la Russie en Ukraine se poursuit sans rel\u00e2che et la situation \u00e0 Gaza est pire que jamais.<\/p>\n\n\n\n<p class=\"wp-block-paragraph\">En ce qui concerne Gaza, le gouvernement suisse est profond\u00e9ment boulevers\u00e9 par les souffrances humaines insupportables.<\/p>\n\n\n\n<p class=\"wp-block-paragraph\">Isra\u00ebl, en tant que puissance occupante, doit garantir un acc\u00e8s humanitaire imm\u00e9diat, s\u00fbr et sans entrave, en particulier pour l&rsquo;ONU et ses partenaires.<\/p>\n\n\n\n<p class=\"wp-block-paragraph\">Malgr\u00e9 l&rsquo;\u00e9rosion continue de l&rsquo;ordre mondial bas\u00e9 sur des r\u00e8gles, il n&rsquo;y a pas d&rsquo;alternative.<\/p>\n\n\n\n<p class=\"wp-block-paragraph\">La Suisse continue donc \u00e0 s&rsquo;engager en faveur d&rsquo;un ordre multilat\u00e9ral fond\u00e9 sur des r\u00e8gles et pour la paix dans ce monde. \u00bb<\/p>\n\n\n\n<p class=\"wp-block-paragraph\">L\u2019ambassadeur suisse a remerci\u00e9 l&rsquo;ensemble des autorit\u00e9s tunisiennes pour la grande qualit\u00e9 des relations bilat\u00e9rales, ainsi que les sponsors de la f\u00eate, notamment les entreprises suisses : SICA et Roche, ainsi que le canton de Saint-Gall et l&rsquo;Espresso, qui ont g\u00e9n\u00e9reusement contribu\u00e9 \u00e0 la r\u00e9alisation de cet \u00e9v\u00e9nement.<\/p>\n\n\n\n<p class=\"wp-block-paragraph\">Il a \u00e9galement exprim\u00e9 sa gratitude envers toute l&rsquo;\u00e9quipe de l&rsquo;ambassade pour l&rsquo;excellent travail qu&rsquo;elle effectue quotidiennement et pour l&rsquo;organisation de cette f\u00eate.<\/p>\n\n\n\n<p class=\"wp-block-paragraph\">Enfin, il a souhait\u00e9 aux compatriotes suisses une joyeuse f\u00eate nationale.<\/p>\n\n\n\n<p class=\"wp-block-paragraph\">Il a conclu par ces mots : \u00ab Vive la Suisse, vive la Tunisie et longue vie \u00e0 l&rsquo;amiti\u00e9 tuniso-suisse. \u00bb<\/p>\n\n\n\n<figure class=\"wp-block-embed is-type-video is-provider-youtube wp-block-embed-youtube wp-embed-aspect-16-9 wp-has-aspect-ratio\"><div class=\"wp-block-embed__wrapper\">\n<div class=\"jeg_video_container jeg_video_content\"><iframe title=\"Discours de son Excellence, M Josef Renggli, Ambassadeur de Suisse en Tunisie\" width=\"500\" height=\"281\" src=\"https:\/\/www.youtube.com\/embed\/sNWtUoTVwzQ?feature=oembed\" frameborder=\"0\" allow=\"accelerometer; autoplay; clipboard-write; encrypted-media; gyroscope; picture-in-picture; web-share\" referrerpolicy=\"strict-origin-when-cross-origin\" allowfullscreen><\/iframe><\/div>\n<\/div><\/figure>\n","protected":false},"excerpt":{"rendered":"<p>\u00c0 l&rsquo;occasion de la c\u00e9l\u00e9bration du 734e anniversaire de la Suisse, Son Excellence Josef Renggli, Ambassadeur de Suisse en Tunisie, a organis\u00e9 une r\u00e9ception \u00e0 la r\u00e9sidence suisse le soir du 1er ao\u00fbt, en pr\u00e9sence du ministre des Finances, Madame Mechkat Slama el Khaldi, de personnalit\u00e9s politiques, de repr\u00e9sentants des missions diplomatiques en Tunisie et [&hellip;]<\/p>\n","protected":false},"author":3,"featured_media":67065,"comment_status":"open","ping_status":"closed","sticky":false,"template":"","format":"standard","meta":{"content-type":"","jnews-multi-image_gallery":[],"jnews_single_post":{"format":"standard"},"jnews_primary_category":[],"jnews_override_bookmark_settings":[],"jnews_review":[],"enable_review":"","type":"","name":"","summary":"","brand":"","sku":"","good":[],"bad":[],"score_override":"","override_value":"","rating":[],"price":[],"jnews_post_split":[],"footnotes":""},"categories":[2],"tags":[16230,298,16229,15361],"class_list":["post-67064","post","type-post","status-publish","format-standard","has-post-thumbnail","hentry","category-news-politique","tag-amitie-tuniso-suisse","tag-cooperation","tag-ete-nationale-suisse","tag-josef-renggli"],"_links":{"self":[{"href":"https:\/\/www.africanchallenges.com\/index.php?rest_route=\/wp\/v2\/posts\/67064","targetHints":{"allow":["GET"]}}],"collection":[{"href":"https:\/\/www.africanchallenges.com\/index.php?rest_route=\/wp\/v2\/posts"}],"about":[{"href":"https:\/\/www.africanchallenges.com\/index.php?rest_route=\/wp\/v2\/types\/post"}],"author":[{"embeddable":true,"href":"https:\/\/www.africanchallenges.com\/index.php?rest_route=\/wp\/v2\/users\/3"}],"replies":[{"embeddable":true,"href":"https:\/\/www.africanchallenges.com\/index.php?rest_route=%2Fwp%2Fv2%2Fcomments&post=67064"}],"version-history":[{"count":5,"href":"https:\/\/www.africanchallenges.com\/index.php?rest_route=\/wp\/v2\/posts\/67064\/revisions"}],"predecessor-version":[{"id":67072,"href":"https:\/\/www.africanchallenges.com\/index.php?rest_route=\/wp\/v2\/posts\/67064\/revisions\/67072"}],"wp:featuredmedia":[{"embeddable":true,"href":"https:\/\/www.africanchallenges.com\/index.php?rest_route=\/wp\/v2\/media\/67065"}],"wp:attachment":[{"href":"https:\/\/www.africanchallenges.com\/index.php?rest_route=%2Fwp%2Fv2%2Fmedia&parent=67064"}],"wp:term":[{"taxonomy":"category","embeddable":true,"href":"https:\/\/www.africanchallenges.com\/index.php?rest_route=%2Fwp%2Fv2%2Fcategories&post=67064"},{"taxonomy":"post_tag","embeddable":true,"href":"https:\/\/www.africanchallenges.com\/index.php?rest_route=%2Fwp%2Fv2%2Ftags&post=67064"}],"curies":[{"name":"wp","href":"https:\/\/api.w.org\/{rel}","templated":true}]}}