{"id":670,"date":"2018-07-17T23:16:35","date_gmt":"2018-07-17T23:16:35","guid":{"rendered":"http:\/\/www.africanchallenges.com\/?p=670"},"modified":"2018-07-17T23:16:35","modified_gmt":"2018-07-17T23:16:35","slug":"niger-plus-de-300-000-refugies-et-personnes-deplacees-en-situation-critique","status":"publish","type":"post","link":"https:\/\/www.africanchallenges.com\/?p=670","title":{"rendered":"Niger : Plus de 300 000 r\u00e9fugi\u00e9s et personnes d\u00e9plac\u00e9es en situation critique"},"content":{"rendered":"<p><strong>Le HCR, l&rsquo;Agence des Nations unies pour les r\u00e9fugi\u00e9s, estime, selon l\u2019Union europ\u00e9enne, qu\u2019il y aurait, depuis janvier 2018, 310 626 personnes en situation critique au Niger. Ce sont notamment des r\u00e9fugi\u00e9s et des personnes d\u00e9plac\u00e9es qui fuient les pays voisins en proie \u00e0 des crises.<\/strong><\/p>\n<p>Ceux-ci sont, entre autres, r\u00e9pertori\u00e9s dans les camps de r\u00e9fugi\u00e9s concentr\u00e9s dans la r\u00e9gion sud-est de Diffa et dans les r\u00e9gions nord et nord-ouest de Tahoua et de Tillab\u00e9ri, o\u00f9 se d\u00e9roule une crise humanitaire majeure.<\/p>\n<p>\u00ab <em>Sur ce nombre, 129 520 sont des personnes d\u00e9plac\u00e9es \u00e0 l\u2019int\u00e9rieur des fronti\u00e8res. Les autres sont des non-ressortissants nig\u00e9riens, en provenance essentiellement du Mali et du Nigeria<\/em> \u00bb, soutient l\u2019Union europ\u00e9enne dans un communiqu\u00e9.<\/p>\n<p>Cependant, l\u2019institution europ\u00e9enne reconnait qu\u2019il y a une baisse du flux des personnes qui transitent par le Niger et la Libye pour l\u2019Europe.<\/p>\n<p>\u00ab<em> Entre 2016 et 2017, les flux ont \u00e9t\u00e9 r\u00e9duits consid\u00e9rablement. En 2016, l\u2019Organisation internationale pour les migrations a constat\u00e9 que 333 891 personnes avaient franchi les fronti\u00e8res du Niger (pour se rendre principalement en Libye). En 2017, ce nombre est tomb\u00e9 \u00e0 17 634 personnes. Cette chute semble \u00eatre confirm\u00e9e par les estimations pour 2018<\/em> \u00bb, affirme l\u2019UE.<\/p>\n<p>Avec Niamey et les 2 jours<\/p>\n","protected":false},"excerpt":{"rendered":"<p>Le HCR, l&rsquo;Agence des Nations unies pour les r\u00e9fugi\u00e9s, estime, selon l\u2019Union europ\u00e9enne, qu\u2019il y aurait, depuis janvier 2018, 310 626 personnes en situation critique au Niger. Ce sont notamment des r\u00e9fugi\u00e9s et des personnes d\u00e9plac\u00e9es qui fuient les pays voisins en proie \u00e0 des crises. Ceux-ci sont, entre autres, r\u00e9pertori\u00e9s dans les camps de [&hellip;]<\/p>\n","protected":false},"author":4,"featured_media":671,"comment_status":"open","ping_status":"closed","sticky":false,"template":"","format":"standard","meta":{"content-type":"","jnews-multi-image_gallery":[],"jnews_single_post":{"override_template":"0","override":[{"template":"1","parallax":"1","fullscreen":"0","layout":"right-sidebar","sidebar":"default-sidebar","second_sidebar":"default-sidebar","sticky_sidebar":"1","share_position":"top","share_float_style":"share-monocrhome","show_share_counter":"1","show_view_counter":"1","show_featured":"1","show_post_meta":"1","show_post_author":"1","show_post_author_image":"1","show_post_date":"1","post_date_format":"default","post_date_format_custom":"Y\/m\/d","show_post_category":"1","show_post_tag":"1","show_prev_next_post":"1","show_popup_post":"1","number_popup_post":"1","show_author_box":"0","show_post_related":"1","show_inline_post_related":"0"}],"override_image_size":"0","image_override":[{"single_post_thumbnail_size":"crop-500","single_post_gallery_size":"crop-500"}]},"jnews_primary_category":{"id":""},"jnews_override_bookmark_settings":[],"jnews_review":[],"enable_review":"","type":"","name":"","summary":"","brand":"","sku":"","good":[],"bad":[],"score_override":"","override_value":"","rating":[],"price":[],"jnews_post_split":[],"footnotes":""},"categories":[61],"tags":[299,205],"class_list":["post-670","post","type-post","status-publish","format-standard","has-post-thumbnail","hentry","category-societe","tag-hcr","tag-niger"],"_links":{"self":[{"href":"https:\/\/www.africanchallenges.com\/index.php?rest_route=\/wp\/v2\/posts\/670","targetHints":{"allow":["GET"]}}],"collection":[{"href":"https:\/\/www.africanchallenges.com\/index.php?rest_route=\/wp\/v2\/posts"}],"about":[{"href":"https:\/\/www.africanchallenges.com\/index.php?rest_route=\/wp\/v2\/types\/post"}],"author":[{"embeddable":true,"href":"https:\/\/www.africanchallenges.com\/index.php?rest_route=\/wp\/v2\/users\/4"}],"replies":[{"embeddable":true,"href":"https:\/\/www.africanchallenges.com\/index.php?rest_route=%2Fwp%2Fv2%2Fcomments&post=670"}],"version-history":[{"count":1,"href":"https:\/\/www.africanchallenges.com\/index.php?rest_route=\/wp\/v2\/posts\/670\/revisions"}],"predecessor-version":[{"id":672,"href":"https:\/\/www.africanchallenges.com\/index.php?rest_route=\/wp\/v2\/posts\/670\/revisions\/672"}],"wp:featuredmedia":[{"embeddable":true,"href":"https:\/\/www.africanchallenges.com\/index.php?rest_route=\/wp\/v2\/media\/671"}],"wp:attachment":[{"href":"https:\/\/www.africanchallenges.com\/index.php?rest_route=%2Fwp%2Fv2%2Fmedia&parent=670"}],"wp:term":[{"taxonomy":"category","embeddable":true,"href":"https:\/\/www.africanchallenges.com\/index.php?rest_route=%2Fwp%2Fv2%2Fcategories&post=670"},{"taxonomy":"post_tag","embeddable":true,"href":"https:\/\/www.africanchallenges.com\/index.php?rest_route=%2Fwp%2Fv2%2Ftags&post=670"}],"curies":[{"name":"wp","href":"https:\/\/api.w.org\/{rel}","templated":true}]}}