{"id":66854,"date":"2025-07-28T13:16:21","date_gmt":"2025-07-28T12:16:21","guid":{"rendered":"https:\/\/www.africanchallenges.com\/?p=66854"},"modified":"2025-07-28T13:16:22","modified_gmt":"2025-07-28T12:16:22","slug":"tunisie-lartiste-palestinien-mohamed-assaf-chante-pour-sa-ville-natale-gaza-sur-la-scene-de-carthage","status":"publish","type":"post","link":"https:\/\/www.africanchallenges.com\/?p=66854","title":{"rendered":"Tunisie : L\u2019artiste palestinien Mohamed Assaf chante pour sa ville natale Gaza sur la sc\u00e8ne de Carthage"},"content":{"rendered":"\n<p class=\"wp-block-paragraph\">L\u2019artiste palestinien Mohamed Assaf a bris\u00e9 ce soir le silence afin de chanter pour sa ville natale Gaza apr\u00e8s environ deux ans d\u2019absence sur la sc\u00e8ne artistique, et ce, dans le cadre de la sixi\u00e8me soir\u00e9e de la 59\u00e8me \u00e9dition du Festival International de Carthage en pr\u00e9sence de la ministre des affaires culturelles, Amina Srarfi. Un nombre de bless\u00e9s palestiniens venus de Gaza pour recevoir des soins m\u00e9dicaux en Tunisie ont assist\u00e9 aussi \u00e0 ce spectacle.<\/p>\n\n\n\n<p class=\"wp-block-paragraph\">Juste apr\u00e8s la premi\u00e8re chanson \u00ab Ya denia Aley Ech\u2019hadi \u00bb,&nbsp; Assaf a adress\u00e9 un mot de remerciement \u00e0 la Tunisie et son peuple, et a soulign\u00e9 par la m\u00eame occasion que les revenus seront consacr\u00e9s \u00e0 Gaza qui occupe ses pens\u00e9es et hante son esprit, selon ses dires.<\/p>\n\n\n\n<p class=\"wp-block-paragraph\">\u00ab&nbsp; Ana Dami Filastini \u00bb qui a fait vibrer comme d\u2019habitude la sc\u00e8ne est l\u2019une des chansons pr\u00e9sent\u00e9es par Assaf qui a \u00e9galement chant\u00e9 d\u2019autres morceaux, comme :&nbsp; \u00ab Bilad Al Arab\u00bb, \u00ab Salamon Li Gaza \u00bb, \u00abErfaa Rasak \u00bb, \u00ab Balad El Ezz Ya Gaza \u00bb et \u00ab Ya Banat Bladna \u00bb.<\/p>\n\n\n\n<p class=\"wp-block-paragraph\">Ce retour en force depuis la Tunisie, a \u00e9t\u00e9 marqu\u00e9 par la pr\u00e9sence d\u2019un public exceptionnel qui a fait flotter haut le drapeau palestinien dans une sc\u00e8ne \u00e9mouvante alliant la solidarit\u00e9 et les sentiments de fraternit\u00e9 partag\u00e9s depuis toujours entre les peuples tunisien et palestinien.<\/p>\n\n\n\n<p class=\"wp-block-paragraph\">En outre, la grande harmonie qui s\u2019est impos\u00e9e entre la voix de l\u2019artiste Assaf et son public durant cette soir\u00e9e a transform\u00e9 le deuil, en raison de la guerre \u00e0 Gaza, en une expression humanitaire soulignant l\u2019importance de chaque acte visant \u00e0 faire entendre la voix des gazaouis, notamment l\u2019art.<\/p>\n","protected":false},"excerpt":{"rendered":"<p>L\u2019artiste palestinien Mohamed Assaf a bris\u00e9 ce soir le silence afin de chanter pour sa ville natale Gaza apr\u00e8s environ deux ans d\u2019absence sur la sc\u00e8ne artistique, et ce, dans le cadre de la sixi\u00e8me soir\u00e9e de la 59\u00e8me \u00e9dition du Festival International de Carthage en pr\u00e9sence de la ministre des affaires culturelles, Amina Srarfi. [&hellip;]<\/p>\n","protected":false},"author":4,"featured_media":66855,"comment_status":"open","ping_status":"closed","sticky":false,"template":"","format":"standard","meta":{"content-type":"","jnews-multi-image_gallery":[],"jnews_single_post":{"format":"standard"},"jnews_primary_category":[],"jnews_override_bookmark_settings":[],"jnews_review":[],"enable_review":"","type":"","name":"","summary":"","brand":"","sku":"","good":[],"bad":[],"score_override":"","override_value":"","rating":[],"price":[],"jnews_post_split":[],"footnotes":""},"categories":[17],"tags":[12887,3277,11022,16166],"class_list":["post-66854","post","type-post","status-publish","format-standard","has-post-thumbnail","hentry","category-entertainment","tag-amina-srarfi","tag-festival-international-de-carthage-2","tag-gaza","tag-mohamed-assaf"],"_links":{"self":[{"href":"https:\/\/www.africanchallenges.com\/index.php?rest_route=\/wp\/v2\/posts\/66854","targetHints":{"allow":["GET"]}}],"collection":[{"href":"https:\/\/www.africanchallenges.com\/index.php?rest_route=\/wp\/v2\/posts"}],"about":[{"href":"https:\/\/www.africanchallenges.com\/index.php?rest_route=\/wp\/v2\/types\/post"}],"author":[{"embeddable":true,"href":"https:\/\/www.africanchallenges.com\/index.php?rest_route=\/wp\/v2\/users\/4"}],"replies":[{"embeddable":true,"href":"https:\/\/www.africanchallenges.com\/index.php?rest_route=%2Fwp%2Fv2%2Fcomments&post=66854"}],"version-history":[{"count":1,"href":"https:\/\/www.africanchallenges.com\/index.php?rest_route=\/wp\/v2\/posts\/66854\/revisions"}],"predecessor-version":[{"id":66856,"href":"https:\/\/www.africanchallenges.com\/index.php?rest_route=\/wp\/v2\/posts\/66854\/revisions\/66856"}],"wp:featuredmedia":[{"embeddable":true,"href":"https:\/\/www.africanchallenges.com\/index.php?rest_route=\/wp\/v2\/media\/66855"}],"wp:attachment":[{"href":"https:\/\/www.africanchallenges.com\/index.php?rest_route=%2Fwp%2Fv2%2Fmedia&parent=66854"}],"wp:term":[{"taxonomy":"category","embeddable":true,"href":"https:\/\/www.africanchallenges.com\/index.php?rest_route=%2Fwp%2Fv2%2Fcategories&post=66854"},{"taxonomy":"post_tag","embeddable":true,"href":"https:\/\/www.africanchallenges.com\/index.php?rest_route=%2Fwp%2Fv2%2Ftags&post=66854"}],"curies":[{"name":"wp","href":"https:\/\/api.w.org\/{rel}","templated":true}]}}