{"id":66846,"date":"2025-07-28T12:38:25","date_gmt":"2025-07-28T11:38:25","guid":{"rendered":"https:\/\/www.africanchallenges.com\/?p=66846"},"modified":"2025-07-28T12:38:26","modified_gmt":"2025-07-28T11:38:26","slug":"la-messe-ne-doit-pas-etre-dite-concernant-laccord-commercial-annonce-entre-lunion-europeenne-et-les-etats-unis","status":"publish","type":"post","link":"https:\/\/www.africanchallenges.com\/?p=66846","title":{"rendered":"\u00ab\u00a0La messe ne doit pas \u00eatre dite\u00a0\u00bb concernant l&rsquo;accord commercial annonc\u00e9  entre l&rsquo;Union europ\u00e9enne et les Etats-Unis"},"content":{"rendered":"\n<p class=\"wp-block-paragraph\"><strong>L&rsquo;accord commercial conclu dimanche entre les \u00c9tats-Unis et l&rsquo;Union europ\u00e9enne pr\u00e9sente des avantages, notamment pour certaines fili\u00e8res, mais il est d\u00e9s\u00e9quilibr\u00e9 et doit \u00eatre affin\u00e9 pour int\u00e9grer un volet sur les services, estiment lundi plusieurs ministres fran\u00e7ais.&nbsp;<\/strong><\/p>\n\n\n\n<p class=\"wp-block-paragraph\">Les r\u00e9actions fusent lundi 28 juillet en France apr\u00e8s l&rsquo;annonce d&rsquo;un accord commercial entre l&rsquo;Union europ\u00e9enne et les \u00c9tats-Unis instaurant des droits de douane de 15 % sur la plupart des produits des 27 \u00c9tats membres.<\/p>\n\n\n\n<p class=\"wp-block-paragraph\">Le Premier ministre fran\u00e7ais Fran\u00e7ois Bayrou a ainsi regrett\u00e9 \u00ab\u00a0un jour sombre\u00a0\u00bb pour l&rsquo;Europe qui \u00ab\u00a0se r\u00e9sout \u00e0 la soumission\u00a0\u00bb en signant l&rsquo;accord. \u00ab\u00a0C&rsquo;est un jour sombre que celui o\u00f9 une alliance de peuples libres, rassembl\u00e9s pour affirmer leurs valeurs et d\u00e9fendre leurs int\u00e9r\u00eats, se r\u00e9sout \u00e0 la soumission\u00a0\u00bb, a r\u00e9agi le chef du gouvernement sur X.<\/p>\n\n\n\n<p class=\"wp-block-paragraph\"><strong>Quant \u00e0 Emmanuel Macron, il n&rsquo;a toujours pas r\u00e9agi<\/strong><\/p>\n\n\n\n<p class=\"wp-block-paragraph\">\u00ab\u00a0C&rsquo;est une d\u00e9faite de la Commission europ\u00e9enne qui n&rsquo;a pas su cr\u00e9er le rapport de force et d\u00e9fendre correctement les int\u00e9r\u00eats europ\u00e9ens\u00a0\u00bb, a de son c\u00f4t\u00e9 r\u00e9agi Pieyre-Alexandre Anglade, d\u00e9put\u00e9 macroniste et pr\u00e9sident de la commission des affaires europ\u00e9ennes de l&rsquo;Assembl\u00e9e nationale. Il d\u00e9nonce un \u00ab\u00a0signal de faiblesse\u00a0\u00bb envoy\u00e9 \u00ab\u00a0\u00e0 nos concurrents\u00a0\u00bb. \u00ab\u00a0Il faut se battre pour inverser les choses.\u00a0\u00bb<\/p>\n\n\n\n<p class=\"wp-block-paragraph\">Une critique partag\u00e9e dans les rangs du Rassemblement national.&nbsp;\u00ab\u00a0Ursula von der Leyen a accept\u00e9 hier la reddition commerciale de l&rsquo;Europe, au d\u00e9triment de nos exportateurs, agriculteurs et industriels\u00a0\u00bb, a d\u00e9nonc\u00e9 sur X Jordan Bardella. La veille, Marine Le&nbsp;Pen avait tacl\u00e9 \u00ab\u00a0un fiasco politique, \u00e9conomique et moral\u00a0\u00bb.<\/p>\n\n\n\n<h4 class=\"wp-block-heading\"><strong>\u00ab\u00a0Stabilit\u00e9 temporaire\u00a0\u00bb<\/strong><\/h4>\n\n\n\n<p class=\"wp-block-paragraph\">N\u00e9goci\u00e9 \u00e2prement depuis des mois, l&rsquo;accord pr\u00e9voit des\u00a0droits de douane\u00a0sur toutes les importations europ\u00e9ennes vers les \u00c9tats-Unis,\u00a0\u00e0 un taux unique de 15 %, comprenant toutes les taxes d\u00e9j\u00e0 existantes. Cela concerne par exemple le secteur automobile, crucial pour des pays comme l&rsquo;Allemagne.<\/p>\n\n\n\n<p class=\"wp-block-paragraph\">\u00ab\u00a0L&rsquo;accord commercial n\u00e9goci\u00e9 par la Commission europ\u00e9enne avec les \u00c9tats-Unis apportera une stabilit\u00e9 temporaire aux acteurs \u00e9conomiques menac\u00e9s par l&rsquo;escalade douani\u00e8re am\u00e9ricaine, mais il est d\u00e9s\u00e9quilibr\u00e9\u00a0\u00bb,\u00a0a quant \u00e0 lui d\u00e9plor\u00e9 sur X Benjamin Haddad, ministre d\u00e9l\u00e9gu\u00e9 charg\u00e9 de l&rsquo;Europe.<\/p>\n\n\n\n<p class=\"wp-block-paragraph\">Laurent Saint-Martin, ministre d\u00e9l\u00e9gu\u00e9 aupr\u00e8s du ministre de l\u2019Europe et des Affaires \u00e9trang\u00e8res, charg\u00e9 du Commerce ext\u00e9rieur et des Fran\u00e7ais de l\u2019\u00e9tranger, a abond\u00e9 dans le m\u00eame sens. \u00ab\u00a0La bonne nouvelle ce matin, c&rsquo;est qu&rsquo;il y a un accord et que donc nos entreprises ont de la visibilit\u00e9. Et donc il y a de la stabilit\u00e9 d\u00e9sormais dans la relation transatlantique commerciale pour l&rsquo;investissement entre l&rsquo;Union europ\u00e9enne et les \u00c9tats-Unis\u00a0\u00bb, a-t-il dit, soulignant que les entreprises redoutaient que cette incertitude se transforme en incapacit\u00e9 d&rsquo;investir.<\/p>\n\n\n\n<p class=\"wp-block-paragraph\">Mais \u00ab\u00a0cet accord n&rsquo;est pas \u00e9quilibr\u00e9 et donc il va nous falloir continuer \u00e0 travailler. Car, finalement, cet accord concerne essentiellement les biens, les taxations sur les biens, sur les produits manufactur\u00e9s, et je crois qu&rsquo;il y a beaucoup de travail \u00e0 faire aussi sur un autre d\u00e9s\u00e9quilibre commercial, que parfois Donald Trump oublie de citer, qui est celui des services et notamment des services num\u00e9riques\u00a0\u00bb, a-t-il poursuivi.<\/p>\n\n\n\n<h4 class=\"wp-block-heading\"><strong>Les exemptions en question<\/strong><\/h4>\n\n\n\n<p class=\"wp-block-paragraph\">Benjamin Haddad a par ailleurs not\u00e9 que l&rsquo;accord avait \u00ab\u00a0le m\u00e9rite d&rsquo;exempter de droits de douane des secteurs cl\u00e9s pour l&rsquo;\u00e9conomie fran\u00e7aise (a\u00e9ronautique, spiritueux, m\u00e9dicaments)\u00a0\u00bb, sans plus de pr\u00e9cisions.<\/p>\n\n\n\n<p class=\"wp-block-paragraph\">Interrog\u00e9 sur le sujet, Laurent Saint-Martin s&rsquo;est montr\u00e9 plus prudent, affirmant que \u00ab\u00a0les spiritueux devraient effectivement \u00eatre dans l&rsquo;accord\u00a0\u00bb, mais soulignant que ces exemptions sectorielles \u00e9taient tr\u00e8s importantes pour la France.<\/p>\n\n\n\n<p class=\"wp-block-paragraph\">La pr\u00e9sidente de la Commission europ\u00e9enne Ursula von der Leyen a en effet affirm\u00e9 qu&rsquo;il n&rsquo;y aurait plus aucun droit de douane sur des \u00ab\u00a0secteurs strat\u00e9giques\u00a0\u00bb\u00a0comme l&rsquo;a\u00e9ronautique, \u00ab\u00a0certains produits chimiques, certains produits agricoles\u00a0\u00bb ou encore \u00ab\u00a0certaines mati\u00e8res premi\u00e8res strat\u00e9giques\u00a0\u00bb. La liste de ces produits n&rsquo;a toutefois pas \u00e9t\u00e9 d\u00e9taill\u00e9e.<\/p>\n\n\n\n<p class=\"wp-block-paragraph\">Le ministre de l&rsquo;\u00c9conomie, \u00c9ric Lombard, et celui des Affaires \u00e9trang\u00e8res, Jean-No\u00ebl Barrot, r\u00e9uniront mercredi \u00e0 Bercy \u00ab\u00a0les fili\u00e8res \u00e9conomiques\u00a0\u00bb pour \u00e9voquer les \u00ab\u00a0cons\u00e9quences\u00a0\u00bb de l&rsquo;accord, a annonc\u00e9 le minist\u00e8re de l&rsquo;\u00c9conomie \u00e0 l&rsquo;AFP.<\/p>\n\n\n\n<p class=\"wp-block-paragraph\">La r\u00e9union, qui se tiendra en d\u00e9but d&rsquo;apr\u00e8s-midi, rassemblera les organisations patronales ainsi que les f\u00e9d\u00e9rations repr\u00e9sentant les fili\u00e8res industrielles \u00ab\u00a0impact\u00e9es par les droits de douane am\u00e9ricains\u00a0\u00bb, a pr\u00e9cis\u00e9 le minist\u00e8re dans un communiqu\u00e9.<\/p>\n\n\n\n<p class=\"wp-block-paragraph\"><strong>Avec AFP<\/strong><\/p>\n","protected":false},"excerpt":{"rendered":"<p>L&rsquo;accord commercial conclu dimanche entre les \u00c9tats-Unis et l&rsquo;Union europ\u00e9enne pr\u00e9sente des avantages, notamment pour certaines fili\u00e8res, mais il est d\u00e9s\u00e9quilibr\u00e9 et doit \u00eatre affin\u00e9 pour int\u00e9grer un volet sur les services, estiment lundi plusieurs ministres fran\u00e7ais.&nbsp; Les r\u00e9actions fusent lundi 28 juillet en France apr\u00e8s l&rsquo;annonce d&rsquo;un accord commercial entre l&rsquo;Union europ\u00e9enne et les [&hellip;]<\/p>\n","protected":false},"author":4,"featured_media":66847,"comment_status":"open","ping_status":"closed","sticky":false,"template":"","format":"standard","meta":{"content-type":"","jnews-multi-image_gallery":[],"jnews_single_post":{"format":"standard"},"jnews_primary_category":[],"jnews_override_bookmark_settings":[],"jnews_review":[],"enable_review":"","type":"","name":"","summary":"","brand":"","sku":"","good":[],"bad":[],"score_override":"","override_value":"","rating":[],"price":[],"jnews_post_split":[],"footnotes":""},"categories":[6,2],"tags":[1103,2269,4130],"class_list":["post-66846","post","type-post","status-publish","format-standard","has-post-thumbnail","hentry","category-world","category-news-politique","tag-accord","tag-lunion-europeenne","tag-les-etats-unis"],"_links":{"self":[{"href":"https:\/\/www.africanchallenges.com\/index.php?rest_route=\/wp\/v2\/posts\/66846","targetHints":{"allow":["GET"]}}],"collection":[{"href":"https:\/\/www.africanchallenges.com\/index.php?rest_route=\/wp\/v2\/posts"}],"about":[{"href":"https:\/\/www.africanchallenges.com\/index.php?rest_route=\/wp\/v2\/types\/post"}],"author":[{"embeddable":true,"href":"https:\/\/www.africanchallenges.com\/index.php?rest_route=\/wp\/v2\/users\/4"}],"replies":[{"embeddable":true,"href":"https:\/\/www.africanchallenges.com\/index.php?rest_route=%2Fwp%2Fv2%2Fcomments&post=66846"}],"version-history":[{"count":1,"href":"https:\/\/www.africanchallenges.com\/index.php?rest_route=\/wp\/v2\/posts\/66846\/revisions"}],"predecessor-version":[{"id":66848,"href":"https:\/\/www.africanchallenges.com\/index.php?rest_route=\/wp\/v2\/posts\/66846\/revisions\/66848"}],"wp:featuredmedia":[{"embeddable":true,"href":"https:\/\/www.africanchallenges.com\/index.php?rest_route=\/wp\/v2\/media\/66847"}],"wp:attachment":[{"href":"https:\/\/www.africanchallenges.com\/index.php?rest_route=%2Fwp%2Fv2%2Fmedia&parent=66846"}],"wp:term":[{"taxonomy":"category","embeddable":true,"href":"https:\/\/www.africanchallenges.com\/index.php?rest_route=%2Fwp%2Fv2%2Fcategories&post=66846"},{"taxonomy":"post_tag","embeddable":true,"href":"https:\/\/www.africanchallenges.com\/index.php?rest_route=%2Fwp%2Fv2%2Ftags&post=66846"}],"curies":[{"name":"wp","href":"https:\/\/api.w.org\/{rel}","templated":true}]}}