{"id":66840,"date":"2025-07-26T21:35:49","date_gmt":"2025-07-26T20:35:49","guid":{"rendered":"https:\/\/www.africanchallenges.com\/?p=66840"},"modified":"2025-07-26T21:35:50","modified_gmt":"2025-07-26T20:35:50","slug":"tunisie-la-star-tunisienne-latifa-arfaoui-enflamme-la-scene-de-carthage-lors-de-la-fete-de-la-republique-tunisienne","status":"publish","type":"post","link":"https:\/\/www.africanchallenges.com\/?p=66840","title":{"rendered":"Tunisie : La star tunisienne Latifa Arfaoui enflamme la sc\u00e8ne de Carthage lors de la F\u00eate de la R\u00e9publique tunisienne"},"content":{"rendered":"\n<p class=\"wp-block-paragraph\">Pour la quatri\u00e8me soir\u00e9e du Festival international de Carthage, la star tunisienne Latifa a sign\u00e9 son retour devant un th\u00e9\u00e2tre archicomble, en pr\u00e9sence de la ministre des Affaires culturelles Mme Amina Srarfi.<\/p>\n\n\n\n<p class=\"wp-block-paragraph\">Le concert a \u00e9t\u00e9 transmis en direct sur la chaine de t\u00e9l\u00e9vision nationale \u00ab Watania \u00bb.<\/p>\n\n\n\n<p class=\"wp-block-paragraph\">&nbsp;Ce moment symbolique du 25 juillet qui correspond \u00e0 la F\u00eate de la R\u00e9publique tunisienne a \u00e9t\u00e9 pour Latifa une occasion pour renouer avec son pays et son public. Il s\u2019agit \u00e9galement de rendre hommage \u00e0 une artiste qui incarne, par son talent et son rayonnement \u00e0 l\u2019\u00e9chelle arabe, la richesse culturelle et l\u2019identit\u00e9 musicale de la Tunisie.<\/p>\n\n\n\n<p class=\"wp-block-paragraph\">Pour ce concert, Latifa a altern\u00e9 chansons d\u2019amour et chansons patriotiques, en privil\u00e9giant le dialecte tunisien.<\/p>\n\n\n\n<p class=\"wp-block-paragraph\">Sous la baguette de Youssef Belheni, la soir\u00e9e a \u00e9t\u00e9 entam\u00e9e par \u00ab El houma el arbi \u00bb, une ode \u00e0 la M\u00e9dina tunisienne avec une chor\u00e9graphie en tenues traditionnelles con\u00e7ue par Sihem Belkhoudja.<\/p>\n\n\n\n<p class=\"wp-block-paragraph\">Le programme s\u2019est poursuivi avec \u00ab Ye Sidi messi alina \u00bb, un tube sorti il y a 22 ans, comme l\u2019a indiqu\u00e9 Latifa, puis \u00ab Bel arabi \u00bb.<\/p>\n\n\n\n<p class=\"wp-block-paragraph\">Entre les titres, la star s\u2019est adress\u00e9e en continu au public pour partager ses \u00e9motions, des anecdotes et surtout souligner le contexte particulier de cette soir\u00e9e sous le signe de l\u2019amour du pays. \u00ab Nhebek \u00bb, une chanson patriotique, a \u00e9t\u00e9 interpr\u00e9t\u00e9e avec Latifa et les danseurs portant le drapeau tunisien.<\/p>\n\n\n\n<p class=\"wp-block-paragraph\">Une pens\u00e9e sp\u00e9ciale \u00e0 la Palestine a figur\u00e9 dans la chor\u00e9graphie avec le drapeau Palestinien port\u00e9 par la chanteuse elle-m\u00eame qui a cl\u00f4tur\u00e9 sa performance avec une pri\u00e8re pour ce peuple en d\u00e9tresse.<\/p>\n\n\n\n<p class=\"wp-block-paragraph\">Une chanson sur l\u2019exil \u00ab Yally mrawah \u00bb sortie il y a deux mois a \u00e9voqu\u00e9 le th\u00e8me de l\u2019immigration clandestine, illustr\u00e9e avec la chor\u00e9graphie d\u2019un danseur en bou\u00e9e.<\/p>\n\n\n\n<p class=\"wp-block-paragraph\">Latifa a \u00e9t\u00e9 \u00e0 l\u2019\u00e9coute des propositions du public pour le programme&nbsp; du concert. Bien qu\u2019elle vienne de sortir son nouvel album \u00ab Albi rteh \u00bb en 2025, elle est revenue \u00e0 des titres plus anciens qui ont \u00e9t\u00e9 r\u00e9clam\u00e9s par les spectateurs. Ainsi, \u00ab Lama yguibo sirtak \u00bb, \u00ab Ya layali \u00bb, \u00ab Baheb f gharamek \u00bb, \u00abHobbak Hadi \u00bb, \u00ab Inchallah \u00bb&nbsp; et d\u2019autres chansons bien c\u00e9l\u00e8bres de son r\u00e9pertoire ont \u00e9t\u00e9 reprises en ch\u0153ur par le public et suivies d\u2019applaudissements et de youyous.<\/p>\n\n\n\n<p class=\"wp-block-paragraph\">Parmi les chansons de son dernier album paru au cours de ce mois, \u00ab Sorry \u00bb, un titre l\u00e9ger et dansant a \u00e9t\u00e9 interpr\u00e9t\u00e9 sur sc\u00e8ne pour la premi\u00e8re fois.<\/p>\n\n\n\n<p class=\"wp-block-paragraph\">La soir\u00e9e a \u00e9t\u00e9 cl\u00f4tur\u00e9e avec \u00ab Ahimou bi Tounes l Khadhraa \u00bb.<\/p>\n\n\n\n<p class=\"wp-block-paragraph\">De nombreux spectateurs ont ramen\u00e9 des drapeaux et les ont remu\u00e9s en chantant haut et fort ce tube embl\u00e9matique de Latifa. V\u00eatus de blanc, les danseurs brandissaient fi\u00e8rement les drapeaux tunisiens, tandis qu\u2019en arri\u00e8re-plan, le drapeau national flottait sur l\u2019\u00e9cran g\u00e9ant.<\/p>\n\n\n\n<p class=\"wp-block-paragraph\">La star n\u2019a pas retenu ses larmes d\u2019\u00e9motion et a lanc\u00e9 \u00e0 la fin \u00ab Que dieu prot\u00e8ge notre pays (Allah yahmi bledna).<\/p>\n\n\n\n<p class=\"wp-block-paragraph\">Lors de la conf\u00e9rence de presse, Latifa a indiqu\u00e9 que ce spectacle a n\u00e9cessit\u00e9 deux mois de pr\u00e9paration. C\u2019est un show musical qui sera export\u00e9 pour une tourn\u00e9e en Europe et dans de nombreux pays arabes avec la m\u00eame chor\u00e9graphie. Concernant ses chansons engag\u00e9es, elle a r\u00e9pondu qu\u2019on ne peut pas vivre \u00e0 l\u2019\u00e9cart des maux du monde. Latifa a \u00e9galement soulign\u00e9 l\u2019importance de suivre les tendances musicales en y apportant sa propre touche.&nbsp;<\/p>\n\n\n\n<p class=\"wp-block-paragraph\">Le Festival International de Carthage poursuit ainsi sa mission de promouvoir la culture tunisienne tout en c\u00e9l\u00e9brant ses ic\u00f4nes.<\/p>\n\n\n\n<p class=\"wp-block-paragraph\">Le public aura rendez-vous avec d\u2019autres artistes nationaux pour des concerts en solo ou en groupe&nbsp; pour le reste de cette \u00e9dition.<\/p>\n","protected":false},"excerpt":{"rendered":"<p>Pour la quatri\u00e8me soir\u00e9e du Festival international de Carthage, la star tunisienne Latifa a sign\u00e9 son retour devant un th\u00e9\u00e2tre archicomble, en pr\u00e9sence de la ministre des Affaires culturelles Mme Amina Srarfi. Le concert a \u00e9t\u00e9 transmis en direct sur la chaine de t\u00e9l\u00e9vision nationale \u00ab Watania \u00bb. &nbsp;Ce moment symbolique du 25 juillet qui [&hellip;]<\/p>\n","protected":false},"author":4,"featured_media":66841,"comment_status":"open","ping_status":"closed","sticky":false,"template":"","format":"standard","meta":{"content-type":"","jnews-multi-image_gallery":[],"jnews_single_post":{"format":"standard"},"jnews_primary_category":[],"jnews_override_bookmark_settings":[],"jnews_review":[],"enable_review":"","type":"","name":"","summary":"","brand":"","sku":"","good":[],"bad":[],"score_override":"","override_value":"","rating":[],"price":[],"jnews_post_split":[],"footnotes":""},"categories":[17],"tags":[8278,232,16158,10691],"class_list":["post-66840","post","type-post","status-publish","format-standard","has-post-thumbnail","hentry","category-entertainment","tag-25-juillet","tag-carthage","tag-fete-de-la-republique-tunisienne","tag-latifa-arfaoui"],"_links":{"self":[{"href":"https:\/\/www.africanchallenges.com\/index.php?rest_route=\/wp\/v2\/posts\/66840","targetHints":{"allow":["GET"]}}],"collection":[{"href":"https:\/\/www.africanchallenges.com\/index.php?rest_route=\/wp\/v2\/posts"}],"about":[{"href":"https:\/\/www.africanchallenges.com\/index.php?rest_route=\/wp\/v2\/types\/post"}],"author":[{"embeddable":true,"href":"https:\/\/www.africanchallenges.com\/index.php?rest_route=\/wp\/v2\/users\/4"}],"replies":[{"embeddable":true,"href":"https:\/\/www.africanchallenges.com\/index.php?rest_route=%2Fwp%2Fv2%2Fcomments&post=66840"}],"version-history":[{"count":1,"href":"https:\/\/www.africanchallenges.com\/index.php?rest_route=\/wp\/v2\/posts\/66840\/revisions"}],"predecessor-version":[{"id":66842,"href":"https:\/\/www.africanchallenges.com\/index.php?rest_route=\/wp\/v2\/posts\/66840\/revisions\/66842"}],"wp:featuredmedia":[{"embeddable":true,"href":"https:\/\/www.africanchallenges.com\/index.php?rest_route=\/wp\/v2\/media\/66841"}],"wp:attachment":[{"href":"https:\/\/www.africanchallenges.com\/index.php?rest_route=%2Fwp%2Fv2%2Fmedia&parent=66840"}],"wp:term":[{"taxonomy":"category","embeddable":true,"href":"https:\/\/www.africanchallenges.com\/index.php?rest_route=%2Fwp%2Fv2%2Fcategories&post=66840"},{"taxonomy":"post_tag","embeddable":true,"href":"https:\/\/www.africanchallenges.com\/index.php?rest_route=%2Fwp%2Fv2%2Ftags&post=66840"}],"curies":[{"name":"wp","href":"https:\/\/api.w.org\/{rel}","templated":true}]}}