{"id":66795,"date":"2025-07-23T17:15:54","date_gmt":"2025-07-23T16:15:54","guid":{"rendered":"https:\/\/www.africanchallenges.com\/?p=66795"},"modified":"2025-07-23T17:15:55","modified_gmt":"2025-07-23T16:15:55","slug":"tunisie-le-ministre-des-affaires-etrangeres-recoit-m-massad-boulos-haut-conseiller-du-president-americain-donald-trump-pour-les-affaires-du-moyen-orient-du-monde-arabe-et-de-lafrique","status":"publish","type":"post","link":"https:\/\/www.africanchallenges.com\/?p=66795","title":{"rendered":"Tunisie : Le Ministre des Affaires Etrang\u00e8res re\u00e7oit M. Massad Boulos, Haut Conseiller du Pr\u00e9sident am\u00e9ricain Donald Trump, pour les affaires du Moyen-Orient, du monde arabe et de l\u2019Afrique"},"content":{"rendered":"\n<p class=\"wp-block-paragraph\">M. Mohamed Ali Nafti, Ministre des Affaires Etrang\u00e8res, de la Migration et des Tunisiens \u00e0 l\u2019Etranger, a re\u00e7u, le 22 juillet 2025, M. Massad Boulos, Haut Conseiller du Pr\u00e9sident am\u00e9ricain Donald Trump, pour les affaires du Moyen-Orient, du monde arabe et de l\u2019Afrique, qui effectue une visite officielle en Tunisie les 22 et 23 juillet 2025, accompagn\u00e9 de M. Joshua Harris, Sous-Secr\u00e9taire adjoint am\u00e9ricain aux Affaires \u00e9trang\u00e8res, Charg\u00e9 de l\u2019Afrique du Nord.<\/p>\n\n\n\n<p class=\"wp-block-paragraph\">La rencontre a \u00e9t\u00e9 l\u2019occasion de r\u00e9affirmer la profondeur et la solidit\u00e9 des relations historiques entre la Tunisie et les \u00c9tats-Unis d\u2019Am\u00e9rique, qui durent depuis plus de 228 ans, et se sont poursuivies apr\u00e8s l\u2019Ind\u00e9pendance sur la base du respect mutuel et des int\u00e9r\u00eats communs des deux peuples amis. Les deux parties ont exprim\u00e9 leur engagement commun \u00e0 poursuivre le d\u00e9veloppement de ces relations et \u00e0 les renforcer davantage au service des int\u00e9r\u00eats des deux pays amis et en soutien aux efforts de d\u00e9veloppement et de stabilit\u00e9 aux niveaux r\u00e9gional et africain.<\/p>\n\n\n\n<p class=\"wp-block-paragraph\">Le Ministre a discut\u00e9 avec le Conseiller am\u00e9ricain des voies et moyens de renforcer la coop\u00e9ration bilat\u00e9rale dans plusieurs domaines prioritaires, tout en soulignant l\u2019importance de d\u00e9velopper les \u00e9changes commerciaux et de stimuler les investissements am\u00e9ricains en Tunisie. Il a mis en avant les opportunit\u00e9s prometteuses qu\u2019offre le march\u00e9 tunisien et invit\u00e9 les entreprises am\u00e9ricaines \u00e0 participer \u00e0 la r\u00e9alisation de grands projets strat\u00e9gique en Tunisie. Il a \u00e9galement exprim\u00e9 le souhait de voir la communaut\u00e9 et les comp\u00e9tences tunisiennes r\u00e9sidant aux \u00c9tats-Unis d\u2019Am\u00e9rique b\u00e9n\u00e9ficier de l\u2019attention et de l\u2019accompagnement qu\u2019elles m\u00e9ritent, afin de faciliter leur int\u00e9gration dans le pays de r\u00e9sidence<\/p>\n\n\n\n<p class=\"wp-block-paragraph\">De son c\u00f4t\u00e9, M. Boulos a r\u00e9affirm\u00e9 la volont\u00e9 de la partie am\u00e9ricaine d\u2019ancrer une pratique r\u00e9guli\u00e8re de dialogue et de coop\u00e9ration avec la Tunisie, tant au niveau bilat\u00e9ral que multilat\u00e9ral, afin de renforcer davantage le rapprochement entre les deux pays ainsi qu\u2019entre les institutions tunisiennes et am\u00e9ricaines, aussi bien dans les secteurs publics que priv\u00e9.<\/p>\n\n\n\n<p class=\"wp-block-paragraph\">Les deux parties ont \u00e9galement abord\u00e9 les d\u00e9veloppements de la situation r\u00e9gionale et internationale, en particulier la crise humanitaire dans la bande de Gaza, en Palestine occup\u00e9e. Le Ministre a soulign\u00e9 la n\u00e9cessit\u00e9 d\u2019assurer d\u2019urgence l\u2019acheminement de l\u2019aide humanitaire et m\u00e9dicale, mettant en garde contre les graves cons\u00e9quences humanitaires d\u2019un retard dans la r\u00e9ponse aux besoins vitaux de la population. Elles ont soulign\u00e9 l\u2019importance de parvenir \u00e0 une solution politique libyo-libyenne, sous l\u2019\u00e9gide des Nations Unies, qui pr\u00e9serve la s\u00e9curit\u00e9, la stabilit\u00e9 et l\u2019unit\u00e9 territoriale de la Libye.<\/p>\n","protected":false},"excerpt":{"rendered":"<p>M. Mohamed Ali Nafti, Ministre des Affaires Etrang\u00e8res, de la Migration et des Tunisiens \u00e0 l\u2019Etranger, a re\u00e7u, le 22 juillet 2025, M. Massad Boulos, Haut Conseiller du Pr\u00e9sident am\u00e9ricain Donald Trump, pour les affaires du Moyen-Orient, du monde arabe et de l\u2019Afrique, qui effectue une visite officielle en Tunisie les 22 et 23 juillet [&hellip;]<\/p>\n","protected":false},"author":4,"featured_media":66796,"comment_status":"open","ping_status":"closed","sticky":false,"template":"","format":"standard","meta":{"content-type":"","jnews-multi-image_gallery":[],"jnews_single_post":{"format":"standard"},"jnews_primary_category":[],"jnews_override_bookmark_settings":[],"jnews_review":[],"enable_review":"","type":"","name":"","summary":"","brand":"","sku":"","good":[],"bad":[],"score_override":"","override_value":"","rating":[],"price":[],"jnews_post_split":[],"footnotes":""},"categories":[2],"tags":[47,15042,16120,12972,1282,54,1190],"class_list":["post-66795","post","type-post","status-publish","format-standard","has-post-thumbnail","hentry","category-news-politique","tag-donald-trump","tag-les-etats-unis-damerique","tag-massad-boulos","tag-mohamed-ali-ali-nafti","tag-rencontre","tag-tunisie","tag-visite"],"_links":{"self":[{"href":"https:\/\/www.africanchallenges.com\/index.php?rest_route=\/wp\/v2\/posts\/66795","targetHints":{"allow":["GET"]}}],"collection":[{"href":"https:\/\/www.africanchallenges.com\/index.php?rest_route=\/wp\/v2\/posts"}],"about":[{"href":"https:\/\/www.africanchallenges.com\/index.php?rest_route=\/wp\/v2\/types\/post"}],"author":[{"embeddable":true,"href":"https:\/\/www.africanchallenges.com\/index.php?rest_route=\/wp\/v2\/users\/4"}],"replies":[{"embeddable":true,"href":"https:\/\/www.africanchallenges.com\/index.php?rest_route=%2Fwp%2Fv2%2Fcomments&post=66795"}],"version-history":[{"count":1,"href":"https:\/\/www.africanchallenges.com\/index.php?rest_route=\/wp\/v2\/posts\/66795\/revisions"}],"predecessor-version":[{"id":66797,"href":"https:\/\/www.africanchallenges.com\/index.php?rest_route=\/wp\/v2\/posts\/66795\/revisions\/66797"}],"wp:featuredmedia":[{"embeddable":true,"href":"https:\/\/www.africanchallenges.com\/index.php?rest_route=\/wp\/v2\/media\/66796"}],"wp:attachment":[{"href":"https:\/\/www.africanchallenges.com\/index.php?rest_route=%2Fwp%2Fv2%2Fmedia&parent=66795"}],"wp:term":[{"taxonomy":"category","embeddable":true,"href":"https:\/\/www.africanchallenges.com\/index.php?rest_route=%2Fwp%2Fv2%2Fcategories&post=66795"},{"taxonomy":"post_tag","embeddable":true,"href":"https:\/\/www.africanchallenges.com\/index.php?rest_route=%2Fwp%2Fv2%2Ftags&post=66795"}],"curies":[{"name":"wp","href":"https:\/\/api.w.org\/{rel}","templated":true}]}}