{"id":66778,"date":"2025-07-22T19:06:55","date_gmt":"2025-07-22T18:06:55","guid":{"rendered":"https:\/\/www.africanchallenges.com\/?p=66778"},"modified":"2025-07-22T19:06:59","modified_gmt":"2025-07-22T18:06:59","slug":"tunisie-examen-en-conseil-ministeriel-de-letat-davancement-de-la-preparation-du-projet-de-loi-de-finances-pour-lannee-2026","status":"publish","type":"post","link":"https:\/\/www.africanchallenges.com\/?p=66778","title":{"rendered":"Tunisie\u00a0: Examen en conseil minist\u00e9riel, de l&rsquo;\u00e9tat d&rsquo;avancement de la pr\u00e9paration du projet de loi de finances pour l&rsquo;ann\u00e9e 2026"},"content":{"rendered":"\n<p class=\"wp-block-paragraph\">Le mardi 22 juillet 2025, la cheffe du gouvernement, Mme Sarra Zaafrani Zenzri a supervis\u00e9 un conseil minist\u00e9riel d\u00e9di\u00e9 au suivi de l&rsquo;avancement de la pr\u00e9paration du projet de loi de finances pour l&rsquo;ann\u00e9e 2026 au palais du gouvernement dans la Kasbah.<\/p>\n\n\n\n<p class=\"wp-block-paragraph\">ue le projet de loi de finances pour l&rsquo;ann\u00e9e 2026 repr\u00e9sente la r\u00e9alisation de la politique de l&rsquo;\u00c9tat et de ses grandes orientations, qui se concentre principalement sur l&rsquo;harmonisation entre justice sociale et croissance \u00e9conomique, afin de faire de cette loi un v\u00e9ritable levier pour relever les d\u00e9fis structurels et atteindre les objectifs du plan de d\u00e9veloppement 2026-2030. <\/p>\n\n\n\n<p class=\"wp-block-paragraph\">Ce plan repose sur une approche ascendante, d\u00e9butant au niveau local, puis r\u00e9gional, et enfin national, conform\u00e9ment \u00e0 la vision de Son Excellence le pr\u00e9sident de la R\u00e9publique, M. Kais Saied, qui affirme que l\u00e0 o\u00f9 la loi de finances ne devrait pas se limiter \u00e0 des chiffres et des proportions, elle devrait plut\u00f4t \u00eatre un instrument souverain incarnant la volont\u00e9 populaire, rompant avec les perceptions et approches ant\u00e9rieures qui n&rsquo;ont permis d&rsquo;atteindre ni la justice ni l&rsquo;\u00e9quit\u00e9.<\/p>\n\n\n\n<p class=\"wp-block-paragraph\">&nbsp;Dans ce contexte, la cheffe du gouvernement a soulign\u00e9 la n\u00e9cessit\u00e9 que le projet de loi de finances pour 2026 corresponde aux orientations strat\u00e9giques de l&rsquo;\u00c9tat, en s&rsquo;appuyant sur l&rsquo;autonomie et en adoptant des m\u00e9canismes de financement innovants bas\u00e9s sur de nouvelles approches en rupture avec les m\u00e9thodes traditionnelles, pour faire face aux mutations \u00e9conomiques et aux pressions g\u00e9opolitiques mondiales, en rationalisant les d\u00e9penses et en stimulant la croissance.<\/p>\n\n\n\n<p class=\"wp-block-paragraph\">&nbsp;Elle a \u00e9galement insist\u00e9 sur la n\u00e9cessit\u00e9 de construire un nouveau mod\u00e8le \u00e9conomique et social, en revoyant un certain nombre de l\u00e9gislations pour parvenir \u00e0 un r\u00e9el \u00e9quilibre entre les exigences de croissance et de justice sociale.<\/p>\n\n\n\n<p class=\"wp-block-paragraph\">&nbsp;Le conseil a pass\u00e9 en revue les axes les plus importants inclus dans le projet de loi de finances pour l&rsquo;ann\u00e9e 2026, repr\u00e9sent\u00e9s notamment par:<\/p>\n\n\n\n<p class=\"wp-block-paragraph\">&#8211; Renforcer les piliers sociaux de l&rsquo;\u00c9tat, \u00e0 travers plus de prise en charge et de sensibilisation des groupes sociaux vuln\u00e9rables et \u00e0 faible revenu et travailler \u00e0 leur int\u00e9gration \u00e9conomique et \u00e0 l&rsquo;am\u00e9lioration de leurs conditions de vie.<\/p>\n\n\n\n<p class=\"wp-block-paragraph\">&#8211; L&#8217;emploi et la r\u00e9duction du ch\u00f4mage en ouvrant de nouveaux horizons d&rsquo;affectations dans la fonction  publique au cours de l&rsquo;ann\u00e9e 2026 et en r\u00e9glant de nombreux postes administratifs.<\/p>\n\n\n\n<p class=\"wp-block-paragraph\">-Investissement dans le d\u00e9veloppement r\u00e9gional bas\u00e9 sur les r\u00e9sultats des travaux des conseils locaux, r\u00e9gionaux et  conseils r\u00e9gionaux dans la pr\u00e9paration du plan de d\u00e9veloppement 2026-2030.<\/p>\n\n\n\n<p class=\"wp-block-paragraph\">&#8211; Pousser l&rsquo;investissement public, consid\u00e9r\u00e9 comme une locomotive de l&rsquo;investissement priv\u00e9, et soutenir les entreprises priv\u00e9es et toutes les petites et moyennes entreprises.<\/p>\n\n\n\n<p class=\"wp-block-paragraph\">-Mener des r\u00e9formes radicales et structurelles dans les secteurs de la sant\u00e9, des transports et de l&rsquo;\u00e9ducation.<\/p>\n\n\n\n<p class=\"wp-block-paragraph\">-Appui de l&rsquo;investissement dans le domaine des \u00e9nergies renouvelables.<\/p>\n\n\n\n<p class=\"wp-block-paragraph\">&#8211; Int\u00e9gration de l&rsquo;\u00e9conomie parall\u00e8le et cons\u00e9cration de la Justice Fiscale.<\/p>\n\n\n\n<p class=\"wp-block-paragraph\">&nbsp;A l&rsquo;issue des travaux du conseil, la cheffe du gouvernement a soulign\u00e9 la n\u00e9cessit\u00e9 pour la loi de finances 2026 de r\u00e9pondre aux aspirations de tous les Tunisiens et de parvenir \u00e0 la justice sociale et \u00e0 la croissance \u00e9conomique.<\/p>\n","protected":false},"excerpt":{"rendered":"<p>Le mardi 22 juillet 2025, la cheffe du gouvernement, Mme Sarra Zaafrani Zenzri a supervis\u00e9 un conseil minist\u00e9riel d\u00e9di\u00e9 au suivi de l&rsquo;avancement de la pr\u00e9paration du projet de loi de finances pour l&rsquo;ann\u00e9e 2026 au palais du gouvernement dans la Kasbah. ue le projet de loi de finances pour l&rsquo;ann\u00e9e 2026 repr\u00e9sente la r\u00e9alisation [&hellip;]<\/p>\n","protected":false},"author":4,"featured_media":66779,"comment_status":"open","ping_status":"closed","sticky":false,"template":"","format":"standard","meta":{"content-type":"","jnews-multi-image_gallery":[],"jnews_single_post":{"format":"standard"},"jnews_primary_category":[],"jnews_override_bookmark_settings":[],"jnews_review":[],"enable_review":"","type":"","name":"","summary":"","brand":"","sku":"","good":[],"bad":[],"score_override":"","override_value":"","rating":[],"price":[],"jnews_post_split":[],"footnotes":""},"categories":[2],"tags":[4595,15536],"class_list":["post-66778","post","type-post","status-publish","format-standard","has-post-thumbnail","hentry","category-news-politique","tag-conseil-ministeriel","tag-sarra-zaafrani-zenzri-2"],"_links":{"self":[{"href":"https:\/\/www.africanchallenges.com\/index.php?rest_route=\/wp\/v2\/posts\/66778","targetHints":{"allow":["GET"]}}],"collection":[{"href":"https:\/\/www.africanchallenges.com\/index.php?rest_route=\/wp\/v2\/posts"}],"about":[{"href":"https:\/\/www.africanchallenges.com\/index.php?rest_route=\/wp\/v2\/types\/post"}],"author":[{"embeddable":true,"href":"https:\/\/www.africanchallenges.com\/index.php?rest_route=\/wp\/v2\/users\/4"}],"replies":[{"embeddable":true,"href":"https:\/\/www.africanchallenges.com\/index.php?rest_route=%2Fwp%2Fv2%2Fcomments&post=66778"}],"version-history":[{"count":1,"href":"https:\/\/www.africanchallenges.com\/index.php?rest_route=\/wp\/v2\/posts\/66778\/revisions"}],"predecessor-version":[{"id":66780,"href":"https:\/\/www.africanchallenges.com\/index.php?rest_route=\/wp\/v2\/posts\/66778\/revisions\/66780"}],"wp:featuredmedia":[{"embeddable":true,"href":"https:\/\/www.africanchallenges.com\/index.php?rest_route=\/wp\/v2\/media\/66779"}],"wp:attachment":[{"href":"https:\/\/www.africanchallenges.com\/index.php?rest_route=%2Fwp%2Fv2%2Fmedia&parent=66778"}],"wp:term":[{"taxonomy":"category","embeddable":true,"href":"https:\/\/www.africanchallenges.com\/index.php?rest_route=%2Fwp%2Fv2%2Fcategories&post=66778"},{"taxonomy":"post_tag","embeddable":true,"href":"https:\/\/www.africanchallenges.com\/index.php?rest_route=%2Fwp%2Fv2%2Ftags&post=66778"}],"curies":[{"name":"wp","href":"https:\/\/api.w.org\/{rel}","templated":true}]}}