{"id":66642,"date":"2025-07-18T13:06:44","date_gmt":"2025-07-18T12:06:44","guid":{"rendered":"https:\/\/www.africanchallenges.com\/?p=66642"},"modified":"2025-07-18T13:06:45","modified_gmt":"2025-07-18T12:06:45","slug":"tunisie-journee-dinformation-dediee-au-operateur-economique-agree-oea","status":"publish","type":"post","link":"https:\/\/www.africanchallenges.com\/?p=66642","title":{"rendered":"Tunisie : Journ\u00e9e d\u2019information d\u00e9di\u00e9e au \u00ab\u00a0Op\u00e9rateur \u00c9conomique Agr\u00e9\u00e9 (OEA)\u00a0\u00bb"},"content":{"rendered":"\n<p class=\"wp-block-paragraph\">M. Samir Majoul, pr\u00e9sident de l&rsquo;Union tunisienne de l&rsquo;industrie, du commerce et de l&rsquo;artisanat (UTICA Tunisie), a pris part le jeudi 17 juillet 2025, au si\u00e8ge de la direction G\u00e9n\u00e9rale de la Douane Tunisienne, aux activit\u00e9s de la journ\u00e9e d\u2019information consacr\u00e9e au \u00a0\u00bb Op\u00e9rateur \u00c9conomique Agr\u00e9\u00e9 (OEA).\u00a0\u00bb, sous la supervision de Mme Mechket Slama Khaldi, Ministre des Finances, et en pr\u00e9sence de M. Mohamed Hedi Safer, Directeur G\u00e9n\u00e9ral de la Douane, de M. Tarek Cherif, repr\u00e9sentant de la Conf\u00e9d\u00e9ration des Institutions CONECT, de M. Nasser Jaljali, membre du Bureau Ex\u00e9cutif national de l&rsquo;UTICA, pr\u00e9sident du conseil des f\u00e9d\u00e9rations nationales de l&rsquo;UTICA, ainsi que d&rsquo;un certain nombre de responsables de la Douane et de repr\u00e9sentants de diverses structures administratives concern\u00e9es.<\/p>\n\n\n\n<p class=\"wp-block-paragraph\">Dans son allocution, M. Samir Majoul a mis en avant l&rsquo;importance du statut \u00a0\u00bb d\u2019Op\u00e9rateur \u00c9conomique Agr\u00e9\u00e9 (OEA) \u00a0\u00bb et la valeur ajout\u00e9e qu&rsquo;il conf\u00e8re aux institutions tunisiennes, pr\u00e9cisant que l&rsquo;acquisition de ce statut est un honneur et un m\u00e9rite. Il a \u00e9galement salu\u00e9 les efforts des superviseurs des institutions qui ont obtenu ce statut lors de cette session, les incitant \u00e0 pers\u00e9v\u00e9rer et \u00e0 am\u00e9liorer leurs \u00e9tablissements.<\/p>\n\n\n\n<p class=\"wp-block-paragraph\">Le pr\u00e9sident de l&rsquo;Union tunisienne de l&rsquo;industrie, du commerce et de l&rsquo;artisanat a insist\u00e9 sur le fait que cette qualit\u00e9 constitue un label de qualit\u00e9 qui aide \u00e0 renforcer la comp\u00e9titivit\u00e9 des entreprises, \u00e0 stimuler les exportations et \u00e0 diminuer les co\u00fbts directs et indirects. Il a \u00e9galement soulign\u00e9 l&rsquo;augmentation du nombre d&rsquo;institutions b\u00e9n\u00e9ficiant de ce syst\u00e8me depuis son lancement en 2010, qui comptait alors seulement six institutions, pour atteindre un total de 202 institutions apr\u00e8s l&rsquo;inscription de 20 nouvelles entit\u00e9s.<\/p>\n","protected":false},"excerpt":{"rendered":"<p>M. Samir Majoul, pr\u00e9sident de l&rsquo;Union tunisienne de l&rsquo;industrie, du commerce et de l&rsquo;artisanat (UTICA Tunisie), a pris part le jeudi 17 juillet 2025, au si\u00e8ge de la direction G\u00e9n\u00e9rale de la Douane Tunisienne, aux activit\u00e9s de la journ\u00e9e d\u2019information consacr\u00e9e au \u00a0\u00bb Op\u00e9rateur \u00c9conomique Agr\u00e9\u00e9 (OEA).\u00a0\u00bb, sous la supervision de Mme Mechket Slama Khaldi, [&hellip;]<\/p>\n","protected":false},"author":4,"featured_media":66645,"comment_status":"open","ping_status":"closed","sticky":false,"template":"","format":"standard","meta":{"content-type":"","jnews-multi-image_gallery":[],"jnews_single_post":{"format":"standard"},"jnews_primary_category":[],"jnews_override_bookmark_settings":[],"jnews_review":[],"enable_review":"","type":"","name":"","summary":"","brand":"","sku":"","good":[],"bad":[],"score_override":"","override_value":"","rating":[],"price":[],"jnews_post_split":[],"footnotes":""},"categories":[43,73],"tags":[4672,16083,16084],"class_list":["post-66642","post","type-post","status-publish","format-standard","has-post-thumbnail","hentry","category-eco-business","category-eco","tag-douane-tunisienne","tag-journee-dinformation-3","tag-operateur-economique-agree-oea"],"_links":{"self":[{"href":"https:\/\/www.africanchallenges.com\/index.php?rest_route=\/wp\/v2\/posts\/66642","targetHints":{"allow":["GET"]}}],"collection":[{"href":"https:\/\/www.africanchallenges.com\/index.php?rest_route=\/wp\/v2\/posts"}],"about":[{"href":"https:\/\/www.africanchallenges.com\/index.php?rest_route=\/wp\/v2\/types\/post"}],"author":[{"embeddable":true,"href":"https:\/\/www.africanchallenges.com\/index.php?rest_route=\/wp\/v2\/users\/4"}],"replies":[{"embeddable":true,"href":"https:\/\/www.africanchallenges.com\/index.php?rest_route=%2Fwp%2Fv2%2Fcomments&post=66642"}],"version-history":[{"count":1,"href":"https:\/\/www.africanchallenges.com\/index.php?rest_route=\/wp\/v2\/posts\/66642\/revisions"}],"predecessor-version":[{"id":66646,"href":"https:\/\/www.africanchallenges.com\/index.php?rest_route=\/wp\/v2\/posts\/66642\/revisions\/66646"}],"wp:featuredmedia":[{"embeddable":true,"href":"https:\/\/www.africanchallenges.com\/index.php?rest_route=\/wp\/v2\/media\/66645"}],"wp:attachment":[{"href":"https:\/\/www.africanchallenges.com\/index.php?rest_route=%2Fwp%2Fv2%2Fmedia&parent=66642"}],"wp:term":[{"taxonomy":"category","embeddable":true,"href":"https:\/\/www.africanchallenges.com\/index.php?rest_route=%2Fwp%2Fv2%2Fcategories&post=66642"},{"taxonomy":"post_tag","embeddable":true,"href":"https:\/\/www.africanchallenges.com\/index.php?rest_route=%2Fwp%2Fv2%2Ftags&post=66642"}],"curies":[{"name":"wp","href":"https:\/\/api.w.org\/{rel}","templated":true}]}}