{"id":66622,"date":"2025-07-17T16:04:28","date_gmt":"2025-07-17T15:04:28","guid":{"rendered":"https:\/\/www.africanchallenges.com\/?p=66622"},"modified":"2025-07-17T16:04:30","modified_gmt":"2025-07-17T15:04:30","slug":"lunion-europeenne-et-la-tunisie-celebrent-les-30-ans-de-la-signature-de-leur-accord-dassociation","status":"publish","type":"post","link":"https:\/\/www.africanchallenges.com\/?p=66622","title":{"rendered":"L\u2019Union Europ\u00e9enne et la Tunisie c\u00e9l\u00e8brent  les 30 ans de la signature de leur Accord d\u2019association"},"content":{"rendered":"\n<p class=\"wp-block-paragraph\"><strong>L\u2019UE et la Tunisie c\u00e9l\u00e8brent aujourd\u2019hui, le 17 juillet, les 30 ans de la signature de leur Accord d\u2019association. Cet anniversaire intervient dans un moment de fortes tensions g\u00e9opolitiques, face \u00e0 la remise en cause du multilat\u00e9ralisme, des libert\u00e9s fondamentales et des droits humains et face aux nombreux enjeux globaux (climatiques, migratoires et autres).<\/strong><br><strong>(Version arabe plus bas)<\/strong><\/p>\n\n\n\n<p class=\"wp-block-paragraph\">Cet accord pionnier au Maghreb a \u00e9tabli un cadre privil\u00e9gi\u00e9 et innovant pour le d\u00e9veloppement du dialogue et de la coop\u00e9ration entre la Tunisie et l\u2019Union europ\u00e9enne. En trois d\u00e9cennies, ce partenariat n\u2019a cess\u00e9 de s\u2019intensifier. Il repose sur des objectifs conjoints : le d\u00e9veloppement durable, la solidarit\u00e9, et une aspiration \u00e0 une prosp\u00e9rit\u00e9 partag\u00e9e entre les deux rives de la M\u00e9diterran\u00e9e. Il a permis de mettre en place une coop\u00e9ration dans les domaines politique, \u00e9conomique, social, scientifique et culturel. Il a permis des \u00e9changes nourris et r\u00e9guliers sur un vaste champ de sujets d&rsquo;int\u00e9r\u00eat commun.<\/p>\n\n\n\n<p class=\"wp-block-paragraph\">La signature du M\u00e9morandum d\u2019entente en 2023 et, cette ann\u00e9e, la pr\u00e9paration d\u2019un Pacte pour la M\u00e9diterran\u00e9e incarnent une nouvelle \u00e9tape de la relation entre la Tunisie et l\u2019Union europ\u00e9enne. La volont\u00e9 est claire : faire de ce partenariat un socle de stabilit\u00e9, d\u2019\u00e9changes et de solidarit\u00e9 pour nous aider \u00e0 r\u00e9pondre \u00e0 une multitude de d\u00e9fis communs dans une r\u00e9gion et un monde en mutation profonde et rapide.<\/p>\n\n\n\n<p class=\"wp-block-paragraph\">L\u2019Union europ\u00e9enne est, et veut rester, un partenaire solide et fiable pour la Tunisie. Nos destins sont li\u00e9s. La vitalit\u00e9 et la profondeur du partenariat entre la Tunisie et l\u2019Union europ\u00e9enne ne sont ni abstraites ni d\u00e9claratives, mais se manifestent concr\u00e8tement par des actions et r\u00e9sultats dans la vie des tunisiens et des europ\u00e9ens. Les chiffres et les statistiques le montrent. L\u2019Union europ\u00e9enne est le principal partenaire commercial de la Tunisie, recevant 70 % des exportations tunisiennes. L\u2019UE est \u00e9galement le premier investisseur dans le pays : les investissements europ\u00e9ens repr\u00e9sentent 88 % du nombre total d\u2019investissements directs \u00e9trangers (IDE) et 47 % de leur valeur. Les entreprises europ\u00e9ennes sont \u00e0 l\u2019origine de 90 % des emplois cr\u00e9\u00e9s par les IDE en Tunisie.&nbsp; Des projets concrets existent dans les domaines de la sant\u00e9, l\u2019\u00e9ducation, l\u2019\u00e9galit\u00e9 femmes\u2011hommes et l\u2019\u00e9nergie. &nbsp;Gr\u00e2ce \u00e0 l\u2019Accord d\u2019association qui exempte de droits de douane la plupart des exportations tunisiennes vers l\u2019UE, la Tunisie a pu int\u00e9grer les cha\u00eenes de valeur industrielles europ\u00e9ennes, augmenter la valeur de ses exportations, et diversifier ses secteurs productifs, notamment le textile, l\u2019agroalimentaire et les composantes automobiles.&nbsp;<\/p>\n\n\n\n<p class=\"wp-block-paragraph\">Au-del\u00e0 de l\u2019\u00e9conomie, l\u2019Accord d\u2019association a renforc\u00e9 les liens entre nos peuples. Des milliers d\u2019\u00e9tudiant.e.s et chercheur.se.s tunisien.ne.s ont particip\u00e9 au programme Erasmus+&nbsp;; des programmes de d\u00e9veloppement r\u00e9gional ont permis de moderniser des \u00e9coles, h\u00f4pitaux et infrastructures locales&nbsp;; l\u2019UE a soutenu des initiatives en faveur de l\u2019\u00e9galit\u00e9 femmes-hommes, de l\u2019emploi des jeunes et de la transition num\u00e9rique et \u00e9nerg\u00e9tique&nbsp;; et la soci\u00e9t\u00e9 civile tunisienne a jou\u00e9 un r\u00f4le cl\u00e9 dans le processus du d\u00e9veloppement durable et transition d\u00e9mocratique du pays. Depuis 2011, l\u2019Union europ\u00e9enne a \u00e9t\u00e9 un partenaire central de la Tunisie, en apportant un appui technique, financier et politique \u00e0 de nombreux projets de r\u00e9forme voulus par le pays.<\/p>\n\n\n\n<p class=\"wp-block-paragraph\">\u00c0 l\u2019occasion de ce trenti\u00e8me anniversaire, les deux partenaires souhaitent donner un nouveau souffle \u00e0 leur relation. Le dialogue strat\u00e9gique engag\u00e9 ces derni\u00e8res ann\u00e9es porte sur des enjeux d\u2019avenir communs\u202f: changement climatique,&nbsp;gestion humaine et solidaire des flux de migration, innovation technologique, formation, s\u00e9curit\u00e9 alimentaire. La c\u00e9l\u00e9bration de cet anniversaire nous invite \u00e0 r\u00e9fl\u00e9chir sur les opportunit\u00e9s d\u2019approfondir le partenariat, fond\u00e9 sur le respect mutuel, le respect des valeurs fondamentales communes, et une meilleure prise en compte des int\u00e9r\u00eats de toutes les parties, notamment l\u2019accompagnement des jeunes, l\u2019inclusion des femmes, la gestion concert\u00e9e des migrations, les r\u00e9formes \u00e9conomiques, les PME, et le d\u00e9veloppement territorial.&nbsp;<\/p>\n\n\n\n<p class=\"wp-block-paragraph\">Tout au long du premier semestre de l\u2019ann\u00e9e 2025, des conf\u00e9rences, expositions, publications et projets culturels ont d\u00e9j\u00e0 mis \u00e0 l\u2019honneur les acquis de ce partenariat unique, tout en ouvrant un dialogue inclusif sur son avenir. La Journ\u00e9e de l\u2019Europe, c\u00e9l\u00e9br\u00e9e le 9 mai a, quant \u00e0 elle, marqu\u00e9 un moment fort, avec des \u00e9v\u00e9nements dans plusieurs r\u00e9gions de Tunisie.&nbsp;<\/p>\n\n\n\n<p class=\"wp-block-paragraph\">Trente ans apr\u00e8s sa signature, l\u2019Accord d\u2019association UE-Tunisie reste un pilier essentiel du partenariat euro-m\u00e9diterran\u00e9en. Il a permis de b\u00e2tir des ponts solides entre les peuples, les institutions et les \u00e9conomies. Mais au-del\u00e0 du bilan, c\u2019est d\u00e9sormais vers les prochaines d\u00e9cennies que doivent se tourner les regards, avec la volont\u00e9 commune de relever ensemble les d\u00e9fis du XXIe si\u00e8cle.<\/p>\n","protected":false},"excerpt":{"rendered":"<p>L\u2019UE et la Tunisie c\u00e9l\u00e8brent aujourd\u2019hui, le 17 juillet, les 30 ans de la signature de leur Accord d\u2019association. Cet anniversaire intervient dans un moment de fortes tensions g\u00e9opolitiques, face \u00e0 la remise en cause du multilat\u00e9ralisme, des libert\u00e9s fondamentales et des droits humains et face aux nombreux enjeux globaux (climatiques, migratoires et autres).(Version arabe [&hellip;]<\/p>\n","protected":false},"author":4,"featured_media":66623,"comment_status":"open","ping_status":"closed","sticky":false,"template":"","format":"standard","meta":{"content-type":"","jnews-multi-image_gallery":[],"jnews_single_post":{"format":"standard"},"jnews_primary_category":[],"jnews_override_bookmark_settings":[],"jnews_review":[],"enable_review":"","type":"","name":"","summary":"","brand":"","sku":"","good":[],"bad":[],"score_override":"","override_value":"","rating":[],"price":[],"jnews_post_split":[],"footnotes":""},"categories":[43,73,2],"tags":[16070,2269,54],"class_list":["post-66622","post","type-post","status-publish","format-standard","has-post-thumbnail","hentry","category-eco-business","category-eco","category-news-politique","tag-accord-dassociation-2","tag-lunion-europeenne","tag-tunisie"],"_links":{"self":[{"href":"https:\/\/www.africanchallenges.com\/index.php?rest_route=\/wp\/v2\/posts\/66622","targetHints":{"allow":["GET"]}}],"collection":[{"href":"https:\/\/www.africanchallenges.com\/index.php?rest_route=\/wp\/v2\/posts"}],"about":[{"href":"https:\/\/www.africanchallenges.com\/index.php?rest_route=\/wp\/v2\/types\/post"}],"author":[{"embeddable":true,"href":"https:\/\/www.africanchallenges.com\/index.php?rest_route=\/wp\/v2\/users\/4"}],"replies":[{"embeddable":true,"href":"https:\/\/www.africanchallenges.com\/index.php?rest_route=%2Fwp%2Fv2%2Fcomments&post=66622"}],"version-history":[{"count":1,"href":"https:\/\/www.africanchallenges.com\/index.php?rest_route=\/wp\/v2\/posts\/66622\/revisions"}],"predecessor-version":[{"id":66624,"href":"https:\/\/www.africanchallenges.com\/index.php?rest_route=\/wp\/v2\/posts\/66622\/revisions\/66624"}],"wp:featuredmedia":[{"embeddable":true,"href":"https:\/\/www.africanchallenges.com\/index.php?rest_route=\/wp\/v2\/media\/66623"}],"wp:attachment":[{"href":"https:\/\/www.africanchallenges.com\/index.php?rest_route=%2Fwp%2Fv2%2Fmedia&parent=66622"}],"wp:term":[{"taxonomy":"category","embeddable":true,"href":"https:\/\/www.africanchallenges.com\/index.php?rest_route=%2Fwp%2Fv2%2Fcategories&post=66622"},{"taxonomy":"post_tag","embeddable":true,"href":"https:\/\/www.africanchallenges.com\/index.php?rest_route=%2Fwp%2Fv2%2Ftags&post=66622"}],"curies":[{"name":"wp","href":"https:\/\/api.w.org\/{rel}","templated":true}]}}