{"id":66604,"date":"2025-07-17T06:55:00","date_gmt":"2025-07-17T05:55:00","guid":{"rendered":"https:\/\/www.africanchallenges.com\/?p=66604"},"modified":"2025-07-17T00:36:44","modified_gmt":"2025-07-16T23:36:44","slug":"remise-des-diplomes-du-47e-cours-de-lecole-detat-major","status":"publish","type":"post","link":"https:\/\/www.africanchallenges.com\/?p=66604","title":{"rendered":"Tunisie: Remise des dipl\u00f4mes du 47\u00e8 session de l&rsquo;\u00e9cole d&rsquo;Etat Major"},"content":{"rendered":"\n<p class=\"wp-block-paragraph\"><\/p>\n\n\n\n<p class=\"wp-block-paragraph\">Le mercredi 16 juillet 2025, M. Khaled Sehili, ministre de la D\u00e9fense Nationale, a supervis\u00e9 la c\u00e9r\u00e9monie de remise des dipl\u00f4mes du 47\u00e8me session de l&rsquo;\u00e9cole d&rsquo;Etat-Major de la base militaire de Bartal Haidar. Cette c\u00e9r\u00e9monie s&rsquo;est d\u00e9roul\u00e9e en pr\u00e9sence de membres du Conseil Supr\u00eame des arm\u00e9es, ainsi que d&rsquo;un certain nombre d&rsquo;ambassadeurs et d&rsquo;attach\u00e9s militaires r\u00e9sidant en Tunisie, sans oublier plusieurs cadres militaires et civils sup\u00e9rieurs du minist\u00e8re.<\/p>\n\n\n\n<p class=\"wp-block-paragraph\">Le ministre de la D\u00e9fense nationale a soulign\u00e9 que la formation \u00e0 l&rsquo;\u00e9cole d&rsquo;\u00e9tat-major repr\u00e9sente une \u00e9tape essentielle pour renforcer les comp\u00e9tences en leadership des membres de nos Forces arm\u00e9es. Au cours de cette formation, l&rsquo;officier apprend \u00e0 passer des m\u00e9canismes d&rsquo;ex\u00e9cution aux domaines de la perception, de la planification, de l&rsquo;aide \u00e0 la d\u00e9cision, du soutien et du d\u00e9veloppement de ses capacit\u00e9s. Cela le pr\u00e9pare \u00e0 exercer ses fonctions avec une grande efficacit\u00e9, un sens des responsabilit\u00e9s et un esprit national. Il a ajout\u00e9 que cette formation contribuera \u00e0 enrichir ses qualifications et \u00e0 renforcer ses connaissances pour accomplir ses missions dans les domaines de la conduite, de la gestion, de la planification, du suivi et de l&rsquo;\u00e9valuation.<\/p>\n\n\n\n<p class=\"wp-block-paragraph\">Il a \u00e9galement salu\u00e9 les avanc\u00e9es r\u00e9alis\u00e9es en mati\u00e8re de renforcement de l&rsquo;infrastructure num\u00e9rique de l&rsquo;\u00e9cole d&rsquo;\u00e9tat-major, du d\u00e9veloppement des programmes d&rsquo;enseignement et de l&rsquo;am\u00e9lioration de leur qualit\u00e9, conform\u00e9ment aux approches p\u00e9dagogiques qui s&rsquo;alignent sur les \u00e9volutions scientifiques dans les domaines techniques et dans diverses sp\u00e9cialit\u00e9s militaires.<\/p>\n\n\n\n<p class=\"wp-block-paragraph\">Le ministre de la D\u00e9fense Nationale a exprim\u00e9 ses f\u00e9licitations aux officiers de l&rsquo;Arm\u00e9e nationale ainsi qu&rsquo;aux \u00e9tudiants des pays fr\u00e8res et amis, qui ont obtenu leur dipl\u00f4me des premier et deuxi\u00e8me lots de l&rsquo;\u00e9cole d&rsquo;\u00e9tat-major pour l&rsquo;ann\u00e9e de formation 2024-2025. Il leur a souhait\u00e9 davantage de succ\u00e8s et de r\u00e9ussite dans leur parcours professionnel, tout en saluant les efforts fournis par tous les responsables de cette institution historique, y compris les cadres militaires et civils, les professeurs d&rsquo;universit\u00e9 et les experts, pour renforcer la culture de l&rsquo;excellence acad\u00e9mique et leur contribution significative \u00e0 l&rsquo;enrichissement des connaissances des officiers \u00e9tudiants et au d\u00e9veloppement de leurs comp\u00e9tences.<\/p>\n\n\n\n<p class=\"wp-block-paragraph\">Au cours de cet \u00e9v\u00e9nement, il a remis des certificats aux dipl\u00f4m\u00e9s et a examin\u00e9 un \u00e9chantillon de leurs projets de recherche, les encourageant \u00e0 poursuivre leur travail avec la m\u00eame d\u00e9termination et constance, et \u00e0 incarner un mod\u00e8le de patriotisme, de sinc\u00e9rit\u00e9 dans leur travail, d&rsquo;int\u00e9grit\u00e9 et d&rsquo;enthousiasme pour servir l&rsquo;institution militaire.<\/p>\n","protected":false},"excerpt":{"rendered":"<p>Le mercredi 16 juillet 2025, M. Khaled Sehili, ministre de la D\u00e9fense Nationale, a supervis\u00e9 la c\u00e9r\u00e9monie de remise des dipl\u00f4mes du 47\u00e8me session de l&rsquo;\u00e9cole d&rsquo;Etat-Major de la base militaire de Bartal Haidar. Cette c\u00e9r\u00e9monie s&rsquo;est d\u00e9roul\u00e9e en pr\u00e9sence de membres du Conseil Supr\u00eame des arm\u00e9es, ainsi que d&rsquo;un certain nombre d&rsquo;ambassadeurs et d&rsquo;attach\u00e9s [&hellip;]<\/p>\n","protected":false},"author":4,"featured_media":66605,"comment_status":"open","ping_status":"closed","sticky":false,"template":"","format":"standard","meta":{"content-type":"","jnews-multi-image_gallery":[],"jnews_single_post":{"format":"standard"},"jnews_primary_category":[],"jnews_override_bookmark_settings":[],"jnews_review":[],"enable_review":"","type":"","name":"","summary":"","brand":"","sku":"","good":[],"bad":[],"score_override":"","override_value":"","rating":[],"price":[],"jnews_post_split":[],"footnotes":""},"categories":[2],"tags":[3298,16062,12948,5020],"class_list":["post-66604","post","type-post","status-publish","format-standard","has-post-thumbnail","hentry","category-news-politique","tag-diplomes","tag-forces-armee","tag-khaled-sehili","tag-lecole-detat-major"],"_links":{"self":[{"href":"https:\/\/www.africanchallenges.com\/index.php?rest_route=\/wp\/v2\/posts\/66604","targetHints":{"allow":["GET"]}}],"collection":[{"href":"https:\/\/www.africanchallenges.com\/index.php?rest_route=\/wp\/v2\/posts"}],"about":[{"href":"https:\/\/www.africanchallenges.com\/index.php?rest_route=\/wp\/v2\/types\/post"}],"author":[{"embeddable":true,"href":"https:\/\/www.africanchallenges.com\/index.php?rest_route=\/wp\/v2\/users\/4"}],"replies":[{"embeddable":true,"href":"https:\/\/www.africanchallenges.com\/index.php?rest_route=%2Fwp%2Fv2%2Fcomments&post=66604"}],"version-history":[{"count":2,"href":"https:\/\/www.africanchallenges.com\/index.php?rest_route=\/wp\/v2\/posts\/66604\/revisions"}],"predecessor-version":[{"id":66608,"href":"https:\/\/www.africanchallenges.com\/index.php?rest_route=\/wp\/v2\/posts\/66604\/revisions\/66608"}],"wp:featuredmedia":[{"embeddable":true,"href":"https:\/\/www.africanchallenges.com\/index.php?rest_route=\/wp\/v2\/media\/66605"}],"wp:attachment":[{"href":"https:\/\/www.africanchallenges.com\/index.php?rest_route=%2Fwp%2Fv2%2Fmedia&parent=66604"}],"wp:term":[{"taxonomy":"category","embeddable":true,"href":"https:\/\/www.africanchallenges.com\/index.php?rest_route=%2Fwp%2Fv2%2Fcategories&post=66604"},{"taxonomy":"post_tag","embeddable":true,"href":"https:\/\/www.africanchallenges.com\/index.php?rest_route=%2Fwp%2Fv2%2Ftags&post=66604"}],"curies":[{"name":"wp","href":"https:\/\/api.w.org\/{rel}","templated":true}]}}