{"id":66594,"date":"2025-07-16T23:55:00","date_gmt":"2025-07-16T22:55:00","guid":{"rendered":"https:\/\/www.africanchallenges.com\/?p=66594"},"modified":"2025-07-17T00:10:26","modified_gmt":"2025-07-16T23:10:26","slug":"tunisie-le-ministre-des-affaires-etrangeres-recoit-m-hamish-falconer-sous-secretaire-detat-parlementaire-britannique-pour-le-moyen-orient-lafghanistan-et-le-pakistan","status":"publish","type":"post","link":"https:\/\/www.africanchallenges.com\/?p=66594","title":{"rendered":"Tunisie : Le Ministre des Affaires Etrang\u00e8res re\u00e7oit M. Hamish Falconer, Sous-Secr\u00e9taire d\u2019\u00c9tat Parlementaire britannique pour le Moyen-Orient, l\u2019Afghanistan et le Pakistan"},"content":{"rendered":"\n<p class=\"wp-block-paragraph\">M. Mohamed Ali Nafti, Ministre des Affaires Etrang\u00e8res, de la Migration et des Tunisiens \u00e0 l\u2019Etranger, a re\u00e7u, le 16 juillet 2025, M. Hamish Falconer, Sous-Secr\u00e9taire d\u2019\u00c9tat Parlementaire britannique pour le Moyen-Orient, l\u2019Afghanistan et le Pakistan, qui conduit la d\u00e9l\u00e9gation de son pays \u00e0 la troisi\u00e8me session du Conseil d\u2019Association tuniso-britannique, tenue aujourd\u2019hui sous la copr\u00e9sidence, du c\u00f4t\u00e9 tunisien, de M. Mohamed Ben Ayed, Secr\u00e9taire d\u2019\u00c9tat aupr\u00e8s du Ministre des Affaires Etrang\u00e8res, de la Migration et des Tunisiens \u00e0 l\u2019Etranger.<\/p>\n\n\n\n<p class=\"wp-block-paragraph\">\u00c0 cette occasion, M. le Ministre a salu\u00e9 les progr\u00e8s r\u00e9alis\u00e9s dans la mise en \u0153uvre des dispositions de l\u2019Accord d\u2019Association tuniso-britannique sign\u00e9 en 2019, notamment dans les domaines de la s\u00e9curit\u00e9, du commerce, de l\u2019investissement conjoint, de l\u2019\u00e9ducation, de la promotion de l\u2019enseignement de la langue anglaise dans les programmes scolaires, ainsi que du tourisme, qui a connu une augmentation notable du nombre de touristes britanniques visitant la Tunisie au cours de la derni\u00e8re p\u00e9riode. Il a \u00e9galement \u00e9t\u00e9 soulign\u00e9 l\u2019importance d\u2019assurer des conditions favorables \u00e0 la r\u00e9sidence, au travail et aux \u00e9tudes des Tunisiens au Royaume-Uni.<\/p>\n\n\n\n<p class=\"wp-block-paragraph\">De son c\u00f4t\u00e9, le Sous-Secr\u00e9taire d\u2019\u00c9tat britannique a r\u00e9affirm\u00e9 l\u2019engagement de son pays \u00e0 renforcer la coop\u00e9ration et le partenariat avec la Tunisie, en ouvrant de nouvelles perspectives pour leur d\u00e9veloppement, notamment dans les secteurs des \u00e9nergies renouvelables et des technologies de la communication.<\/p>\n\n\n\n<p class=\"wp-block-paragraph\">Lors de sa copr\u00e9sidence des travaux de la troisi\u00e8me session du Conseil d\u2019Association tuniso-britannique, M. Mohamed Ben Ayed a soulign\u00e9 l\u2019importance du partenariat profond et diversifi\u00e9 entre la Tunisie et le Royaume-Uni, qui n\u2019a cess\u00e9 de se d\u00e9velopper depuis la signature de l\u2019Accord d\u2019Association entre les deux pays. Il a exprim\u00e9 sa satisfaction quant aux progr\u00e8s tangibles r\u00e9alis\u00e9s dans ce cadre, notamment dans le domaine du commerce bilat\u00e9ral, mettant en avant les perspectives prometteuses pour son renforcement, particuli\u00e8rement \u00e0 la lumi\u00e8re des avanc\u00e9es significatives des n\u00e9gociations en cours sur la r\u00e9vision du Protocole Agricole. M. le Secr\u00e9taire d\u2019\u00c9tat a \u00e9galement exprim\u00e9 le souhait de la Tunisie de renforcer la coop\u00e9ration avec le Royaume-Uni dans des secteurs prioritaires tels que les industries alimentaires, les \u00e9nergies renouvelables, les nouvelles technologies, l\u2019\u00e9ducation et l\u2019enseignement sup\u00e9rieur.<\/p>\n\n\n\n<p class=\"wp-block-paragraph\">Les deux parties ont salu\u00e9, dans ce contexte, le d\u00e9veloppement qualitatif enregistr\u00e9 dans les domaines de l\u2019investissement, des \u00e9nergies propres, des start-ups et du tourisme, tout en faisant part de leur attente quant \u00e0 la prochaine mise en place des m\u00e9canismes cr\u00e9\u00e9s dans le cadre de l\u2019Accord bilat\u00e9ral d\u2019Association, qui devraient renforcer la coop\u00e9ration et le partenariat dans de nombreux domaines.<\/p>\n\n\n\n<p class=\"wp-block-paragraph\">De son c\u00f4t\u00e9, M. Falconer a salu\u00e9 la solidit\u00e9 des relations historiques liant le Royaume-Uni \u00e0 la Tunisie depuis le 17eme si\u00e8cle, soulignant la position de notre pays en tant que p\u00f4le de stabilit\u00e9 dans une r\u00e9gion confront\u00e9e \u00e0 de nombreux d\u00e9fis, ce qui en fait un partenaire de confiance. Il a \u00e9galement indiqu\u00e9 la volont\u00e9 de son pays de travailler de concert avec la Tunisie pour d\u00e9velopper la coop\u00e9ration sur des questions pressantes telles que la migration et la s\u00e9curit\u00e9, ce qui permet de promouvoir la stabilit\u00e9 dans la r\u00e9gion.<\/p>\n\n\n\n<p class=\"wp-block-paragraph\">La r\u00e9union a \u00e9galement abord\u00e9 des questions r\u00e9gionales et internationales d\u2019int\u00e9r\u00eat commun, au premier rang desquelles la cause palestinienne. M. le Secr\u00e9taire d\u2019\u00c9tat a r\u00e9affirm\u00e9 le soutien ind\u00e9fectible de la Tunisie au peuple palestinien, soulignant la n\u00e9cessit\u00e9 de mettre fin au g\u00e9nocide dont il est quotidiennement victime, de lever le blocus injuste impos\u00e9 \u00e0 la Bande de Gaza et de permettre au peuple palestinien de recouvrer ses droits l\u00e9gitimes, en premier lieu son droit \u00e0 l\u2019autod\u00e9termination, l\u2019\u00e9tablissement de son \u00c9tat ind\u00e9pendant, pleinement souverain, sur tout son territoire, avec comme capitale Al-Quds Al-Sharif. Le soutien aux efforts des Nations Unies pour aider les parties libyennes \u00e0 trouver une solution politique durable qui pr\u00e9serve l\u2019unit\u00e9 de la Libye et la stabilit\u00e9 de son peuple a \u00e9t\u00e9 \u00e9galement lou\u00e9.<\/p>\n\n\n\n<figure class=\"wp-block-image size-full\"><img fetchpriority=\"high\" decoding=\"async\" width=\"615\" height=\"384\" src=\"https:\/\/www.africanchallenges.com\/wp-content\/uploads\/2025\/07\/uk-1.jpg\" alt=\"\" class=\"wp-image-66599\" srcset=\"https:\/\/www.africanchallenges.com\/wp-content\/uploads\/2025\/07\/uk-1.jpg 615w, https:\/\/www.africanchallenges.com\/wp-content\/uploads\/2025\/07\/uk-1-300x187.jpg 300w\" sizes=\"(max-width: 615px) 100vw, 615px\" \/><\/figure>\n","protected":false},"excerpt":{"rendered":"<p>M. Mohamed Ali Nafti, Ministre des Affaires Etrang\u00e8res, de la Migration et des Tunisiens \u00e0 l\u2019Etranger, a re\u00e7u, le 16 juillet 2025, M. Hamish Falconer, Sous-Secr\u00e9taire d\u2019\u00c9tat Parlementaire britannique pour le Moyen-Orient, l\u2019Afghanistan et le Pakistan, qui conduit la d\u00e9l\u00e9gation de son pays \u00e0 la troisi\u00e8me session du Conseil d\u2019Association tuniso-britannique, tenue aujourd\u2019hui sous la [&hellip;]<\/p>\n","protected":false},"author":4,"featured_media":66595,"comment_status":"open","ping_status":"closed","sticky":false,"template":"","format":"standard","meta":{"content-type":"","jnews-multi-image_gallery":[],"jnews_single_post":{"format":"standard"},"jnews_primary_category":[],"jnews_override_bookmark_settings":[],"jnews_review":[],"enable_review":"","type":"","name":"","summary":"","brand":"","sku":"","good":[],"bad":[],"score_override":"","override_value":"","rating":[],"price":[],"jnews_post_split":[],"footnotes":""},"categories":[2],"tags":[16060,298,16059,12907],"class_list":["post-66594","post","type-post","status-publish","format-standard","has-post-thumbnail","hentry","category-news-politique","tag-accord-dassociation-tuniso-britannique","tag-cooperation","tag-hamish-falconer","tag-mohamed-ali-nafti"],"_links":{"self":[{"href":"https:\/\/www.africanchallenges.com\/index.php?rest_route=\/wp\/v2\/posts\/66594","targetHints":{"allow":["GET"]}}],"collection":[{"href":"https:\/\/www.africanchallenges.com\/index.php?rest_route=\/wp\/v2\/posts"}],"about":[{"href":"https:\/\/www.africanchallenges.com\/index.php?rest_route=\/wp\/v2\/types\/post"}],"author":[{"embeddable":true,"href":"https:\/\/www.africanchallenges.com\/index.php?rest_route=\/wp\/v2\/users\/4"}],"replies":[{"embeddable":true,"href":"https:\/\/www.africanchallenges.com\/index.php?rest_route=%2Fwp%2Fv2%2Fcomments&post=66594"}],"version-history":[{"count":2,"href":"https:\/\/www.africanchallenges.com\/index.php?rest_route=\/wp\/v2\/posts\/66594\/revisions"}],"predecessor-version":[{"id":66600,"href":"https:\/\/www.africanchallenges.com\/index.php?rest_route=\/wp\/v2\/posts\/66594\/revisions\/66600"}],"wp:featuredmedia":[{"embeddable":true,"href":"https:\/\/www.africanchallenges.com\/index.php?rest_route=\/wp\/v2\/media\/66595"}],"wp:attachment":[{"href":"https:\/\/www.africanchallenges.com\/index.php?rest_route=%2Fwp%2Fv2%2Fmedia&parent=66594"}],"wp:term":[{"taxonomy":"category","embeddable":true,"href":"https:\/\/www.africanchallenges.com\/index.php?rest_route=%2Fwp%2Fv2%2Fcategories&post=66594"},{"taxonomy":"post_tag","embeddable":true,"href":"https:\/\/www.africanchallenges.com\/index.php?rest_route=%2Fwp%2Fv2%2Ftags&post=66594"}],"curies":[{"name":"wp","href":"https:\/\/api.w.org\/{rel}","templated":true}]}}