{"id":66552,"date":"2025-07-16T13:26:19","date_gmt":"2025-07-16T12:26:19","guid":{"rendered":"https:\/\/www.africanchallenges.com\/?p=66552"},"modified":"2025-07-16T13:26:20","modified_gmt":"2025-07-16T12:26:20","slug":"tunisie-le-ministere-du-commerce-assure-que-le-cafe-est-disponible-sur-le-marche","status":"publish","type":"post","link":"https:\/\/www.africanchallenges.com\/?p=66552","title":{"rendered":"Tunisie : Le minist\u00e8re du Commerce assure que le caf\u00e9 est disponible sur le march\u00e9"},"content":{"rendered":"\n<p class=\"wp-block-paragraph\">Dans un communiqu\u00e9 rendu public, le mercredi 16 juillet 2025, le minist\u00e8re du Commerce et du D\u00e9veloppement des exportations a souhait\u00e9 rassurer les Tunisiens sur la disponibilit\u00e9 du caf\u00e9, en pr\u00e9cisant qu&rsquo;il allait renforcer l&rsquo;offre et injecter des quantit\u00e9s suppl\u00e9mentaires sur le march\u00e9.<\/p>\n\n\n\n<p class=\"wp-block-paragraph\">Le minist\u00e8re a indiqu\u00e9 avoir lanc\u00e9, depuis le d\u00e9but de la semaine, un programme sp\u00e9cial visant \u00e0 soutenir l&rsquo;offre de ce produit essentiel \u00e0 l&rsquo;\u00e9chelle nationale. Cette initiative s&rsquo;inscrit dans le cadre de ses efforts pour am\u00e9liorer l&rsquo;offre et r\u00e9guler le march\u00e9 du caf\u00e9. Elle fait suite aux d\u00e9cisions prises lors de la r\u00e9union des directeurs r\u00e9gionaux, qui s&rsquo;est tenue le lundi 7 juillet 2025, au cours de laquelle un plan de distribution a \u00e9t\u00e9 \u00e9labor\u00e9.<\/p>\n\n\n\n<p class=\"wp-block-paragraph\">Ce plan repose sur deux volets :<\/p>\n\n\n\n<p class=\"wp-block-paragraph\">R\u00e9server des quantit\u00e9s hebdomadaires \u00e0 r\u00e9partir selon les canaux habituels via l&rsquo;application num\u00e9rique utilis\u00e9e par l&rsquo;Office du commerce de la Tunisie (OCT) ;<\/p>\n\n\n\n<p class=\"wp-block-paragraph\">Approuver des quantit\u00e9s suppl\u00e9mentaires \u00e0 r\u00e9partir proportionnellement, en fonction des sp\u00e9cificit\u00e9s de chaque r\u00e9gion, et destin\u00e9es aux unit\u00e9s de torr\u00e9faction qui s&rsquo;engagent activement \u00e0 soutenir l&rsquo;offre r\u00e9gionale, sous la supervision des directions r\u00e9gionales du commerce et du d\u00e9veloppement des exportations.<\/p>\n\n\n\n<p class=\"wp-block-paragraph\">De plus, des quantit\u00e9s suppl\u00e9mentaires ont \u00e9t\u00e9 allou\u00e9es directement aux supermarch\u00e9s \u00e0 travers tout le pays, renfor\u00e7ant ainsi la pr\u00e9sence de ce produit dans les points de vente organis\u00e9s.<\/p>\n\n\n\n<p class=\"wp-block-paragraph\">Le minist\u00e8re souligne que ce programme, ainsi que d&rsquo;autres \u00e0 venir, s&rsquo;inscrit dans ses efforts continus pour garantir la r\u00e9gularit\u00e9 de l&rsquo;approvisionnement et renforcer l&rsquo;offre dans les diff\u00e9rents gouvernorats, contribuant ainsi \u00e0 maintenir la stabilit\u00e9 du march\u00e9 et \u00e0 r\u00e9pondre aux besoins des consommateurs dans les meilleures conditions.<\/p>\n\n\n\n<p class=\"wp-block-paragraph\">Le minist\u00e8re convie les unit\u00e9s de torr\u00e9faction de caf\u00e9, en particulier les plus petites, d\u00e9sireuses de prendre part \u00e0 ce programme, \u00e0 soumettre leurs demandes aupr\u00e8s des directions r\u00e9gionales du commerce et du d\u00e9veloppement des exportations ainsi que des centres de l\u2019OCT.<\/p>\n","protected":false},"excerpt":{"rendered":"<p>Dans un communiqu\u00e9 rendu public, le mercredi 16 juillet 2025, le minist\u00e8re du Commerce et du D\u00e9veloppement des exportations a souhait\u00e9 rassurer les Tunisiens sur la disponibilit\u00e9 du caf\u00e9, en pr\u00e9cisant qu&rsquo;il allait renforcer l&rsquo;offre et injecter des quantit\u00e9s suppl\u00e9mentaires sur le march\u00e9. Le minist\u00e8re a indiqu\u00e9 avoir lanc\u00e9, depuis le d\u00e9but de la semaine, [&hellip;]<\/p>\n","protected":false},"author":4,"featured_media":36598,"comment_status":"open","ping_status":"closed","sticky":false,"template":"","format":"standard","meta":{"content-type":"","jnews-multi-image_gallery":[],"jnews_single_post":{"format":"standard"},"jnews_primary_category":[],"jnews_override_bookmark_settings":[],"jnews_review":[],"enable_review":"","type":"","name":"","summary":"","brand":"","sku":"","good":[],"bad":[],"score_override":"","override_value":"","rating":[],"price":[],"jnews_post_split":[],"footnotes":""},"categories":[43,73],"tags":[16047,6397,912,54],"class_list":["post-66552","post","type-post","status-publish","format-standard","has-post-thumbnail","hentry","category-eco-business","category-eco","tag-cafe","tag-marche","tag-ministere-du-commerce","tag-tunisie"],"_links":{"self":[{"href":"https:\/\/www.africanchallenges.com\/index.php?rest_route=\/wp\/v2\/posts\/66552","targetHints":{"allow":["GET"]}}],"collection":[{"href":"https:\/\/www.africanchallenges.com\/index.php?rest_route=\/wp\/v2\/posts"}],"about":[{"href":"https:\/\/www.africanchallenges.com\/index.php?rest_route=\/wp\/v2\/types\/post"}],"author":[{"embeddable":true,"href":"https:\/\/www.africanchallenges.com\/index.php?rest_route=\/wp\/v2\/users\/4"}],"replies":[{"embeddable":true,"href":"https:\/\/www.africanchallenges.com\/index.php?rest_route=%2Fwp%2Fv2%2Fcomments&post=66552"}],"version-history":[{"count":1,"href":"https:\/\/www.africanchallenges.com\/index.php?rest_route=\/wp\/v2\/posts\/66552\/revisions"}],"predecessor-version":[{"id":66553,"href":"https:\/\/www.africanchallenges.com\/index.php?rest_route=\/wp\/v2\/posts\/66552\/revisions\/66553"}],"wp:featuredmedia":[{"embeddable":true,"href":"https:\/\/www.africanchallenges.com\/index.php?rest_route=\/wp\/v2\/media\/36598"}],"wp:attachment":[{"href":"https:\/\/www.africanchallenges.com\/index.php?rest_route=%2Fwp%2Fv2%2Fmedia&parent=66552"}],"wp:term":[{"taxonomy":"category","embeddable":true,"href":"https:\/\/www.africanchallenges.com\/index.php?rest_route=%2Fwp%2Fv2%2Fcategories&post=66552"},{"taxonomy":"post_tag","embeddable":true,"href":"https:\/\/www.africanchallenges.com\/index.php?rest_route=%2Fwp%2Fv2%2Ftags&post=66552"}],"curies":[{"name":"wp","href":"https:\/\/api.w.org\/{rel}","templated":true}]}}