{"id":66536,"date":"2025-07-15T16:10:09","date_gmt":"2025-07-15T15:10:09","guid":{"rendered":"https:\/\/www.africanchallenges.com\/?p=66536"},"modified":"2025-07-15T16:10:10","modified_gmt":"2025-07-15T15:10:10","slug":"tunisie-la-ministre-de-la-famille-recoit-m-javier-puig-saura-ambassadeur-du-royaume-despagne-en-tunisie","status":"publish","type":"post","link":"https:\/\/www.africanchallenges.com\/?p=66536","title":{"rendered":"Tunisie\u00a0: La ministre de la famille re\u00e7oit \u00a0M. Javier PUIG SAURA, Ambassadeur du Royaume d&rsquo;Espagne en Tunisie"},"content":{"rendered":"\n<p class=\"wp-block-paragraph\">Mme Asma Jebri, Ministre de la Famille, de la Femme, de l&rsquo;enfance et des personnes \u00e2g\u00e9es, a re\u00e7u le mardi 15 juillet 2025 au si\u00e8ge du minist\u00e8re, M. Javier Puig, ambassadeur d&rsquo;Espagne en Tunisie.<\/p>\n\n\n\n<p class=\"wp-block-paragraph\">La r\u00e9union a port\u00e9 sur la r\u00e9alit\u00e9 et les perspectives de d\u00e9veloppement des programmes de coop\u00e9ration existants entre la Tunisie et l&rsquo;Espagne, en particulier dans les domaines li\u00e9s \u00e0 l&rsquo;int\u00e9gration \u00e9conomique et sociale des femmes et des filles, \u00e0 l&rsquo;\u00e9galit\u00e9 des sexes, \u00e0 l&rsquo;\u00e9galit\u00e9 des chances et \u00e0 la lutte contre la violence \u00e0 l&rsquo;\u00e9gard des femmes.<\/p>\n\n\n\n<p class=\"wp-block-paragraph\">L&rsquo;ambassadeur d&rsquo;Espagne a mis en avant la volont\u00e9 de son pays de renforcer encore les liens d&rsquo;amiti\u00e9 avec la Tunisie et d&rsquo;approfondir les relations de coop\u00e9ration et de partenariat de longue date entre les deux pays dans les domaines du soutien aux questions des Femmes, de la Famille, de l&rsquo;enfance et des personnes \u00e2g\u00e9es.<\/p>\n","protected":false},"excerpt":{"rendered":"<p>Mme Asma Jebri, Ministre de la Famille, de la Femme, de l&rsquo;enfance et des personnes \u00e2g\u00e9es, a re\u00e7u le mardi 15 juillet 2025 au si\u00e8ge du minist\u00e8re, M. Javier Puig, ambassadeur d&rsquo;Espagne en Tunisie. La r\u00e9union a port\u00e9 sur la r\u00e9alit\u00e9 et les perspectives de d\u00e9veloppement des programmes de coop\u00e9ration existants entre la Tunisie et [&hellip;]<\/p>\n","protected":false},"author":4,"featured_media":66537,"comment_status":"open","ping_status":"closed","sticky":false,"template":"","format":"standard","meta":{"content-type":"","jnews-multi-image_gallery":[],"jnews_single_post":{"format":"standard"},"jnews_primary_category":[],"jnews_override_bookmark_settings":[],"jnews_review":[],"enable_review":"","type":"","name":"","summary":"","brand":"","sku":"","good":[],"bad":[],"score_override":"","override_value":"","rating":[],"price":[],"jnews_post_split":[],"footnotes":""},"categories":[2],"tags":[12902,298,9842],"class_list":["post-66536","post","type-post","status-publish","format-standard","has-post-thumbnail","hentry","category-news-politique","tag-asma-jebri","tag-cooperation","tag-javier-puig-saura"],"_links":{"self":[{"href":"https:\/\/www.africanchallenges.com\/index.php?rest_route=\/wp\/v2\/posts\/66536","targetHints":{"allow":["GET"]}}],"collection":[{"href":"https:\/\/www.africanchallenges.com\/index.php?rest_route=\/wp\/v2\/posts"}],"about":[{"href":"https:\/\/www.africanchallenges.com\/index.php?rest_route=\/wp\/v2\/types\/post"}],"author":[{"embeddable":true,"href":"https:\/\/www.africanchallenges.com\/index.php?rest_route=\/wp\/v2\/users\/4"}],"replies":[{"embeddable":true,"href":"https:\/\/www.africanchallenges.com\/index.php?rest_route=%2Fwp%2Fv2%2Fcomments&post=66536"}],"version-history":[{"count":1,"href":"https:\/\/www.africanchallenges.com\/index.php?rest_route=\/wp\/v2\/posts\/66536\/revisions"}],"predecessor-version":[{"id":66538,"href":"https:\/\/www.africanchallenges.com\/index.php?rest_route=\/wp\/v2\/posts\/66536\/revisions\/66538"}],"wp:featuredmedia":[{"embeddable":true,"href":"https:\/\/www.africanchallenges.com\/index.php?rest_route=\/wp\/v2\/media\/66537"}],"wp:attachment":[{"href":"https:\/\/www.africanchallenges.com\/index.php?rest_route=%2Fwp%2Fv2%2Fmedia&parent=66536"}],"wp:term":[{"taxonomy":"category","embeddable":true,"href":"https:\/\/www.africanchallenges.com\/index.php?rest_route=%2Fwp%2Fv2%2Fcategories&post=66536"},{"taxonomy":"post_tag","embeddable":true,"href":"https:\/\/www.africanchallenges.com\/index.php?rest_route=%2Fwp%2Fv2%2Ftags&post=66536"}],"curies":[{"name":"wp","href":"https:\/\/api.w.org\/{rel}","templated":true}]}}