{"id":66531,"date":"2025-07-15T15:05:20","date_gmt":"2025-07-15T14:05:20","guid":{"rendered":"https:\/\/www.africanchallenges.com\/?p=66531"},"modified":"2025-07-15T15:05:42","modified_gmt":"2025-07-15T14:05:42","slug":"lambassade-de-linde-a-tunis-participe-au-salon-international-de-lalimentation-pour-lafrique-ifsa-2025","status":"publish","type":"post","link":"https:\/\/www.africanchallenges.com\/?p=66531","title":{"rendered":"Tunisie-Inde : L&rsquo;Ambassade de l&rsquo;Inde \u00e0 Tunis participe au Salon International de l&rsquo;Alimentation pour l&rsquo;Afrique (IFSA) 2025"},"content":{"rendered":"\n<p class=\"wp-block-paragraph\">L&rsquo;Ambassade de l&rsquo;Inde a fi\u00e8rement particip\u00e9 au Salon International de l&rsquo;Alimentation pour l\u2019Afrique (IFSA) 2025, qui s&rsquo;est tenu du 9 au 11 juillet 2025 au parc des expositions El Kram, Tunis. L&rsquo;espace Indien pr\u00e9sentait le riche patrimoine culinaire et le dynamisme de l&rsquo;industrie agroalimentaire Indienne, offrant aux visiteurs un voyage captivant \u00e0 travers la diversit\u00e9 des cuisines r\u00e9gionales du pays, des saveurs intenses du Pendjab aux th\u00e9s r\u00e9put\u00e9s de l&rsquo;Assam.<\/p>\n\n\n\n<p class=\"wp-block-paragraph\">Un moment fort de la participation a \u00e9t\u00e9 une rencontre diplomatique au cours de laquelle l&rsquo;mbassadrice de l&rsquo;Inde, S.E. Dr. Devyani Uttam Khobragade, a chaleureusement accueilli S.E. M. Samir Abid, Ministre du Commerce et du D\u00e9veloppement des Exportations, au pavillon Indien.<\/p>\n\n\n\n<p class=\"wp-block-paragraph\"> L&rsquo;Ambassadrice a propos\u00e9 une visite culinaire immersive, mettant en valeur le patrimoine traditionnel des \u00e9pices Indiennes, ainsi que les innovations en mati\u00e8re de transformation alimentaire, et d\u00e9crivant les technologies de transformation alimentaire indiennes. L&rsquo;\u00e9v\u00e9nement comprenait des d\u00e9monstrations, notamment d&rsquo;\u00e9quipements modernes tels que des sorbeti\u00e8res, avec les conseils de la soci\u00e9t\u00e9 R&amp;D Engineers, repr\u00e9sent\u00e9e par M. Deepak Pamnani. Indo-Arab Trading Private Limited, soci\u00e9t\u00e9 active dans le commerce alimentaire et les services aux entreprises, \u00e9tait \u00e9galement pr\u00e9sente, repr\u00e9sent\u00e9e par M. Basil Y. S. Baradeiya. Parmi les autres visiteurs figurait M. Prajith Moorkoth, directeur ex\u00e9cutif de Golden Praxis, une soci\u00e9t\u00e9 offrant un accompagnement complet du march\u00e9 pour le lancement de marques, la distribution et la vente au d\u00e9tail.<\/p>\n\n\n\n<p class=\"wp-block-paragraph\">Le pavillon Indien a \u00e9t\u00e9 visit\u00e9 par des ambassadeurs, des dignitaires et des passionn\u00e9s de gastronomie, facilitant les discussions sur d&rsquo;\u00e9ventuelles collaborations dans les domaines de l&rsquo;agroalimentaire, des exportations alimentaires, des machines de transformation des aliments et de l&rsquo;agriculture durable. Cette participation a soulign\u00e9 le r\u00f4le croissant de l&rsquo;Inde dans l&rsquo;\u00e9conomie alimentaire mondiale et son engagement \u00e0 renforcer les partenariats commerciaux et de d\u00e9veloppement avec les pays africains, notamment la Tunisie.<\/p>\n\n\n\n<p class=\"wp-block-paragraph\">L&rsquo;Ambassade de l&rsquo;Inde \u00e0 Tunis s&rsquo;engage \u00e0 promouvoir la coop\u00e9ration Indo-Africaine par le biais d&rsquo;initiatives alliant culture, innovation et prosp\u00e9rit\u00e9 partag\u00e9e.<\/p>\n","protected":false},"excerpt":{"rendered":"<p>L&rsquo;Ambassade de l&rsquo;Inde a fi\u00e8rement particip\u00e9 au Salon International de l&rsquo;Alimentation pour l\u2019Afrique (IFSA) 2025, qui s&rsquo;est tenu du 9 au 11 juillet 2025 au parc des expositions El Kram, Tunis. L&rsquo;espace Indien pr\u00e9sentait le riche patrimoine culinaire et le dynamisme de l&rsquo;industrie agroalimentaire Indienne, offrant aux visiteurs un voyage captivant \u00e0 travers la diversit\u00e9 [&hellip;]<\/p>\n","protected":false},"author":4,"featured_media":66532,"comment_status":"open","ping_status":"closed","sticky":false,"template":"","format":"standard","meta":{"content-type":"","jnews-multi-image_gallery":[],"jnews_single_post":{"format":"standard"},"jnews_primary_category":[],"jnews_override_bookmark_settings":[],"jnews_review":[],"enable_review":"","type":"","name":"","summary":"","brand":"","sku":"","good":[],"bad":[],"score_override":"","override_value":"","rating":[],"price":[],"jnews_post_split":[],"footnotes":""},"categories":[2],"tags":[16040,14525,7540,16039,12893],"class_list":["post-66531","post","type-post","status-publish","format-standard","has-post-thumbnail","hentry","category-news-politique","tag-cooperation-indo-africaine","tag-devyani-uttam-khobragade","tag-lambassade-de-linde-a-tunis","tag-salon-international-de-lalimentation-pour-lafrique","tag-samir-abid"],"_links":{"self":[{"href":"https:\/\/www.africanchallenges.com\/index.php?rest_route=\/wp\/v2\/posts\/66531","targetHints":{"allow":["GET"]}}],"collection":[{"href":"https:\/\/www.africanchallenges.com\/index.php?rest_route=\/wp\/v2\/posts"}],"about":[{"href":"https:\/\/www.africanchallenges.com\/index.php?rest_route=\/wp\/v2\/types\/post"}],"author":[{"embeddable":true,"href":"https:\/\/www.africanchallenges.com\/index.php?rest_route=\/wp\/v2\/users\/4"}],"replies":[{"embeddable":true,"href":"https:\/\/www.africanchallenges.com\/index.php?rest_route=%2Fwp%2Fv2%2Fcomments&post=66531"}],"version-history":[{"count":2,"href":"https:\/\/www.africanchallenges.com\/index.php?rest_route=\/wp\/v2\/posts\/66531\/revisions"}],"predecessor-version":[{"id":66535,"href":"https:\/\/www.africanchallenges.com\/index.php?rest_route=\/wp\/v2\/posts\/66531\/revisions\/66535"}],"wp:featuredmedia":[{"embeddable":true,"href":"https:\/\/www.africanchallenges.com\/index.php?rest_route=\/wp\/v2\/media\/66532"}],"wp:attachment":[{"href":"https:\/\/www.africanchallenges.com\/index.php?rest_route=%2Fwp%2Fv2%2Fmedia&parent=66531"}],"wp:term":[{"taxonomy":"category","embeddable":true,"href":"https:\/\/www.africanchallenges.com\/index.php?rest_route=%2Fwp%2Fv2%2Fcategories&post=66531"},{"taxonomy":"post_tag","embeddable":true,"href":"https:\/\/www.africanchallenges.com\/index.php?rest_route=%2Fwp%2Fv2%2Ftags&post=66531"}],"curies":[{"name":"wp","href":"https:\/\/api.w.org\/{rel}","templated":true}]}}