{"id":66499,"date":"2025-07-15T10:47:49","date_gmt":"2025-07-15T09:47:49","guid":{"rendered":"https:\/\/www.africanchallenges.com\/?p=66499"},"modified":"2025-07-15T14:10:34","modified_gmt":"2025-07-15T13:10:34","slug":"tunisie-france-lambassade-de-france-en-tunisie-celebre-la-fete-nationale-du-14-juillet-sous-le-signe-de-la-cooperation-tuniso-francaise-et-du-maintien-de-la-paix","status":"publish","type":"post","link":"https:\/\/www.africanchallenges.com\/?p=66499","title":{"rendered":"Tunisie-France : L&rsquo;Ambassade de France en Tunisie c\u00e9l\u00e8bre la F\u00eate nationale du 14 Juillet sous le signe de la Coop\u00e9ration Tuniso-fran\u00e7aise et du maintien de la paix"},"content":{"rendered":"\n<p class=\"wp-block-paragraph\">A l&rsquo;occasion de la F\u00eate nationale fran\u00e7aise, Madame Anne GU\u00c9GUEN, Ambassadrice de France en Tunisie, a organis\u00e9 une r\u00e9ception le lundi 14 juillet au soir, au jardin de la R\u00e9sidence de France \u00abDar\u00a0Al\u00a0Kamila\u00bb, en pr\u00e9sence du Ministre des Affaires \u00c9trang\u00e8res, de la Migration et des Tunisiens \u00e0 l\u2019Etranger, M.Mohamed Ali Nafti,, de Mme Amina Srarfi, Ministre des Affaires Culturelles, de tous ses partenaires tunisiens et des membres de la communaut\u00e9 diplomatique.<\/p>\n\n\n\n<p class=\"wp-block-paragraph\">Traditionnellement c\u00e9l\u00e9br\u00e9e tous les 14 juillet, la f\u00eate nationale s\u2019inscrit cette ann\u00e9e dans l\u2019effervescence du partenariat tuniso-fran\u00e7ais et du maintien de la paix.<\/p>\n\n\n\n<p class=\"wp-block-paragraph\">Dans son discours, Anne Gu\u00e9guen, ambassadrice de France en Tunisie, a d\u00e9clar\u00e9 &nbsp;\u00ab Le 14 juillet nous rassemble dans la conviction que chacun et chacune a le droit inali\u00e9nable de vivre, penser et agir librement, tout en s&rsquo;engageant \u00e0 garantir l&rsquo;\u00e9galit\u00e9 de toutes et tous, sans privil\u00e8ge ni exclusion ; et en ayant confiance dans les sentiments de fraternit\u00e9 qui nous rappellent que notre existence est li\u00e9e \u00e0 celle des autres. Ces principes r\u00e9sonnent avec ceux de la Charte des Nations Unies, sign\u00e9e il y a exactement 80 ans, qui pr\u00f4nent la souverainet\u00e9 des peuples, l&rsquo;\u00e9galit\u00e9 des \u00c9tats et la coop\u00e9ration entre nations, fondements de l&rsquo;ordre international, mais qui sont aujourd&rsquo;hui tragiquement bafou\u00e9s \u00bb.<\/p>\n\n\n\n<p class=\"wp-block-paragraph\"><strong>Coop\u00e9rations tuniso-fran\u00e7aises<\/strong><\/p>\n\n\n\n<p class=\"wp-block-paragraph\">En \u00e9voquant le partenariat tuniso-fran\u00e7ais, l\u2019ambassadrice a pr\u00e9cis\u00e9 que ce partenariat repose sur un dialogue constant, l\u2019int\u00e9gration et l\u2019int\u00e9r\u00eat commun, ainsi que sur des liens humains, sociaux, culturels et \u00e9conomiques solides.<\/p>\n\n\n\n<p class=\"wp-block-paragraph\">Elle a \u00e9galement mentionn\u00e9 que plus d\u2019un million de Tunisiens r\u00e9sident en France, dont beaucoup sont binationaux, contribuant \u00e0 la vitalit\u00e9 des deux nations. En Tunisie, pr\u00e8s de 30 000 Fran\u00e7ais vivent et 1 600 entreprises fran\u00e7aises y sont actives. \u00ab La France demeure le premier investisseur \u00e9tranger, tandis que la Tunisie est d\u00e9sormais le principal investisseur africain en France. Ces relations profondes se manifestent \u00e9galement par la richesse de nos partenariats, notamment notre avenir commun \u00bb, a-t-elle ajout\u00e9.<\/p>\n\n\n\n<p class=\"wp-block-paragraph\">Anne Gu\u00e9guen a rendu un hommage particulier aux comp\u00e9tences tunisiennes \u00e0 l\u2019\u00e9tranger, les qualifiant d\u2019h\u00e9ritage humain dont l\u2019engagement contribue au rayonnement de la Tunisie et au progr\u00e8s des pays d\u2019accueil.<\/p>\n\n\n\n<p class=\"wp-block-paragraph\"><strong>La France, principal partenaire \u00e9conomique de la Tunisie<\/strong><\/p>\n\n\n\n<p class=\"wp-block-paragraph\">Anne Gu\u00e9guen a soulign\u00e9 : \u00ab La France reste le principal partenaire \u00e9conomique de la Tunisie, tant en mati\u00e8re d&rsquo;investissement qu&rsquo;en \u00e9changes commerciaux.<\/p>\n\n\n\n<p class=\"wp-block-paragraph\">Citant des chiffres pour cette ann\u00e9e, la France a investi plus de 1,5 million d\u2019euros uniquement en bourses destin\u00e9es aux \u00e9tudiants et aux jeunes chercheurs tunisiens, car selon elle, \u00ab c\u2019est avec la jeunesse, et pour la jeunesse que nous construirons ces nouvelles perspectives. C\u2019est ma conviction. \u00bb<\/p>\n\n\n\n<p class=\"wp-block-paragraph\">Les partenariats incluent : les forums \u00e9conomiques et sectoriels, le soutien \u00e0 la transformation num\u00e9rique, le d\u00e9veloppement de l\u2019intelligence artificielle, notamment \u00e0 travers le Forum M\u00e9diterran\u00e9en sur l\u2019IA qui se tiendra en novembre \u00e0 Tunis, en collaboration avec la France.<\/p>\n\n\n\n<p class=\"wp-block-paragraph\">Elle a soulign\u00e9  que la transition \u00e9cologique et \u00e9nerg\u00e9tique constitue un autre pilier central. Le Forum de la transition \u00e9cologique et \u00e9nerg\u00e9tique \u00e0 Tunis, organis\u00e9 en avril 2025, a ouvert de nouvelles perspectives pour ces secteurs strat\u00e9giques, consid\u00e9r\u00e9s comme des opportunit\u00e9s d\u2019innovation et de croissance durable.<\/p>\n\n\n\n<p class=\"wp-block-paragraph\"><strong>Coop\u00e9ration culturelle<\/strong><\/p>\n\n\n\n<p class=\"wp-block-paragraph\">La dimension culturelle a \u00e9t\u00e9 mise en avant par le succ\u00e8s de l\u2019exposition \u00ab Salammb\u00f4. De Flaubert \u00e0 Carthage \u00bb au Mus\u00e9e national du Bardo (2024-2025), r\u00e9sultat d\u2019un partenariat exemplaire. Les \u00e9changes et le dialogue culturel m\u00e9diterran\u00e9en sont int\u00e9gr\u00e9s dans le d\u00e9veloppement de l\u2019espace francophone, renforc\u00e9 notamment depuis les sommets de Djerba (2022) et Villers-Cotter\u00eats (2024).<\/p>\n\n\n\n<p class=\"wp-block-paragraph\"> Anne Gu\u00e9guen a d\u00e9clar\u00e9 : \u00ab La France joue un r\u00f4le crucial au sein de l&rsquo;Union Europ\u00e9enne, renfor\u00e7ant ainsi le partenariat avec la Tunisie. Cette ann\u00e9e marque le 30\u00e8me anniversaire de l&rsquo;Accord d&rsquo;association avec l&rsquo;UE, et la Tunisie r\u00e9it\u00e8re son engagement envers la dynamique euro-m\u00e9diterran\u00e9enne pour faire de la M\u00e9diterran\u00e9e un espace de paix, de prosp\u00e9rit\u00e9 et de stabilit\u00e9 partag\u00e9e. \u00bb<\/p>\n\n\n\n<p class=\"wp-block-paragraph\">Enfin, l&rsquo;ambassadrice de France en Tunisie a abord\u00e9 la situation internationale, en particulier en Ukraine et en Palestine. \u00ab C&rsquo;est dans cette optique que la France soutient le peuple ukrainien depuis trois ans et demi, et continuera de le faire aussi longtemps que n\u00e9cessaire pour d\u00e9fendre sa souverainet\u00e9 et son int\u00e9grit\u00e9 territoriale. Dans le m\u00eame esprit, rien ne doit occulter ce qui se passe \u00e0 Gaza. Je suis consciente de l&rsquo;impact profond que cette trag\u00e9die suscite, \u00e0 juste titre, chez les Tunisiennes et les Tunisiens.<\/p>\n\n\n\n<p class=\"wp-block-paragraph\">Je suis indign\u00e9e, tout comme vous. Cette abomination doit prendre fin. La France a annonc\u00e9 avec s\u00e9r\u00e9nit\u00e9 que nous ne prendrions pas d&rsquo;initiatives en lien avec les op\u00e9rations militaires isra\u00e9liennes \u00e0 Gaza, et que nous ne bloquerions pas l&rsquo;entr\u00e9e de l&rsquo;aide humanitaire.<\/p>\n\n\n\n<p class=\"wp-block-paragraph\">Nous exigeons un cessez-le-feu imm\u00e9diat ainsi qu&rsquo;une entr\u00e9e massive et rapide de l&rsquo;aide humanitaire, en plus du respect effectif des droits de l&rsquo;homme. La France soutient fermement la d\u00e9fense des droits des Palestiniens. Elle aspire \u00e0 la cr\u00e9ation d&rsquo;un \u00c9tat palestinien vivant en paix avec Isra\u00ebl.<\/p>\n\n\n\n<p class=\"wp-block-paragraph\">La paix et la s\u00e9curit\u00e9 pour tous, tel est le souhait de la France. Nous d\u00e9sirons la paix et la s\u00e9curit\u00e9 pour tous, mais nous ne pouvons pas les imposer. La m\u00e9thode multilat\u00e9rale doit \u00eatre notre guide.&nbsp;\u00bb<\/p>\n\n\n\n<p class=\"wp-block-paragraph\">La c\u00e9l\u00e9bration du 14 juillet repr\u00e9sente toujours une occasion de renouveler des v\u0153ux authentiques de paix, de progr\u00e8s et de prosp\u00e9rit\u00e9. Ce moment particulier symbolise l\u2019amiti\u00e9 partag\u00e9e et un engagement renouvel\u00e9 envers un partenariat dynamique, solidaire et constructif \u00e0 tous les niveaux entre la Tunisie et la France.<\/p>\n\n\n\n<p class=\"wp-block-paragraph\">Anne Gu\u00e9guen termine son discours par des paroles du po\u00e8te Tahar Bekri: \u00ab C&rsquo;est la beaut\u00e9 qui est acte de civilisation, non le fracas des armes&#8230; Je ne veux ni crier avec les loups ni \u00eatre insensible \u00e0 la souffrance humaine. Je veux tremper ma plume dans l&rsquo;encre g\u00e9n\u00e9reuse et fraternelle, non dans l&rsquo;ivresse du sang.  Je vous souhaite \u00e0 toutes et \u00e0 tous un excellent 14 juillet.\u00bb <\/p>\n\n\n\n<p class=\"wp-block-paragraph\">D\u00e9couvrez le discours prononc\u00e9 par l\u2019Ambassadrice Anne&nbsp; GU\u00c9GUEN \u00e0 cette occasion :<\/p>\n\n\n\n<figure class=\"wp-block-embed is-type-video is-provider-youtube wp-block-embed-youtube wp-embed-aspect-16-9 wp-has-aspect-ratio\"><div class=\"wp-block-embed__wrapper\">\n<div class=\"jeg_video_container jeg_video_content\"><iframe title=\"Discours de l&#039;Ambassadrice Anne Gu\u00e9guen \u00e0 l&#039;occasion de la f\u00eate nationale du 14 juillet 2025\" width=\"500\" height=\"281\" src=\"https:\/\/www.youtube.com\/embed\/uJValE_7LcQ?feature=oembed\" frameborder=\"0\" allow=\"accelerometer; autoplay; clipboard-write; encrypted-media; gyroscope; picture-in-picture; web-share\" referrerpolicy=\"strict-origin-when-cross-origin\" allowfullscreen><\/iframe><\/div>\n<\/div><\/figure>\n","protected":false},"excerpt":{"rendered":"<p>A l&rsquo;occasion de la F\u00eate nationale fran\u00e7aise, Madame Anne GU\u00c9GUEN, Ambassadrice de France en Tunisie, a organis\u00e9 une r\u00e9ception le lundi 14 juillet au soir, au jardin de la R\u00e9sidence de France \u00abDar\u00a0Al\u00a0Kamila\u00bb, en pr\u00e9sence du Ministre des Affaires \u00c9trang\u00e8res, de la Migration et des Tunisiens \u00e0 l\u2019Etranger, M.Mohamed Ali Nafti,, de Mme Amina Srarfi, [&hellip;]<\/p>\n","protected":false},"author":3,"featured_media":66500,"comment_status":"open","ping_status":"closed","sticky":false,"template":"","format":"standard","meta":{"content-type":"","jnews-multi-image_gallery":[],"jnews_single_post":{"format":"standard"},"jnews_primary_category":[],"jnews_override_bookmark_settings":[],"jnews_review":[],"enable_review":"","type":"","name":"","summary":"","brand":"","sku":"","good":[],"bad":[],"score_override":"","override_value":"","rating":[],"price":[],"jnews_post_split":[],"footnotes":""},"categories":[2],"tags":[16034,14823,16035,245,12338,54],"class_list":["post-66499","post","type-post","status-publish","format-standard","has-post-thumbnail","hentry","category-news-politique","tag-anne-gueguen-3","tag-cooperation-tuniso-francaise","tag-fete-nationale-du-14-juillet","tag-france","tag-maintien-de-la-paix","tag-tunisie"],"_links":{"self":[{"href":"https:\/\/www.africanchallenges.com\/index.php?rest_route=\/wp\/v2\/posts\/66499","targetHints":{"allow":["GET"]}}],"collection":[{"href":"https:\/\/www.africanchallenges.com\/index.php?rest_route=\/wp\/v2\/posts"}],"about":[{"href":"https:\/\/www.africanchallenges.com\/index.php?rest_route=\/wp\/v2\/types\/post"}],"author":[{"embeddable":true,"href":"https:\/\/www.africanchallenges.com\/index.php?rest_route=\/wp\/v2\/users\/3"}],"replies":[{"embeddable":true,"href":"https:\/\/www.africanchallenges.com\/index.php?rest_route=%2Fwp%2Fv2%2Fcomments&post=66499"}],"version-history":[{"count":13,"href":"https:\/\/www.africanchallenges.com\/index.php?rest_route=\/wp\/v2\/posts\/66499\/revisions"}],"predecessor-version":[{"id":66520,"href":"https:\/\/www.africanchallenges.com\/index.php?rest_route=\/wp\/v2\/posts\/66499\/revisions\/66520"}],"wp:featuredmedia":[{"embeddable":true,"href":"https:\/\/www.africanchallenges.com\/index.php?rest_route=\/wp\/v2\/media\/66500"}],"wp:attachment":[{"href":"https:\/\/www.africanchallenges.com\/index.php?rest_route=%2Fwp%2Fv2%2Fmedia&parent=66499"}],"wp:term":[{"taxonomy":"category","embeddable":true,"href":"https:\/\/www.africanchallenges.com\/index.php?rest_route=%2Fwp%2Fv2%2Fcategories&post=66499"},{"taxonomy":"post_tag","embeddable":true,"href":"https:\/\/www.africanchallenges.com\/index.php?rest_route=%2Fwp%2Fv2%2Ftags&post=66499"}],"curies":[{"name":"wp","href":"https:\/\/api.w.org\/{rel}","templated":true}]}}