{"id":66378,"date":"2025-07-10T09:10:00","date_gmt":"2025-07-10T08:10:00","guid":{"rendered":"https:\/\/www.africanchallenges.com\/?p=66378"},"modified":"2025-07-10T16:15:28","modified_gmt":"2025-07-10T15:15:28","slug":"tunisie-le-president-de-la-republique-effectue-une-visite-inopinee-dans-le-gouvernorat-de-nabeul","status":"publish","type":"post","link":"https:\/\/www.africanchallenges.com\/?p=66378","title":{"rendered":"Tunisie : Le pr\u00e9sident de la R\u00e9publique effectue une visite inopin\u00e9e dans le gouvernorat de Nabeul"},"content":{"rendered":"\n<p class=\"wp-block-paragraph\">Le pr\u00e9sident de la R\u00e9publique, Ka\u00efs Sa\u00efed, a effectu\u00e9, ce jeudi 10 juillet 2025, une visite inopin\u00e9e dans le gouvernorat de Nabeul.<\/p>\n\n\n\n<p class=\"wp-block-paragraph\">Les d\u00e9l\u00e9gations de Menzel Temime et de K\u00e9libia, qui rel\u00e8vent de ce gouvernorat, ont \u00e9t\u00e9 impliqu\u00e9es dans cette visite pr\u00e9sidentielle.<\/p>\n\n\n\n<p class=\"wp-block-paragraph\">Cette visite a principalement concern\u00e9 deux oueds situ\u00e9s dans la d\u00e9l\u00e9gation de K\u00e9libia, qui se trouvent actuellement dans un \u00e9tat \u00e9cologique catastrophique, ainsi que la r\u00e9gion d&rsquo;A\u00efn Grenz, d\u00e9sormais interdite \u00e0 la baignade.<\/p>\n\n\n\n<p class=\"wp-block-paragraph\">Il convient de noter que Ka\u00efs Sa\u00efed s&rsquo;est \u00e9galement d\u00e9plac\u00e9, le m\u00eame jour, dans le gouvernorat de Monastir, plus pr\u00e9cis\u00e9ment dans les d\u00e9l\u00e9gations de Ksibet El Mediouni, Sayada et Lamta, pour une visite ax\u00e9e sur la m\u00eame probl\u00e9matique environnementale.<\/p>\n\n\n\n<p class=\"wp-block-paragraph\"><\/p>\n","protected":false},"excerpt":{"rendered":"<p>Le pr\u00e9sident de la R\u00e9publique, Ka\u00efs Sa\u00efed, a effectu\u00e9, ce jeudi 10 juillet 2025, une visite inopin\u00e9e dans le gouvernorat de Nabeul. Les d\u00e9l\u00e9gations de Menzel Temime et de K\u00e9libia, qui rel\u00e8vent de ce gouvernorat, ont \u00e9t\u00e9 impliqu\u00e9es dans cette visite pr\u00e9sidentielle. Cette visite a principalement concern\u00e9 deux oueds situ\u00e9s dans la d\u00e9l\u00e9gation de K\u00e9libia, [&hellip;]<\/p>\n","protected":false},"author":4,"featured_media":66379,"comment_status":"open","ping_status":"closed","sticky":false,"template":"","format":"standard","meta":{"content-type":"","jnews-multi-image_gallery":[],"jnews_single_post":{"format":"standard"},"jnews_primary_category":[],"jnews_override_bookmark_settings":[],"jnews_review":[],"enable_review":"","type":"","name":"","summary":"","brand":"","sku":"","good":[],"bad":[],"score_override":"","override_value":"","rating":[],"price":[],"jnews_post_split":[],"footnotes":""},"categories":[2],"tags":[16010,3712,16011,11539],"class_list":["post-66378","post","type-post","status-publish","format-standard","has-post-thumbnail","hentry","category-news-politique","tag-gouvernorat-de-nabeul","tag-kais-saied-2","tag-problematique-environnementale","tag-visite-inopinee"],"_links":{"self":[{"href":"https:\/\/www.africanchallenges.com\/index.php?rest_route=\/wp\/v2\/posts\/66378","targetHints":{"allow":["GET"]}}],"collection":[{"href":"https:\/\/www.africanchallenges.com\/index.php?rest_route=\/wp\/v2\/posts"}],"about":[{"href":"https:\/\/www.africanchallenges.com\/index.php?rest_route=\/wp\/v2\/types\/post"}],"author":[{"embeddable":true,"href":"https:\/\/www.africanchallenges.com\/index.php?rest_route=\/wp\/v2\/users\/4"}],"replies":[{"embeddable":true,"href":"https:\/\/www.africanchallenges.com\/index.php?rest_route=%2Fwp%2Fv2%2Fcomments&post=66378"}],"version-history":[{"count":1,"href":"https:\/\/www.africanchallenges.com\/index.php?rest_route=\/wp\/v2\/posts\/66378\/revisions"}],"predecessor-version":[{"id":66380,"href":"https:\/\/www.africanchallenges.com\/index.php?rest_route=\/wp\/v2\/posts\/66378\/revisions\/66380"}],"wp:featuredmedia":[{"embeddable":true,"href":"https:\/\/www.africanchallenges.com\/index.php?rest_route=\/wp\/v2\/media\/66379"}],"wp:attachment":[{"href":"https:\/\/www.africanchallenges.com\/index.php?rest_route=%2Fwp%2Fv2%2Fmedia&parent=66378"}],"wp:term":[{"taxonomy":"category","embeddable":true,"href":"https:\/\/www.africanchallenges.com\/index.php?rest_route=%2Fwp%2Fv2%2Fcategories&post=66378"},{"taxonomy":"post_tag","embeddable":true,"href":"https:\/\/www.africanchallenges.com\/index.php?rest_route=%2Fwp%2Fv2%2Ftags&post=66378"}],"curies":[{"name":"wp","href":"https:\/\/api.w.org\/{rel}","templated":true}]}}