{"id":66311,"date":"2025-07-08T20:13:05","date_gmt":"2025-07-08T19:13:05","guid":{"rendered":"https:\/\/www.africanchallenges.com\/?p=66311"},"modified":"2025-07-08T20:13:27","modified_gmt":"2025-07-08T19:13:27","slug":"latunisie-accueille-une-conference-internationale-sur-la-protection-des-civils-dans-les-operations-de-maintien-de-la-paix","status":"publish","type":"post","link":"https:\/\/www.africanchallenges.com\/?p=66311","title":{"rendered":"La Tunisie accueille une conf\u00e9rence internationale sur la protection des civils dans les op\u00e9rations de maintien de la paix, les 10 et 11 juillet"},"content":{"rendered":"\n<p class=\"wp-block-paragraph\">Le minist\u00e8re de la D\u00e9fense nationale organise, les 10 et 11 juillet \u00e0 Tunis, en partenariat avec les Nations unies, une conf\u00e9rence internationale consacr\u00e9e au r\u00f4le des forces arm\u00e9es dans la protection des civils lors des op\u00e9rations de maintien de la paix.<\/p>\n\n\n\n<p class=\"wp-block-paragraph\">Plus de 80 participants, civils et militaires, sont attendus \u00e0 cette rencontre, dont des responsables onusiens, des d\u00e9l\u00e9gu\u00e9s de treize pays partenaires, des repr\u00e9sentants d\u2019organisations r\u00e9gionales et internationales, ainsi que des ambassadeurs et attach\u00e9s de d\u00e9fense accr\u00e9dit\u00e9s \u00e0 Tunis.<\/p>\n\n\n\n<p class=\"wp-block-paragraph\">Cette conf\u00e9rence vise \u00e0 concevoir une plateforme num\u00e9rique mondiale d\u2019\u00e9change d\u2019informations et de bonnes pratiques, \u00e9laborer un manuel op\u00e9rationnel unifi\u00e9, harmonisant les proc\u00e9dures et standards appliqu\u00e9s par les arm\u00e9es impliqu\u00e9es dans la protection des civils, lancer une initiative r\u00e9gionale de formation et de renforcement des capacit\u00e9s, incluant des stages sp\u00e9cialis\u00e9s, ateliers et exercices conjoints.<\/p>\n\n\n\n<p class=\"wp-block-paragraph\">Les travaux seront rythm\u00e9s par des tables rondes, des conf\u00e9rences et des d\u00e9bats sur les d\u00e9fis de la protection des civils dans les missions onusiennes, anim\u00e9s par des experts militaires, civils et responsables des Nations unies.<\/p>\n\n\n\n<p class=\"wp-block-paragraph\">La conf\u00e9rence s\u2019ach\u00e8vera par l\u2019adoption de la \u00ab D\u00e9claration de Tunis \u00bb, destin\u00e9e \u00e0 servir de r\u00e9f\u00e9rence internationale en fixant le cadre global de principes directeurs et des normes op\u00e9rationnelles pour la protection des populations dans les zones de conflit, tout en r\u00e9affirmant le r\u00f4le des forces arm\u00e9es entant que garant des droits humains fondamentaux et du respect du droit international humanitaire.<\/p>\n","protected":false},"excerpt":{"rendered":"<p>Le minist\u00e8re de la D\u00e9fense nationale organise, les 10 et 11 juillet \u00e0 Tunis, en partenariat avec les Nations unies, une conf\u00e9rence internationale consacr\u00e9e au r\u00f4le des forces arm\u00e9es dans la protection des civils lors des op\u00e9rations de maintien de la paix. Plus de 80 participants, civils et militaires, sont attendus \u00e0 cette rencontre, dont [&hellip;]<\/p>\n","protected":false},"author":4,"featured_media":66312,"comment_status":"open","ping_status":"closed","sticky":false,"template":"","format":"standard","meta":{"content-type":"","jnews-multi-image_gallery":[],"jnews_single_post":{"format":"standard"},"jnews_primary_category":[],"jnews_override_bookmark_settings":[],"jnews_review":[],"enable_review":"","type":"","name":"","summary":"","brand":"","sku":"","good":[],"bad":[],"score_override":"","override_value":"","rating":[],"price":[],"jnews_post_split":[],"footnotes":""},"categories":[2,7950],"tags":[15982,4229,15983,1099,54],"class_list":["post-66311","post","type-post","status-publish","format-standard","has-post-thumbnail","hentry","category-news-politique","category-politique","tag-conference-internationale-sur-la-protection-des-civils-dans-les-operations-de-maintien-de-la-paix","tag-ministere-de-la-defense-nationale","tag-missions-onusiennes","tag-nations-unies","tag-tunisie"],"_links":{"self":[{"href":"https:\/\/www.africanchallenges.com\/index.php?rest_route=\/wp\/v2\/posts\/66311","targetHints":{"allow":["GET"]}}],"collection":[{"href":"https:\/\/www.africanchallenges.com\/index.php?rest_route=\/wp\/v2\/posts"}],"about":[{"href":"https:\/\/www.africanchallenges.com\/index.php?rest_route=\/wp\/v2\/types\/post"}],"author":[{"embeddable":true,"href":"https:\/\/www.africanchallenges.com\/index.php?rest_route=\/wp\/v2\/users\/4"}],"replies":[{"embeddable":true,"href":"https:\/\/www.africanchallenges.com\/index.php?rest_route=%2Fwp%2Fv2%2Fcomments&post=66311"}],"version-history":[{"count":3,"href":"https:\/\/www.africanchallenges.com\/index.php?rest_route=\/wp\/v2\/posts\/66311\/revisions"}],"predecessor-version":[{"id":66315,"href":"https:\/\/www.africanchallenges.com\/index.php?rest_route=\/wp\/v2\/posts\/66311\/revisions\/66315"}],"wp:featuredmedia":[{"embeddable":true,"href":"https:\/\/www.africanchallenges.com\/index.php?rest_route=\/wp\/v2\/media\/66312"}],"wp:attachment":[{"href":"https:\/\/www.africanchallenges.com\/index.php?rest_route=%2Fwp%2Fv2%2Fmedia&parent=66311"}],"wp:term":[{"taxonomy":"category","embeddable":true,"href":"https:\/\/www.africanchallenges.com\/index.php?rest_route=%2Fwp%2Fv2%2Fcategories&post=66311"},{"taxonomy":"post_tag","embeddable":true,"href":"https:\/\/www.africanchallenges.com\/index.php?rest_route=%2Fwp%2Fv2%2Ftags&post=66311"}],"curies":[{"name":"wp","href":"https:\/\/api.w.org\/{rel}","templated":true}]}}