{"id":66299,"date":"2025-07-08T19:24:02","date_gmt":"2025-07-08T18:24:02","guid":{"rendered":"https:\/\/www.africanchallenges.com\/?p=66299"},"modified":"2025-07-08T19:24:03","modified_gmt":"2025-07-08T18:24:03","slug":"tunisie-la-delegation-generale-wallonie-bruxelles-en-partenariat-avec-le-festival-international-de-musique-symphonique-del-jem-presente-un-concert-de-lorchestre-royal-de-chambre-de-wallo","status":"publish","type":"post","link":"https:\/\/www.africanchallenges.com\/?p=66299","title":{"rendered":"Tunisie : La D\u00e9l\u00e9gation g\u00e9n\u00e9rale Wallonie-Bruxelles en partenariat avec le Festival international de Musique symphonique d\u2019El Jem  pr\u00e9sente un concert de l&rsquo;Orchestre Royal de Chambre de Wallonie  intitul\u00e9 \u00ab\u00a0Alors on danse\u00a0\u00bb , le 24 juillet"},"content":{"rendered":"\n<p class=\"wp-block-paragraph\">ORCHESTRE ROYAL DE CHAMBRE DE WALLONIE &#8211; \u00abAlors on danse\u00bb L&rsquo;Orchestre Royal de Chambre de Wallonie (ORCW) pr\u00e9sente un concert intitul\u00e9 \u00ab\u00a0Alors on danse\u00a0\u00bb<\/p>\n\n\n\n<p class=\"wp-block-paragraph\">L&rsquo;Orchestre Royal de Chambre de Wallonie (ORCW) pr\u00e9sente un concert intitul\u00e9 \u00ab\u00a0Alors on danse\u00a0\u00bb qui se tiendra le 24 juillet 2025, dans le cadre du Festival international de musique symphonique d&rsquo;El Jem, en Tunisie. Ce concert se d\u00e9roulera lors de la 38\u00e8me \u00e9dition du festival, pr\u00e9vue du 12 juillet au 16 ao\u00fbt.<\/p>\n\n\n\n<p class=\"wp-block-paragraph\">L&rsquo;ORCW sera sous la direction de son violon solo, Jean-Fr\u00e9d\u00e9ric Molard. Le programme \u00ab\u00a0Alors on danse\u00a0\u00bb inclura des compositions inspir\u00e9es par la danse, comprenant notamment des \u0153uvres de Franz Schubert. Ce concert marquera \u00e9galement le d\u00e9part d&rsquo;Anne Pingen, soliste alto de l&rsquo;orchestre, apr\u00e8s plus de 40 ans de carri\u00e8re.<\/p>\n\n\n\n<p class=\"wp-block-paragraph\">En r\u00e9sum\u00e9, l&rsquo;Orchestre Royal de Chambre de Wallonie se produira \u00e0 El Jem avec un programme centr\u00e9 sur la danse, c\u00e9l\u00e9brant le d\u00e9part d&rsquo;une musicienne et s&rsquo;inscrivant dans le cadre d&rsquo;un festival tunisien de renom.<\/p>\n","protected":false},"excerpt":{"rendered":"<p>ORCHESTRE ROYAL DE CHAMBRE DE WALLONIE &#8211; \u00abAlors on danse\u00bb L&rsquo;Orchestre Royal de Chambre de Wallonie (ORCW) pr\u00e9sente un concert intitul\u00e9 \u00ab\u00a0Alors on danse\u00a0\u00bb L&rsquo;Orchestre Royal de Chambre de Wallonie (ORCW) pr\u00e9sente un concert intitul\u00e9 \u00ab\u00a0Alors on danse\u00a0\u00bb qui se tiendra le 24 juillet 2025, dans le cadre du Festival international de musique symphonique d&rsquo;El [&hellip;]<\/p>\n","protected":false},"author":3,"featured_media":66300,"comment_status":"open","ping_status":"closed","sticky":false,"template":"","format":"standard","meta":{"content-type":"","jnews-multi-image_gallery":[],"jnews_single_post":{"format":"standard"},"jnews_primary_category":[],"jnews_override_bookmark_settings":[],"jnews_review":[],"enable_review":"","type":"","name":"","summary":"","brand":"","sku":"","good":[],"bad":[],"score_override":"","override_value":"","rating":[],"price":[],"jnews_post_split":[],"footnotes":""},"categories":[17],"tags":[9199,10506,15977],"class_list":["post-66299","post","type-post","status-publish","format-standard","has-post-thumbnail","hentry","category-entertainment","tag-delegation-generale-wallonie-bruxelles","tag-festival-international-de-musique-symphonique-del-jem","tag-lorchestre-royal-de-chambre-de-wallonie"],"_links":{"self":[{"href":"https:\/\/www.africanchallenges.com\/index.php?rest_route=\/wp\/v2\/posts\/66299","targetHints":{"allow":["GET"]}}],"collection":[{"href":"https:\/\/www.africanchallenges.com\/index.php?rest_route=\/wp\/v2\/posts"}],"about":[{"href":"https:\/\/www.africanchallenges.com\/index.php?rest_route=\/wp\/v2\/types\/post"}],"author":[{"embeddable":true,"href":"https:\/\/www.africanchallenges.com\/index.php?rest_route=\/wp\/v2\/users\/3"}],"replies":[{"embeddable":true,"href":"https:\/\/www.africanchallenges.com\/index.php?rest_route=%2Fwp%2Fv2%2Fcomments&post=66299"}],"version-history":[{"count":1,"href":"https:\/\/www.africanchallenges.com\/index.php?rest_route=\/wp\/v2\/posts\/66299\/revisions"}],"predecessor-version":[{"id":66301,"href":"https:\/\/www.africanchallenges.com\/index.php?rest_route=\/wp\/v2\/posts\/66299\/revisions\/66301"}],"wp:featuredmedia":[{"embeddable":true,"href":"https:\/\/www.africanchallenges.com\/index.php?rest_route=\/wp\/v2\/media\/66300"}],"wp:attachment":[{"href":"https:\/\/www.africanchallenges.com\/index.php?rest_route=%2Fwp%2Fv2%2Fmedia&parent=66299"}],"wp:term":[{"taxonomy":"category","embeddable":true,"href":"https:\/\/www.africanchallenges.com\/index.php?rest_route=%2Fwp%2Fv2%2Fcategories&post=66299"},{"taxonomy":"post_tag","embeddable":true,"href":"https:\/\/www.africanchallenges.com\/index.php?rest_route=%2Fwp%2Fv2%2Ftags&post=66299"}],"curies":[{"name":"wp","href":"https:\/\/api.w.org\/{rel}","templated":true}]}}