{"id":66227,"date":"2025-07-05T13:25:49","date_gmt":"2025-07-05T12:25:49","guid":{"rendered":"https:\/\/www.africanchallenges.com\/?p=66227"},"modified":"2025-07-05T13:25:51","modified_gmt":"2025-07-05T12:25:51","slug":"tunisie-le-ministre-de-la-defense-nationale-preside-la-ceremonie-de-remise-des-diplomes-de-la-29e-promotion-de-lecole-superieure-de-guerre","status":"publish","type":"post","link":"https:\/\/www.africanchallenges.com\/?p=66227","title":{"rendered":"Tunisie : Le ministre de la D\u00e9fense Nationale pr\u00e9side la c\u00e9r\u00e9monie de remise des dipl\u00f4mes de la 29\u00e8 promotion de l&rsquo;\u00e9cole sup\u00e9rieure de guerre"},"content":{"rendered":"\n<p class=\"wp-block-paragraph\">M. Khalid Sehili, ministre de la D\u00e9fense Nationale, a pr\u00e9sid\u00e9 hier  vendredi 4 juillet 2025, la c\u00e9r\u00e9monie de remise des dipl\u00f4mes de la 29e promotion de l&rsquo;\u00e9cole sup\u00e9rieure de guerre \u00e0 la base militaire de Bartal Haider, en pr\u00e9sence de membres du Conseil Supr\u00eame des arm\u00e9es ainsi que de trois des plus hauts responsables militaires et civils du minist\u00e8re.<\/p>\n\n\n\n<p class=\"wp-block-paragraph\">Dans son discours, le ministre de la D\u00e9fense nationale a f\u00e9licit\u00e9 les officiers de haut rang de Tunisie ainsi que les \u00e9tudiants \u00e9trangers des pays fr\u00e8res et amis qui ont obtenu leur dipl\u00f4mes lors de cette session, leur souhaitant davantage de succ\u00e8s et de r\u00e9ussite dans leur parcours professionnel et dans les missions et responsabilit\u00e9s qui leur seront confi\u00e9es \u00e0 l&rsquo;avenir. Il a \u00e9galement exprim\u00e9 sa reconnaissance et sa gratitude envers tous les responsables de cette institution historique pour leurs efforts qui ont permis d&rsquo;atteindre des r\u00e9sultats exceptionnels durant l&rsquo;ann\u00e9e acad\u00e9mique \u00e9coul\u00e9e, lit-on dans un communiqu\u00e9 \u00e9mis par le minist\u00e8re de la d\u00e9fense nationale.<\/p>\n\n\n\n<p class=\"wp-block-paragraph\">Il a insist\u00e9 sur l&rsquo;importance du d\u00e9veloppement de la formation \u00e0 l&rsquo;\u00e9cole sup\u00e9rieure militaire pour renforcer les capacit\u00e9s op\u00e9rationnelles de l&rsquo;institution militaire, en travaillant \u00e0 la r\u00e9vision et \u00e0 l&rsquo;enrichissement des programmes d&rsquo;enseignement, afin de faire de cette institution un p\u00f4le d&rsquo;excellence en formation militaire strat\u00e9gique aux niveaux national, r\u00e9gional et international, conform\u00e9ment \u00e0 la vision du minist\u00e8re de la D\u00e9fense nationale \u00e0 l&rsquo;horizon 2030.<\/p>\n\n\n\n<p class=\"wp-block-paragraph\">Il a \u00e9galement soulign\u00e9 que l&rsquo;officier \u00e9tudiant dans cette institution b\u00e9n\u00e9ficie d&rsquo;une formation compl\u00e8te et approfondie en sciences militaires, \u00e9tudes strat\u00e9giques et g\u00e9opolitiques, ce qui lui permet de rester inform\u00e9 des \u00e9v\u00e9nements et des transformations \u00e0 tous les niveaux, qu&rsquo;ils soient nationaux, r\u00e9gionaux ou internationaux, et le pr\u00e9pare \u00e0 analyser diverses nouveaut\u00e9s et changements, \u00e0 assumer des responsabilit\u00e9s de leadership et \u00e0 participer \u00e0 la prise de d\u00e9cisions appropri\u00e9es.<\/p>\n\n\n\n<p class=\"wp-block-paragraph\">Le ministre de la D\u00e9fense nationale a exhort\u00e9 l&rsquo;\u00e9cole militaire sup\u00e9rieure \u00e0 s&rsquo;ouvrir davantage \u00e0 ses homologues des institutions \u00e9trang\u00e8res en permettant la participation d&rsquo;officiers \u00e0 des s\u00e9minaires et des exercices op\u00e9rationnels organis\u00e9s dans certains pays amis et fr\u00e8res, car cela repr\u00e9sente de pr\u00e9cieuses occasions d&rsquo;am\u00e9liorer la qualit\u00e9 de la formation et du d\u00e9veloppement, tout en b\u00e9n\u00e9ficiant d&rsquo;exp\u00e9riences comparatives. Cela valorise l&rsquo;effort de l&rsquo;\u00e9cole pour s&rsquo;int\u00e9grer dans le Syst\u00e8me de Gestion de la qualit\u00e9 \u00ab\u00a0ISO 21001\u00a0\u00bb et obtenir la conformit\u00e9 aux normes internationales dans le domaine de la formation, ainsi que son int\u00e9r\u00eat pour la num\u00e9risation, \u00e0 l&rsquo;instar d&rsquo;autres \u00e9tablissements d&rsquo;enseignement militaire, ce qui contribuera \u00e0 son rayonnement futur tant au niveau national qu&rsquo;international.<\/p>\n\n\n\n<p class=\"wp-block-paragraph\">\u00c0 la fin de la c\u00e9r\u00e9monie, le ministre de la D\u00e9fense nationale a remis les certificats aux dipl\u00f4m\u00e9s et a examin\u00e9 leurs projets de recherche finalis\u00e9s.<\/p>\n","protected":false},"excerpt":{"rendered":"<p>M. Khalid Sehili, ministre de la D\u00e9fense Nationale, a pr\u00e9sid\u00e9 hier vendredi 4 juillet 2025, la c\u00e9r\u00e9monie de remise des dipl\u00f4mes de la 29e promotion de l&rsquo;\u00e9cole sup\u00e9rieure de guerre \u00e0 la base militaire de Bartal Haider, en pr\u00e9sence de membres du Conseil Supr\u00eame des arm\u00e9es ainsi que de trois des plus hauts responsables militaires [&hellip;]<\/p>\n","protected":false},"author":4,"featured_media":66228,"comment_status":"open","ping_status":"closed","sticky":false,"template":"","format":"standard","meta":{"content-type":"","jnews-multi-image_gallery":[],"jnews_single_post":{"format":"standard"},"jnews_primary_category":[],"jnews_override_bookmark_settings":[],"jnews_review":[],"enable_review":"","type":"","name":"","summary":"","brand":"","sku":"","good":[],"bad":[],"score_override":"","override_value":"","rating":[],"price":[],"jnews_post_split":[],"footnotes":""},"categories":[2],"tags":[229,3298,12948,12594],"class_list":["post-66227","post","type-post","status-publish","format-standard","has-post-thumbnail","hentry","category-news-politique","tag-ceremonie","tag-diplomes","tag-khaled-sehili","tag-lecole-superieure-de-guerre"],"_links":{"self":[{"href":"https:\/\/www.africanchallenges.com\/index.php?rest_route=\/wp\/v2\/posts\/66227","targetHints":{"allow":["GET"]}}],"collection":[{"href":"https:\/\/www.africanchallenges.com\/index.php?rest_route=\/wp\/v2\/posts"}],"about":[{"href":"https:\/\/www.africanchallenges.com\/index.php?rest_route=\/wp\/v2\/types\/post"}],"author":[{"embeddable":true,"href":"https:\/\/www.africanchallenges.com\/index.php?rest_route=\/wp\/v2\/users\/4"}],"replies":[{"embeddable":true,"href":"https:\/\/www.africanchallenges.com\/index.php?rest_route=%2Fwp%2Fv2%2Fcomments&post=66227"}],"version-history":[{"count":1,"href":"https:\/\/www.africanchallenges.com\/index.php?rest_route=\/wp\/v2\/posts\/66227\/revisions"}],"predecessor-version":[{"id":66229,"href":"https:\/\/www.africanchallenges.com\/index.php?rest_route=\/wp\/v2\/posts\/66227\/revisions\/66229"}],"wp:featuredmedia":[{"embeddable":true,"href":"https:\/\/www.africanchallenges.com\/index.php?rest_route=\/wp\/v2\/media\/66228"}],"wp:attachment":[{"href":"https:\/\/www.africanchallenges.com\/index.php?rest_route=%2Fwp%2Fv2%2Fmedia&parent=66227"}],"wp:term":[{"taxonomy":"category","embeddable":true,"href":"https:\/\/www.africanchallenges.com\/index.php?rest_route=%2Fwp%2Fv2%2Fcategories&post=66227"},{"taxonomy":"post_tag","embeddable":true,"href":"https:\/\/www.africanchallenges.com\/index.php?rest_route=%2Fwp%2Fv2%2Ftags&post=66227"}],"curies":[{"name":"wp","href":"https:\/\/api.w.org\/{rel}","templated":true}]}}