{"id":66182,"date":"2025-07-03T21:39:30","date_gmt":"2025-07-03T20:39:30","guid":{"rendered":"https:\/\/www.africanchallenges.com\/?p=66182"},"modified":"2025-07-03T21:39:31","modified_gmt":"2025-07-03T20:39:31","slug":"tunisie-le-president-de-la-republique-menace-les-responsables-irresponsables-de-les-remplacer-par-des-chomeurs","status":"publish","type":"post","link":"https:\/\/www.africanchallenges.com\/?p=66182","title":{"rendered":"Tunisie : Le pr\u00e9sident de la R\u00e9publique menace les responsables \u00ab irresponsables \u00bb de les remplacer par des ch\u00f4meurs"},"content":{"rendered":"\n<p class=\"wp-block-paragraph\">Le pr\u00e9sident de la R\u00e9publique, Ka\u00efs Sa\u00efed, a rencontr\u00e9, hier mercredi 2 juillet 2025, la cheffe du gouvernement, Sarra Za\u00e2frani Zenzri, afin de faire le point sur sa participation \u00e0 la Conf\u00e9rence internationale sur le financement du d\u00e9veloppement, qui s&rsquo;est tenue \u00e0 S\u00e9ville, en Espagne.<\/p>\n\n\n\n<p class=\"wp-block-paragraph\">Un communiqu\u00e9 \u00e9manant de Carthage indique que le pr\u00e9sident de la R\u00e9publique a exprim\u00e9 sa satisfaction quant \u00e0 cette participation, affirmant que \u00ab la voix de la Tunisie est d\u00e9sormais entendue sur la sc\u00e8ne internationale \u00bb. Il a salu\u00e9 la d\u00e9cision du pays de \u00ab s&rsquo;appuyer d&rsquo;abord sur ses propres capacit\u00e9s et d&rsquo;accepter uniquement des partenariats d&rsquo;\u00e9gal \u00e0 \u00e9gal, tout en respectant ses int\u00e9r\u00eats et l&rsquo;ind\u00e9pendance totale de ses d\u00e9cisions \u00bb.<\/p>\n\n\n\n<p class=\"wp-block-paragraph\">De plus, le chef de l&rsquo;\u00c9tat a donn\u00e9 des directives pour la restructuration de plusieurs institutions qui, selon lui, \u00ab \u00e9puisent les ressources de la collectivit\u00e9 nationale \u00bb. Il a appel\u00e9 \u00e0 la mise en place de solutions \u00ab radicales et nationales \u00bb pour tous les secteurs, n&rsquo;h\u00e9sitant pas \u00e0 \u00e9carter ceux qui n&rsquo;ont pas su assumer leurs responsabilit\u00e9s. \u00ab Les ch\u00f4meurs de longue dur\u00e9e sont plus aptes \u00e0 prendre leur place. Ils y parviendront m\u00eame s&rsquo;ils manquent d&rsquo;exp\u00e9rience, car ils sont anim\u00e9s d&rsquo;un enthousiasme pour contribuer \u00e0 l&rsquo;op\u00e9ration de construction et d&rsquo;\u00e9dification du pays ainsi qu&rsquo;\u00e0 la lutte contre la corruption \u00bb, a-t-il d\u00e9clar\u00e9.<\/p>\n\n\n\n<p class=\"wp-block-paragraph\">Le pr\u00e9sident de la R\u00e9publique a r\u00e9affirm\u00e9 que le travail se poursuit \u00ab jour et nuit \u00bb pour r\u00e9pondre aux attentes du peuple. Il a conclu en d\u00e9clarant : \u00ab Il vaut mieux un patriote libre qui ne se laisse pas d\u00e9courager par les difficult\u00e9s, qu&rsquo;elles soient r\u00e9elles ou non, que celui qui pr\u00e9tend savoir mais qui est en r\u00e9alit\u00e9 d\u00e9pourvu de connaissance. Rien ne doit entraver la marche du peuple tunisien dans sa lutte pour la lib\u00e9ration.<\/p>\n\n\n\n<p class=\"wp-block-paragraph\">Ce n&rsquo;est pas la premi\u00e8re occasion o\u00f9 le pr\u00e9sident Ka\u00efs Sa\u00efed \u00e9met des menaces explicites envers les responsables qu&rsquo;il consid\u00e8re comme \u00ab irresponsables \u00bb. Il r\u00e9affirme fr\u00e9quemment son d\u00e9sir de les remplacer par des ch\u00f4meurs, qu&rsquo;il d\u00e9crit comme des patriotes dispos\u00e9s \u00e0 s&rsquo;engager dans son projet de \u00ab construction et d&rsquo;\u00e9dification \u00bb ainsi que dans ce qu&rsquo;il d\u00e9signe comme une \u00ab guerre de lib\u00e9ration nationale \u00bb.<\/p>\n","protected":false},"excerpt":{"rendered":"<p>Le pr\u00e9sident de la R\u00e9publique, Ka\u00efs Sa\u00efed, a rencontr\u00e9, hier mercredi 2 juillet 2025, la cheffe du gouvernement, Sarra Za\u00e2frani Zenzri, afin de faire le point sur sa participation \u00e0 la Conf\u00e9rence internationale sur le financement du d\u00e9veloppement, qui s&rsquo;est tenue \u00e0 S\u00e9ville, en Espagne. Un communiqu\u00e9 \u00e9manant de Carthage indique que le pr\u00e9sident de [&hellip;]<\/p>\n","protected":false},"author":4,"featured_media":66184,"comment_status":"open","ping_status":"closed","sticky":false,"template":"","format":"standard","meta":{"content-type":"","jnews-multi-image_gallery":[],"jnews_single_post":{"format":"standard"},"jnews_primary_category":[],"jnews_override_bookmark_settings":[],"jnews_review":[],"enable_review":"","type":"","name":"","summary":"","brand":"","sku":"","good":[],"bad":[],"score_override":"","override_value":"","rating":[],"price":[],"jnews_post_split":[],"footnotes":""},"categories":[2],"tags":[3712,15246],"class_list":["post-66182","post","type-post","status-publish","format-standard","has-post-thumbnail","hentry","category-news-politique","tag-kais-saied-2","tag-sarra-zaafrani-zenzri"],"_links":{"self":[{"href":"https:\/\/www.africanchallenges.com\/index.php?rest_route=\/wp\/v2\/posts\/66182","targetHints":{"allow":["GET"]}}],"collection":[{"href":"https:\/\/www.africanchallenges.com\/index.php?rest_route=\/wp\/v2\/posts"}],"about":[{"href":"https:\/\/www.africanchallenges.com\/index.php?rest_route=\/wp\/v2\/types\/post"}],"author":[{"embeddable":true,"href":"https:\/\/www.africanchallenges.com\/index.php?rest_route=\/wp\/v2\/users\/4"}],"replies":[{"embeddable":true,"href":"https:\/\/www.africanchallenges.com\/index.php?rest_route=%2Fwp%2Fv2%2Fcomments&post=66182"}],"version-history":[{"count":1,"href":"https:\/\/www.africanchallenges.com\/index.php?rest_route=\/wp\/v2\/posts\/66182\/revisions"}],"predecessor-version":[{"id":66185,"href":"https:\/\/www.africanchallenges.com\/index.php?rest_route=\/wp\/v2\/posts\/66182\/revisions\/66185"}],"wp:featuredmedia":[{"embeddable":true,"href":"https:\/\/www.africanchallenges.com\/index.php?rest_route=\/wp\/v2\/media\/66184"}],"wp:attachment":[{"href":"https:\/\/www.africanchallenges.com\/index.php?rest_route=%2Fwp%2Fv2%2Fmedia&parent=66182"}],"wp:term":[{"taxonomy":"category","embeddable":true,"href":"https:\/\/www.africanchallenges.com\/index.php?rest_route=%2Fwp%2Fv2%2Fcategories&post=66182"},{"taxonomy":"post_tag","embeddable":true,"href":"https:\/\/www.africanchallenges.com\/index.php?rest_route=%2Fwp%2Fv2%2Ftags&post=66182"}],"curies":[{"name":"wp","href":"https:\/\/api.w.org\/{rel}","templated":true}]}}