{"id":65992,"date":"2025-06-26T11:36:32","date_gmt":"2025-06-26T10:36:32","guid":{"rendered":"https:\/\/www.africanchallenges.com\/?p=65992"},"modified":"2025-06-26T18:52:32","modified_gmt":"2025-06-26T17:52:32","slug":"la-tunisie-celebre-la-journee-internationale-des-gens-de-mer-le-25-juin","status":"publish","type":"post","link":"https:\/\/www.africanchallenges.com\/?p=65992","title":{"rendered":"La Tunisie c\u00e9l\u00e8bre la Journ\u00e9e Internationale des Gens de Mer, le 25 juin"},"content":{"rendered":"\n<p class=\"wp-block-paragraph\">La Tunisie c\u00e9l\u00e8bre  comme d&rsquo;autres pays membres de l&rsquo;Organisation Maritime Internationale,  la Journ\u00e9e Internationale des Gens de Mer, correspondant au 25 juin de chaque ann\u00e9e, o\u00f9 les officiers et les cadres de l&rsquo;Office de la Marine Marchande et des Ports ont \u00e9t\u00e9 honor\u00e9s ainsi qu\u2019un\u00a0 groupe de Retrait\u00e9s d&rsquo;institutions et structures actives dans le domaine du transport maritime et des ports commerciaux.<\/p>\n\n\n\n<p class=\"wp-block-paragraph\">Madame Khaoula Belakhdhar , PDG de l&rsquo;Office de la marine marchande et des ports a prononc\u00e9 \u00e0 cette occasion un discours dont le plus important \u00e9tait le suivant :<\/p>\n\n\n\n<p class=\"wp-block-paragraph\"><strong><em>\u00ab&nbsp;A l\u2019occasion<\/em><\/strong><strong><em> de la Journ\u00e9e internationale des Gens de Mer, c\u00e9l\u00e9br\u00e9e chaque ann\u00e9e le 25 juin et reconnue par l&rsquo;Organisation Maritime Internationale, notre pays se joint au reste du monde pour souligner l&rsquo;importance de cette journ\u00e9e sous le slogan : \u00ab Mon navire est exempt de harc\u00e8lement \u00bb.<\/em><\/strong><\/p>\n\n\n\n<p class=\"wp-block-paragraph\"><strong><em>C&rsquo;est avec grand plaisir que j&rsquo;adresse mes f\u00e9licitations, ma gratitude et mon appr\u00e9ciation \u00e0 tous les acteurs du secteur maritime et portuaire, qu&rsquo;ils soient d&rsquo;origine professionnelle, administrative, technique ou commerciale. Cela inclut \u00e9galement tous les membres d&rsquo;\u00e9quipage travaillant sur nos navires et unit\u00e9s flottantes dans nos ports commerciaux et autres lieux.<\/em><\/strong><\/p>\n\n\n\n<p class=\"wp-block-paragraph\"><strong><em>Ce logo a \u00e9t\u00e9 choisi pour mettre en avant l&rsquo;importance de la s\u00fbret\u00e9 du milieu de travail maritime ainsi que la dignit\u00e9 et la protection des employ\u00e9s, hommes et femmes, \u0153uvrant dans le domaine du transport maritime. Ce slogan v\u00e9hicule aussi un message fort rejetant toutes sortes de harc\u00e8lement et incitant \u00e0 collaborer pour un environnement de travail s\u00fbr et juste \u00e0 sea.<\/em><\/strong><strong><em> <\/em><\/strong><strong><em><\/em><\/strong><\/p>\n\n\n\n<p class=\"wp-block-paragraph\"><strong><em>Il <\/em><\/strong><strong><em>d\u00e9signe<\/em><\/strong><strong><em> aussi toutes les connotations d&rsquo;estime et de reconnaissance envers les marins pour le r\u00f4le efficace qu&rsquo;ils assument dans la navigation maritime et leur contribution \u00e0 l&rsquo;\u00e9conomie mondiale et au commerce international.<\/em><\/strong><\/p>\n\n\n\n<p class=\"wp-block-paragraph\"><strong><em>L&rsquo;une des institutions qui appuie constamment toutes les initiatives cherchant \u00e0 pr\u00e9server la dignit\u00e9 de l&rsquo;\u00e9l\u00e9ment humain \u0153uvrant dans le domaine du transport maritime, hommes et femmes, est l<\/em><\/strong><strong><em>\u2019office <\/em><\/strong><strong><em>de la Marine marchande et des ports. Cette derni\u00e8re intensifie la l\u00e9gislation et les conventions internationales, renforce les normes strictes et amplifie les actions d&rsquo;\u00e9ducation et de sensibilisation sur cette question.<\/em><\/strong><\/p>\n\n\n\n<p class=\"wp-block-paragraph\"><strong><em>C&rsquo;est avec une tradition bien \u00e9tablie que <\/em><\/strong><strong><em>l\u2019offic<\/em><\/strong><strong><em>e de la Marine Marchande et des ports a toujours c\u00e9l\u00e9br\u00e9 cette occasion pour \u00e9tablir un lien avec tous les membres de la communaut\u00e9 maritime, en saluant leurs efforts et leur contribution \u00e0 la s\u00e9curisation du commerce international et \u00e0 la fluidit\u00e9 des marchandises entre les nations malgr\u00e9 divers d\u00e9fis complexes.<\/em><\/strong><\/p>\n\n\n\n<p class=\"wp-block-paragraph\"><strong><em>Nous renouvelons notre reconnaissance \u00e0 tous les hommes et femmes travaillant en mer pour leurs t\u00e2ches ardues, valorisons leur d\u00e9vouement et insistons sur l&rsquo;importance de pr\u00e9server leur dignit\u00e9 ainsi que leur droit \u00e0 un milieu de travail juste et s\u00e9curis\u00e9.<\/em><\/strong><\/p>\n\n\n\n<p class=\"wp-block-paragraph\"><strong><em>Un salut respectueux et fier \u00e0 toutes les femmes et tous les hommes de la mer.<\/em><\/strong><\/p>\n\n\n\n<p class=\"wp-block-paragraph\"><strong><em>Vous \u00eates les porte-drapeaux de valeurs \u00e9lev\u00e9es.<\/em><\/strong><\/p>\n\n\n\n<p class=\"wp-block-paragraph\"><strong><em>Bonne F\u00eate&nbsp;\u00bb<\/em><\/strong><\/p>\n","protected":false},"excerpt":{"rendered":"<p>La Tunisie c\u00e9l\u00e8bre comme d&rsquo;autres pays membres de l&rsquo;Organisation Maritime Internationale, la Journ\u00e9e Internationale des Gens de Mer, correspondant au 25 juin de chaque ann\u00e9e, o\u00f9 les officiers et les cadres de l&rsquo;Office de la Marine Marchande et des Ports ont \u00e9t\u00e9 honor\u00e9s ainsi qu\u2019un\u00a0 groupe de Retrait\u00e9s d&rsquo;institutions et structures actives dans le domaine [&hellip;]<\/p>\n","protected":false},"author":4,"featured_media":65993,"comment_status":"open","ping_status":"closed","sticky":false,"template":"","format":"standard","meta":{"content-type":"","jnews-multi-image_gallery":[],"jnews_single_post":{"format":"standard"},"jnews_primary_category":[],"jnews_override_bookmark_settings":[],"jnews_review":[],"enable_review":"","type":"","name":"","summary":"","brand":"","sku":"","good":[],"bad":[],"score_override":"","override_value":"","rating":[],"price":[],"jnews_post_split":[],"footnotes":""},"categories":[2],"tags":[15862,15863,15864],"class_list":["post-65992","post","type-post","status-publish","format-standard","has-post-thumbnail","hentry","category-news-politique","tag-journee-internationale-des-gens-de-mer","tag-khaoula-belakhdhar","tag-lorganisation-maritime-internationale"],"_links":{"self":[{"href":"https:\/\/www.africanchallenges.com\/index.php?rest_route=\/wp\/v2\/posts\/65992","targetHints":{"allow":["GET"]}}],"collection":[{"href":"https:\/\/www.africanchallenges.com\/index.php?rest_route=\/wp\/v2\/posts"}],"about":[{"href":"https:\/\/www.africanchallenges.com\/index.php?rest_route=\/wp\/v2\/types\/post"}],"author":[{"embeddable":true,"href":"https:\/\/www.africanchallenges.com\/index.php?rest_route=\/wp\/v2\/users\/4"}],"replies":[{"embeddable":true,"href":"https:\/\/www.africanchallenges.com\/index.php?rest_route=%2Fwp%2Fv2%2Fcomments&post=65992"}],"version-history":[{"count":3,"href":"https:\/\/www.africanchallenges.com\/index.php?rest_route=\/wp\/v2\/posts\/65992\/revisions"}],"predecessor-version":[{"id":66026,"href":"https:\/\/www.africanchallenges.com\/index.php?rest_route=\/wp\/v2\/posts\/65992\/revisions\/66026"}],"wp:featuredmedia":[{"embeddable":true,"href":"https:\/\/www.africanchallenges.com\/index.php?rest_route=\/wp\/v2\/media\/65993"}],"wp:attachment":[{"href":"https:\/\/www.africanchallenges.com\/index.php?rest_route=%2Fwp%2Fv2%2Fmedia&parent=65992"}],"wp:term":[{"taxonomy":"category","embeddable":true,"href":"https:\/\/www.africanchallenges.com\/index.php?rest_route=%2Fwp%2Fv2%2Fcategories&post=65992"},{"taxonomy":"post_tag","embeddable":true,"href":"https:\/\/www.africanchallenges.com\/index.php?rest_route=%2Fwp%2Fv2%2Ftags&post=65992"}],"curies":[{"name":"wp","href":"https:\/\/api.w.org\/{rel}","templated":true}]}}