{"id":65935,"date":"2025-06-24T12:24:15","date_gmt":"2025-06-24T11:24:15","guid":{"rendered":"https:\/\/www.africanchallenges.com\/?p=65935"},"modified":"2025-06-24T12:24:17","modified_gmt":"2025-06-24T11:24:17","slug":"tunisie-le-ministre-des-affaires-etrangeres-recoit-rana-taha-nouvelle-cheffe-de-lonu-en-tunisie","status":"publish","type":"post","link":"https:\/\/www.africanchallenges.com\/?p=65935","title":{"rendered":"Tunisie: Le ministre des Affaires \u00e9trang\u00e8res re\u00e7oit Rana Taha, nouvelle cheffe de l\u2019ONU en Tunisie"},"content":{"rendered":"\n<p class=\"wp-block-paragraph\">M. Mohamed Ali Nafti, Ministre des Affaires Etrang\u00e8res, de la Migration et des Tunisiens \u00e0 l&rsquo;Etranger, a re\u00e7u le lundi 23 juin 2025, Mme Rana Taha, qui lui a remis sa lettre de nomination par le Secr\u00e9taire G\u00e9n\u00e9ral des Nations Unies en tant que Coordonnatrice r\u00e9sidente du syst\u00e8me des Nations Unies en Tunisie.<\/p>\n\n\n\n<p class=\"wp-block-paragraph\">\u00c0 cette occasion, le Ministre a pass\u00e9 en revue les importantes \u00e9tapes historiques qui ont caract\u00e9ris\u00e9 les relations historiques avec les Nations Unies, ainsi que l&rsquo;engagement de notre pays, depuis son ind\u00e9pendance, \u00e0 renforcer davantage cette coop\u00e9ration \u00e0 travers sa contribution aux op\u00e9rations de maintien de la paix de l&rsquo;ONU.<\/p>\n\n\n\n<p class=\"wp-block-paragraph\">Il a soulign\u00e9, \u00e0 cet effet, que le contexte international et r\u00e9gional actuel n\u00e9cessite le passage \u00e0 une nouvelle \u00e9tape qui accorde aux priorit\u00e9s nationales, notamment la transition num\u00e9rique et \u00e9nerg\u00e9tique, la lutte contre la pauvret\u00e9, la r\u00e9duction des disparit\u00e9s r\u00e9gionales, la r\u00e9alisation de la justice sociale, la s\u00e9curit\u00e9 alimentaire et hydrique ainsi que d&rsquo;autres domaines vitaux, l&rsquo;attention et le suivi r\u00e9gulier n\u00e9cessaires.<\/p>\n\n\n\n<p class=\"wp-block-paragraph\">Le Ministre a mis en exergue l&rsquo;initiative de Son Excellence Monsieur le Pr\u00e9sident de la R\u00e9publique de placer l&rsquo;ann\u00e9e 2025 sous le th\u00e8me \u00abRenforcer l&rsquo;action multilat\u00e9rale et consolider la coop\u00e9ration et le partenariat avec le syst\u00e8me des Nations Unies\u00bb, s\u2019inscrit dans le cadre de la contribution active de la Tunisie \u00e0 tout effort international visant \u00e0 renforcer les piliers de la s\u00e9curit\u00e9, de la paix et du d\u00e9veloppement durable dans le monde et selon une nouvelle vision et une approche humanitaire qui prend en compte tous les d\u00e9fis existants et les moyens susceptibles de les affronter de mani\u00e8re collective.<\/p>\n\n\n\n<p class=\"wp-block-paragraph\">Pour sa part, la Coordonnatrice r\u00e9sidente des Nations Unies en Tunisie a soulign\u00e9 l&rsquo;importance accord\u00e9e par le syst\u00e8me des nations Unies \u00e0 activer les programmes de coop\u00e9ration entre la Tunisie et les Nations Unies et \u00e0 coordonner \u00e9troitement \u00e0 cet effet, afin de renforcer l&rsquo;efficacit\u00e9 et l&rsquo;efficience de ces programmes, de mani\u00e8re \u00e0 contribuer \u00e0 l\u2019appui aux efforts de d\u00e9veloppement national et assurer l\u2019alignement de ces programmes avec les priorit\u00e9s du Plan national de d\u00e9veloppement, dans la perspective de l\u2019\u00e9laboration du nouveau plan cadre de coop\u00e9ration des Nations Unies pour l\u2019aide au d\u00e9veloppement en Tunisie pour la P\u00e9riode 2027-2030.<\/p>\n","protected":false},"excerpt":{"rendered":"<p>M. Mohamed Ali Nafti, Ministre des Affaires Etrang\u00e8res, de la Migration et des Tunisiens \u00e0 l&rsquo;Etranger, a re\u00e7u le lundi 23 juin 2025, Mme Rana Taha, qui lui a remis sa lettre de nomination par le Secr\u00e9taire G\u00e9n\u00e9ral des Nations Unies en tant que Coordonnatrice r\u00e9sidente du syst\u00e8me des Nations Unies en Tunisie. \u00c0 cette [&hellip;]<\/p>\n","protected":false},"author":4,"featured_media":65936,"comment_status":"open","ping_status":"closed","sticky":false,"template":"","format":"standard","meta":{"content-type":"","jnews-multi-image_gallery":[],"jnews_single_post":{"format":"standard"},"jnews_primary_category":[],"jnews_override_bookmark_settings":[],"jnews_review":[],"enable_review":"","type":"","name":"","summary":"","brand":"","sku":"","good":[],"bad":[],"score_override":"","override_value":"","rating":[],"price":[],"jnews_post_split":[],"footnotes":""},"categories":[2],"tags":[5651,12907,15851],"class_list":["post-65935","post","type-post","status-publish","format-standard","has-post-thumbnail","hentry","category-news-politique","tag-lonu","tag-mohamed-ali-nafti","tag-rana-taha"],"_links":{"self":[{"href":"https:\/\/www.africanchallenges.com\/index.php?rest_route=\/wp\/v2\/posts\/65935","targetHints":{"allow":["GET"]}}],"collection":[{"href":"https:\/\/www.africanchallenges.com\/index.php?rest_route=\/wp\/v2\/posts"}],"about":[{"href":"https:\/\/www.africanchallenges.com\/index.php?rest_route=\/wp\/v2\/types\/post"}],"author":[{"embeddable":true,"href":"https:\/\/www.africanchallenges.com\/index.php?rest_route=\/wp\/v2\/users\/4"}],"replies":[{"embeddable":true,"href":"https:\/\/www.africanchallenges.com\/index.php?rest_route=%2Fwp%2Fv2%2Fcomments&post=65935"}],"version-history":[{"count":1,"href":"https:\/\/www.africanchallenges.com\/index.php?rest_route=\/wp\/v2\/posts\/65935\/revisions"}],"predecessor-version":[{"id":65937,"href":"https:\/\/www.africanchallenges.com\/index.php?rest_route=\/wp\/v2\/posts\/65935\/revisions\/65937"}],"wp:featuredmedia":[{"embeddable":true,"href":"https:\/\/www.africanchallenges.com\/index.php?rest_route=\/wp\/v2\/media\/65936"}],"wp:attachment":[{"href":"https:\/\/www.africanchallenges.com\/index.php?rest_route=%2Fwp%2Fv2%2Fmedia&parent=65935"}],"wp:term":[{"taxonomy":"category","embeddable":true,"href":"https:\/\/www.africanchallenges.com\/index.php?rest_route=%2Fwp%2Fv2%2Fcategories&post=65935"},{"taxonomy":"post_tag","embeddable":true,"href":"https:\/\/www.africanchallenges.com\/index.php?rest_route=%2Fwp%2Fv2%2Ftags&post=65935"}],"curies":[{"name":"wp","href":"https:\/\/api.w.org\/{rel}","templated":true}]}}