{"id":65889,"date":"2025-06-22T22:58:22","date_gmt":"2025-06-22T21:58:22","guid":{"rendered":"https:\/\/www.africanchallenges.com\/?p=65889"},"modified":"2025-06-22T23:01:39","modified_gmt":"2025-06-22T22:01:39","slug":"tunisie-turquie-vers-la-consolidation-de-la-cooperation-entre-la-tunisie-et-la-turquie-dans-les-domaines-de-la-securite-de-la-stabilite-et-de-la-solidarite-au-sein-de-lespace-euro-mediterraneen","status":"publish","type":"post","link":"https:\/\/www.africanchallenges.com\/?p=65889","title":{"rendered":"Tunisie -Turquie : Vers la consolidation de la coop\u00e9ration entre la Tunisie et la Turquie dans les domaines de la s\u00e9curit\u00e9, de l&rsquo;\u00e9conomie , du tourisme et du domaine acad\u00e9mique au sein de l&rsquo;espace Euro-m\u00e9diterran\u00e9en"},"content":{"rendered":"\n<p class=\"wp-block-paragraph\">M. Mohamed Ali Nafti, Ministre des Affaires Etrang\u00e8res, de la Migration et des Tunisiens \u00e0 l\u2019Etranger, s&rsquo;est entretenu, en marge de sa participation \u00e0 la r\u00e9union minist\u00e9rielle des \u00c9tats membres de l\u2019Organisation de la Coop\u00e9ration Islamique (OCI), actuellement tenue \u00e0 Istanbul, M. Hakan Fidan, Ministre des Affaires Etrang\u00e8res de la Turquie.<\/p>\n\n\n\n<p class=\"wp-block-paragraph\">Les deux Ministres ont pass\u00e9 en revue les relations fraternelles historiques et la coop\u00e9ration existantes entre la Tunisie et la Turquie, ainsi que les moyens de les renforcer, compte tenu des potentialit\u00e9s disponibles dans les deux pays dans divers domaines : \u00e9conomique, investissement, commerce, tourisme, acad\u00e9mique et artistique, en perspective des prochaines \u00e9ch\u00e9ances bilat\u00e9rales.<\/p>\n\n\n\n<p class=\"wp-block-paragraph\">Les deux Ministres ont \u00e9galement convenu de l\u2019importance de la coordination entre les deux pays dans le cadre de l\u2019OCI et au sein des autres espaces d\u2019appartenance commune, notamment dans le contexte des relations de coop\u00e9ration que la Tunisie et la Turquie entretiennent au niveau euro-m\u00e9diterran\u00e9en, ainsi que de leurs aspirations communes \u00e0 consolider les fondements de la s\u00e9curit\u00e9, de la stabilit\u00e9 et de la solidarit\u00e9 dans cet espace strat\u00e9gique.<\/p>\n\n\n\n<p class=\"wp-block-paragraph\">Le Ministre a \u00e9galement eu des rencontres avec plusieurs de ses homologues de pays arabes, africains et asiatiques, portant sur les relations de coop\u00e9ration avec leurs pays respectifs, ainsi que sur les diff\u00e9rents points inscrits \u00e0 l\u2019ordre du jour de la r\u00e9union minist\u00e9rielle islamique en cours.<\/p>\n\n\n\n<p class=\"wp-block-paragraph\">Enfin, le Ministre a eu un entretien avec M. Miguel \u00c1ngel Moratinos, Haut-Repr\u00e9sentant des Nations Unies pour l\u2019Alliance des Civilisations et Envoy\u00e9 sp\u00e9cial pour la lutte contre l\u2019islamophobie. Lors de cet entretien, les deux parties ont \u00e9chang\u00e9 des id\u00e9es et des visions, tout en soulignant l\u2019importance du dialogue entre les acteurs internationaux, qu\u2019ils repr\u00e9sentent leurs \u00c9tats, leurs soci\u00e9t\u00e9s, les organisations auxquelles ils appartiennent ou en tant qu\u2019individus. L\u2019objectif est de promouvoir les valeurs supr\u00eames de justice, d\u2019\u00e9galit\u00e9, de compr\u00e9hension et de coexistence pacifique entre les peuples, contribuant ainsi \u00e0 rejeter les manifestations de violence, d\u2019extr\u00e9misme et d\u2019exclusion, tout en renfor\u00e7ant les piliers de la s\u00e9curit\u00e9, du d\u00e9veloppement et de la stabilit\u00e9, qui restent l\u2019objectif ultime de toute action humaine.<\/p>\n","protected":false},"excerpt":{"rendered":"<p>M. Mohamed Ali Nafti, Ministre des Affaires Etrang\u00e8res, de la Migration et des Tunisiens \u00e0 l\u2019Etranger, s&rsquo;est entretenu, en marge de sa participation \u00e0 la r\u00e9union minist\u00e9rielle des \u00c9tats membres de l\u2019Organisation de la Coop\u00e9ration Islamique (OCI), actuellement tenue \u00e0 Istanbul, M. Hakan Fidan, Ministre des Affaires Etrang\u00e8res de la Turquie. Les deux Ministres ont [&hellip;]<\/p>\n","protected":false},"author":4,"featured_media":65890,"comment_status":"open","ping_status":"closed","sticky":false,"template":"","format":"standard","meta":{"content-type":"","jnews-multi-image_gallery":[],"jnews_single_post":{"format":"standard"},"jnews_primary_category":[],"jnews_override_bookmark_settings":[],"jnews_review":[],"enable_review":"","type":"","name":"","summary":"","brand":"","sku":"","good":[],"bad":[],"score_override":"","override_value":"","rating":[],"price":[],"jnews_post_split":[],"footnotes":""},"categories":[2],"tags":[298,15826,15827,54,1707],"class_list":["post-65889","post","type-post","status-publish","format-standard","has-post-thumbnail","hentry","category-news-politique","tag-cooperation","tag-lespace-euro-mediterraneen","tag-loci","tag-tunisie","tag-turquie"],"_links":{"self":[{"href":"https:\/\/www.africanchallenges.com\/index.php?rest_route=\/wp\/v2\/posts\/65889","targetHints":{"allow":["GET"]}}],"collection":[{"href":"https:\/\/www.africanchallenges.com\/index.php?rest_route=\/wp\/v2\/posts"}],"about":[{"href":"https:\/\/www.africanchallenges.com\/index.php?rest_route=\/wp\/v2\/types\/post"}],"author":[{"embeddable":true,"href":"https:\/\/www.africanchallenges.com\/index.php?rest_route=\/wp\/v2\/users\/4"}],"replies":[{"embeddable":true,"href":"https:\/\/www.africanchallenges.com\/index.php?rest_route=%2Fwp%2Fv2%2Fcomments&post=65889"}],"version-history":[{"count":4,"href":"https:\/\/www.africanchallenges.com\/index.php?rest_route=\/wp\/v2\/posts\/65889\/revisions"}],"predecessor-version":[{"id":65897,"href":"https:\/\/www.africanchallenges.com\/index.php?rest_route=\/wp\/v2\/posts\/65889\/revisions\/65897"}],"wp:featuredmedia":[{"embeddable":true,"href":"https:\/\/www.africanchallenges.com\/index.php?rest_route=\/wp\/v2\/media\/65890"}],"wp:attachment":[{"href":"https:\/\/www.africanchallenges.com\/index.php?rest_route=%2Fwp%2Fv2%2Fmedia&parent=65889"}],"wp:term":[{"taxonomy":"category","embeddable":true,"href":"https:\/\/www.africanchallenges.com\/index.php?rest_route=%2Fwp%2Fv2%2Fcategories&post=65889"},{"taxonomy":"post_tag","embeddable":true,"href":"https:\/\/www.africanchallenges.com\/index.php?rest_route=%2Fwp%2Fv2%2Ftags&post=65889"}],"curies":[{"name":"wp","href":"https:\/\/api.w.org\/{rel}","templated":true}]}}