{"id":65781,"date":"2025-06-16T08:30:52","date_gmt":"2025-06-16T07:30:52","guid":{"rendered":"https:\/\/www.africanchallenges.com\/?p=65781"},"modified":"2025-06-16T08:30:53","modified_gmt":"2025-06-16T07:30:53","slug":"tunisie-les-produits-de-terroir-tunisiens-embellissent-les-travees-du-marche-de-gros-de-rome","status":"publish","type":"post","link":"https:\/\/www.africanchallenges.com\/?p=65781","title":{"rendered":"Tunisie: Les produits de terroir tunisiens embellissent les trav\u00e9es du march\u00e9 de gros de Rome"},"content":{"rendered":"\n<p class=\"wp-block-paragraph\">Le Centro Agroalimentare Roma (CAR) s\u2019est par\u00e9 des couleurs de la Tunisie les 11 et <a><\/a>12 juin 2025, en s\u2019\u00e9rigeant en tribune on ne peut plus scintillante pour faire la part belle aux produits de terroir et typiques de Tunisie \u00e0 travers un \u00e9v\u00e8nement d&rsquo;envergure multifacette. Promotion, information, d\u00e9gustation et rencontres BtoB furent les quatre composantes autour desquelles s&rsquo;est articul\u00e9 cet \u00e9v\u00e9nement, le premier du genre pour un pays au sein du CAR.<\/p>\n\n\n\n<p class=\"wp-block-paragraph\">Tout a commenc\u00e9 l&rsquo;an dernier quand une d\u00e9l\u00e9gation d&rsquo;entreprises tunisiennes op\u00e9rant dans la fili\u00e8re des produits de terroir avait effectu\u00e9 une visite exploratoire au march\u00e9 de gros de Rome (Centro Agroalimentare Roma &#8211; CAR) pour t\u00e2ter le pouls de cette grande structure par rapport \u00e0 sa capacit\u00e9 \u00e0 absorber les produits agroalimentaires tunisiens et \u00e0 \u00e9tablir des rapports professionnels p\u00e9rennes. L\u2019objectif \u00e9tait d&rsquo;asseoir une palette copieuse de denr\u00e9es \u00ab\u00a0made in Tunisia\u00a0\u00bb dans cette plateforme o\u00f9 transite chaque ann\u00e9e un volume impressionnant de fruits et l\u00e9gumes (940 000 tonnes) et de poissons et fruits de mer (80 000 tonnes), pour un chiffre d&rsquo;affaires culminant \u00e0 2,1 milliards d&rsquo;euros.<\/p>\n\n\n\n<p class=\"wp-block-paragraph\">Cette d\u00e9marche circonspecte pr\u00f4n\u00e9e par l\u2019ambassade de Tunisie \u00e0 Rome et le Centre de Promotion des Exportations (Cepex), \u00e0 travers son bureau de repr\u00e9sentation \u00e0 Milan, en partenariat avec le CAR et en collaboration avec l&rsquo;Agence de Promotion des Investissements Agricoles (Apia) et le Projet d&rsquo;Acc\u00e8s aux March\u00e9s des Produits Agroalimentaires et de Terroir (PAMPAT 2), a permis de cultiver l&rsquo;id\u00e9e d&rsquo;accoster \u00e0 nouveau dans le march\u00e9 de gros de Rome pour la seconde ann\u00e9e de rang, mais cette fois-ci d&rsquo;une mani\u00e8re plus substantielle et remarqu\u00e9e.<\/p>\n\n\n\n<p class=\"wp-block-paragraph\">Le kick-off fut donn\u00e9 par son Excellence M. Mourad Bourehla, ambassadeur de Tunisie \u00e0 Rome, qui a rappel\u00e9 l&rsquo;importance d&rsquo;\u00eatre pr\u00e9sent au CAR avec un pavillon national regroupant six (06) entreprises tunisiennes op\u00e9rant dans les fruits et l\u00e9gumes frais, dont les dattes et leurs d\u00e9riv\u00e9s, les condiments et les tomates s\u00e9ch\u00e9es. Il a \u00e9galement soulign\u00e9 l&rsquo;excellence des rapports entre la Tunisie et l&rsquo;Italie dans toutes leurs dimensions, en l\u2019occurrence \u00e9conomique, et leur enracinement dans une histoire mill\u00e9naire commune.<\/p>\n\n\n\n<p class=\"wp-block-paragraph\">De son c\u00f4t\u00e9, M. Flavio Pezzoli, directeur op\u00e9rationnel du CAR, a soulign\u00e9 la disposition des grossistes italiens dont le nombre est estim\u00e9 \u00e0 450 \u00e0 s\u2019approvisionner en produits frais et transform\u00e9s de la Tunisie. Non seulement pour satisfaire leur besoin en quantit\u00e9s suffisantes \u2013 car la production locale n\u2019arrive pas \u00e0 couvrir 50% de la demande de consommation et d\u2019exportation \u2013 mais aussi pour rallonger davantage la disponibilit\u00e9 des produits au-del\u00e0 de leur cycles saisonniers, notamment pour ceux dont la production en Tunisie serait pr\u00e9matur\u00e9e par rapport \u00e0 celle en Italie.<\/p>\n\n\n\n<p class=\"wp-block-paragraph\">De toute \u00e9vidence, le fil rouge de cet \u00e9v\u00e9nement furent les rencontres BtoB qui se sont d\u00e9roul\u00e9es aussi bien d&rsquo;une fa\u00e7on spontan\u00e9e que pr\u00e9m\u00e9dit\u00e9e. L\u2019on a pu enregistrer pas moins d&rsquo;une soixantaine de contacts d\u2019affaires potentiellement f\u00e9conds car ils \u00e9manent d&rsquo;un r\u00e9el besoin recens\u00e9 gr\u00e2ce \u00e0 un travail de matchmaking on ne peut plus pointu.<\/p>\n\n\n\n<p class=\"wp-block-paragraph\">La cuv\u00e9e s&rsquo;annonce prometteuse \u00e0 l&rsquo;aune de la volont\u00e9 in\u00e9branlable qui anime les deux camps \u00e0 inscrire ce partenariat dans la dur\u00e9e.<\/p>\n\n\n\n<p class=\"wp-block-paragraph\"><\/p>\n","protected":false},"excerpt":{"rendered":"<p>Le Centro Agroalimentare Roma (CAR) s\u2019est par\u00e9 des couleurs de la Tunisie les 11 et 12 juin 2025, en s\u2019\u00e9rigeant en tribune on ne peut plus scintillante pour faire la part belle aux produits de terroir et typiques de Tunisie \u00e0 travers un \u00e9v\u00e8nement d&rsquo;envergure multifacette. Promotion, information, d\u00e9gustation et rencontres BtoB furent les quatre [&hellip;]<\/p>\n","protected":false},"author":4,"featured_media":65783,"comment_status":"open","ping_status":"closed","sticky":false,"template":"","format":"standard","meta":{"content-type":"","jnews-multi-image_gallery":[],"jnews_single_post":{"format":"standard"},"jnews_primary_category":[],"jnews_override_bookmark_settings":[],"jnews_review":[],"enable_review":"","type":"","name":"","summary":"","brand":"","sku":"","good":[],"bad":[],"score_override":"","override_value":"","rating":[],"price":[],"jnews_post_split":[],"footnotes":""},"categories":[2],"tags":[15798,15797,15796],"class_list":["post-65781","post","type-post","status-publish","format-standard","has-post-thumbnail","hentry","category-news-politique","tag-centro-agroalimentare-roma","tag-marche-de-gros-de-rome","tag-produits-de-terroir-tunisiens"],"_links":{"self":[{"href":"https:\/\/www.africanchallenges.com\/index.php?rest_route=\/wp\/v2\/posts\/65781","targetHints":{"allow":["GET"]}}],"collection":[{"href":"https:\/\/www.africanchallenges.com\/index.php?rest_route=\/wp\/v2\/posts"}],"about":[{"href":"https:\/\/www.africanchallenges.com\/index.php?rest_route=\/wp\/v2\/types\/post"}],"author":[{"embeddable":true,"href":"https:\/\/www.africanchallenges.com\/index.php?rest_route=\/wp\/v2\/users\/4"}],"replies":[{"embeddable":true,"href":"https:\/\/www.africanchallenges.com\/index.php?rest_route=%2Fwp%2Fv2%2Fcomments&post=65781"}],"version-history":[{"count":1,"href":"https:\/\/www.africanchallenges.com\/index.php?rest_route=\/wp\/v2\/posts\/65781\/revisions"}],"predecessor-version":[{"id":65784,"href":"https:\/\/www.africanchallenges.com\/index.php?rest_route=\/wp\/v2\/posts\/65781\/revisions\/65784"}],"wp:featuredmedia":[{"embeddable":true,"href":"https:\/\/www.africanchallenges.com\/index.php?rest_route=\/wp\/v2\/media\/65783"}],"wp:attachment":[{"href":"https:\/\/www.africanchallenges.com\/index.php?rest_route=%2Fwp%2Fv2%2Fmedia&parent=65781"}],"wp:term":[{"taxonomy":"category","embeddable":true,"href":"https:\/\/www.africanchallenges.com\/index.php?rest_route=%2Fwp%2Fv2%2Fcategories&post=65781"},{"taxonomy":"post_tag","embeddable":true,"href":"https:\/\/www.africanchallenges.com\/index.php?rest_route=%2Fwp%2Fv2%2Ftags&post=65781"}],"curies":[{"name":"wp","href":"https:\/\/api.w.org\/{rel}","templated":true}]}}