{"id":65701,"date":"2025-06-12T15:11:51","date_gmt":"2025-06-12T14:11:51","guid":{"rendered":"https:\/\/www.africanchallenges.com\/?p=65701"},"modified":"2025-06-12T15:19:31","modified_gmt":"2025-06-12T14:19:31","slug":"tunisie-le-prince-de-la-chanson-arabe-saber-rebai-chante-a-louverture-de-la-25-e-edition-du-festival-arabe-de-la-radio-et-de-la-television","status":"publish","type":"post","link":"https:\/\/www.africanchallenges.com\/?p=65701","title":{"rendered":"Tunisie : Le Prince de la chanson Arabe, Saber Rebai chante \u00e0 l&rsquo;ouverture de la 25 \u00e8 \u00e9dition du Festival Arabe de la Radio et de la T\u00e9l\u00e9vision"},"content":{"rendered":"\n<p class=\"wp-block-paragraph\">Le prince de la chanson arabe, Saber Rebai, , se produira lors de la c\u00e9r\u00e9monie d&rsquo;ouverture de la 25\u00e8me \u00e9dition du Festival Arabe de la Radio et de la T\u00e9l\u00e9vision, le 23 juin 2025, \u00e0 partir de 20h30, au th\u00e9\u00e2tre arch\u00e9ologique de Carthage.<\/p>\n\n\n\n<p class=\"wp-block-paragraph\">Il est \u00e0 noter que la &nbsp;25\u00e8me \u00e9dition du Festival Arabe de la Radio et de la T\u00e9l\u00e9vision se tiendra du 23 au 26 juin 2025, au th\u00e9\u00e2tre arch\u00e9ologique de Carthage et au Th\u00e9\u00e2tre de l&rsquo;Op\u00e9ra de la cit\u00e9 de la culture et de la cit\u00e9 m\u00e9diterran\u00e9enne de Yasmine Hammamet, sous le slogan\u00a0\u00bb Espace de Convergence et de Cr\u00e9ativit\u00e9\u00a0\u00bb .<\/p>\n\n\n\n<p class=\"wp-block-paragraph\">Ce festival est organis\u00e9 par l&rsquo;Union de radiodiffusion des \u00c9tats arabes en collaboration avec le minist\u00e8re tunisien des Affaires culturelles, la t\u00e9l\u00e9vision tunisienne, la radio tunisienne et Arabsat.<\/p>\n\n\n\n<p class=\"wp-block-paragraph\">Les Tickets sont disponibles \u00e0 la vente sur le site Web : <a href=\"http:\/\/Teskerti.tn.\">Teskerti.tn.<\/a><\/p>\n","protected":false},"excerpt":{"rendered":"<p>Le prince de la chanson arabe, Saber Rebai, , se produira lors de la c\u00e9r\u00e9monie d&rsquo;ouverture de la 25\u00e8me \u00e9dition du Festival Arabe de la Radio et de la T\u00e9l\u00e9vision, le 23 juin 2025, \u00e0 partir de 20h30, au th\u00e9\u00e2tre arch\u00e9ologique de Carthage. Il est \u00e0 noter que la &nbsp;25\u00e8me \u00e9dition du Festival Arabe de [&hellip;]<\/p>\n","protected":false},"author":3,"featured_media":65702,"comment_status":"open","ping_status":"closed","sticky":false,"template":"","format":"standard","meta":{"content-type":"","jnews-multi-image_gallery":[],"jnews_single_post":{"format":"standard"},"jnews_primary_category":[],"jnews_override_bookmark_settings":[],"jnews_review":[],"enable_review":"","type":"","name":"","summary":"","brand":"","sku":"","good":[],"bad":[],"score_override":"","override_value":"","rating":[],"price":[],"jnews_post_split":[],"footnotes":""},"categories":[17],"tags":[3233,12332,3446,54],"class_list":["post-65701","post","type-post","status-publish","format-standard","has-post-thumbnail","hentry","category-entertainment","tag-festival-arabe-de-la-radio-et-de-la-television","tag-lunion-de-radiodiffusion-des-etats-arabes","tag-saber-rebai","tag-tunisie"],"_links":{"self":[{"href":"https:\/\/www.africanchallenges.com\/index.php?rest_route=\/wp\/v2\/posts\/65701","targetHints":{"allow":["GET"]}}],"collection":[{"href":"https:\/\/www.africanchallenges.com\/index.php?rest_route=\/wp\/v2\/posts"}],"about":[{"href":"https:\/\/www.africanchallenges.com\/index.php?rest_route=\/wp\/v2\/types\/post"}],"author":[{"embeddable":true,"href":"https:\/\/www.africanchallenges.com\/index.php?rest_route=\/wp\/v2\/users\/3"}],"replies":[{"embeddable":true,"href":"https:\/\/www.africanchallenges.com\/index.php?rest_route=%2Fwp%2Fv2%2Fcomments&post=65701"}],"version-history":[{"count":3,"href":"https:\/\/www.africanchallenges.com\/index.php?rest_route=\/wp\/v2\/posts\/65701\/revisions"}],"predecessor-version":[{"id":65706,"href":"https:\/\/www.africanchallenges.com\/index.php?rest_route=\/wp\/v2\/posts\/65701\/revisions\/65706"}],"wp:featuredmedia":[{"embeddable":true,"href":"https:\/\/www.africanchallenges.com\/index.php?rest_route=\/wp\/v2\/media\/65702"}],"wp:attachment":[{"href":"https:\/\/www.africanchallenges.com\/index.php?rest_route=%2Fwp%2Fv2%2Fmedia&parent=65701"}],"wp:term":[{"taxonomy":"category","embeddable":true,"href":"https:\/\/www.africanchallenges.com\/index.php?rest_route=%2Fwp%2Fv2%2Fcategories&post=65701"},{"taxonomy":"post_tag","embeddable":true,"href":"https:\/\/www.africanchallenges.com\/index.php?rest_route=%2Fwp%2Fv2%2Ftags&post=65701"}],"curies":[{"name":"wp","href":"https:\/\/api.w.org\/{rel}","templated":true}]}}