{"id":65685,"date":"2025-06-12T10:15:40","date_gmt":"2025-06-12T09:15:40","guid":{"rendered":"https:\/\/www.africanchallenges.com\/?p=65685"},"modified":"2025-06-12T10:17:26","modified_gmt":"2025-06-12T09:17:26","slug":"tunisie-la-justice-sociale-et-la-souverainete-economique-au-coeur-du-projet-de-la-loi-de-finances-2026","status":"publish","type":"post","link":"https:\/\/www.africanchallenges.com\/?p=65685","title":{"rendered":"Tunisie : La Justice sociale et la souverainet\u00e9 \u00e9conomique au c\u0153ur du projet de la loi de Finances 2026"},"content":{"rendered":"\n<p class=\"wp-block-paragraph\">Dans le cadre des pr\u00e9paratifs pour le projet de loi de finances de l&rsquo;ann\u00e9e 2026, la cheffe du gouvernement, Mme Sarah Za\u00e2frani Zenzri, a pr\u00e9sid\u00e9 hier mercredi 11 juin 2025 au Palais de la Kasbah un Conseil minist\u00e9riel d\u00e9di\u00e9 \u00e0 l&rsquo;examen des grandes orientations budg\u00e9taires et \u00e9conomiques de l&rsquo;\u00c9tat pour l&rsquo;exercice \u00e0 venir. En ouverture des travaux, Mme Za\u00e2frani Zenzri a mis en avant l&rsquo;importance strat\u00e9gique de ce projet, qui doit incarner les politiques publiques au c\u0153ur du programme \u00e9conomique et social national. <\/p>\n\n\n\n<p class=\"wp-block-paragraph\">L&rsquo;objectif affich\u00e9 est d&rsquo;atteindre un \u00e9quilibre entre la croissance \u00e9conomique et la justice sociale, dans la continuit\u00e9 du plan de d\u00e9veloppement 2026-2030, pr\u00e9sent\u00e9 comme une \u00e9manation directe de la volont\u00e9 populaire.<\/p>\n\n\n\n<p class=\"wp-block-paragraph\"> \u00c0 ce titre, la r\u00e9vision de plusieurs textes fiscaux et sociaux est envisag\u00e9e, ainsi que la r\u00e9ouverture des recrutements dans la fonction publique, conform\u00e9ment aux orientations du pr\u00e9sident de la R\u00e9publique, Ka\u00efs Sa\u00efed. <\/p>\n\n\n\n<p class=\"wp-block-paragraph\">La cheffe du gouvernement a soulign\u00e9 la n\u00e9cessit\u00e9 de rompre avec les solutions temporaires, appelant \u00e0 l&rsquo;\u00e9laboration d&rsquo;un budget porteur d&rsquo;une nouvelle vision de l&rsquo;action publique. <\/p>\n\n\n\n<p class=\"wp-block-paragraph\">Cette vision devra renforcer les fondements de l&rsquo;\u00c9tat social, garantir une fiscalit\u00e9 \u00e9quitable, am\u00e9liorer le pouvoir d&rsquo;achat, encourager l&rsquo;investissement et offrir un cadre socio-\u00e9conomique favorable \u00e0 la reconstruction nationale. Le Conseil minist\u00e9riel a examin\u00e9 les principales orientations du projet de loi de finances 2026, qui s&rsquo;articulent autour des axes suivants :<\/p>\n\n\n\n<p class=\"wp-block-paragraph\">Promotion de l\u2019emploi et am\u00e9lioration des conditions de vie, \u00e0 travers une meilleure protection sociale, la valorisation du capital humain et la consolidation du pouvoir d\u2019achat des classes moyennes.<\/p>\n\n\n\n<p class=\"wp-block-paragraph\">Mise en \u0153uvre de politiques favorables \u00e0 l\u2019inclusion \u00e9conomique et sociale, en cr\u00e9ant des emplois d\u00e9cents, facilitant l\u2019acc\u00e8s au logement, et en renfor\u00e7ant la coh\u00e9sion sociale.<\/p>\n\n\n\n<p class=\"wp-block-paragraph\">Stimulation de l\u2019investissement, en lib\u00e9rant les initiatives priv\u00e9es, en am\u00e9liorant le climat des affaires, et en faisant de l\u2019investissement public un levier du d\u00e9veloppement.<\/p>\n\n\n\n<p class=\"wp-block-paragraph\">D\u00e9veloppement r\u00e9gional, avec une nouvelle m\u00e9thodologie ascendante de planification : les priorit\u00e9s seront d\u00e9finies \u00e0 l\u2019\u00e9chelle locale, puis transmises aux niveaux r\u00e9gional, interr\u00e9gional et national, en vue d\u2019alimenter le plan de d\u00e9veloppement 2026-2030.<\/p>\n\n\n\n<p class=\"wp-block-paragraph\">Transformation num\u00e9rique de l\u2019administration, en acc\u00e9l\u00e9rant l\u2019interconnexion entre les services publics, pour davantage de transparence, d\u2019efficacit\u00e9 et de soutien \u00e0 l\u2019\u00e9conomie num\u00e9rique.<\/p>\n\n\n\n<p class=\"wp-block-paragraph\">Ce projet s\u2019appuie \u00e9galement sur un ensemble de principes visant \u00e0 pr\u00e9server les \u00e9quilibres financiers, am\u00e9liorer l\u2019efficacit\u00e9 des services publics et consolider les fondements de l\u2019\u00c9tat social. Parmi les mesures envisag\u00e9es figurent :<\/p>\n\n\n\n<p class=\"wp-block-paragraph\">-La simplification des proc\u00e9dures administratives pour les Tunisiens r\u00e9sidant \u00e0 l\u2019\u00e9tranger.<\/p>\n\n\n\n<p class=\"wp-block-paragraph\">-Le soutien au financement des startups et des entreprises citoyennes.<\/p>\n\n\n\n<p class=\"wp-block-paragraph\">-Le renforcement du financement des structures actives dans les domaines de l\u2019\u00e9conomie verte, bleue et circulaire.<\/p>\n\n\n\n<p class=\"wp-block-paragraph\">Dans le cadre de ce projet, le gouvernement vise \u00e0 \u00e9tablir une politique fond\u00e9e sur l&rsquo;ind\u00e9pendance des d\u00e9cisions \u00e9conomiques, l&rsquo;autonomie des ressources et l&rsquo;ouverture strat\u00e9gique envers les partenaires r\u00e9gionaux et internationaux, tout en s&rsquo;assurant que la souverainet\u00e9 nationale demeure la pierre angulaire de toute politique publique.<\/p>\n","protected":false},"excerpt":{"rendered":"<p>Dans le cadre des pr\u00e9paratifs pour le projet de loi de finances de l&rsquo;ann\u00e9e 2026, la cheffe du gouvernement, Mme Sarah Za\u00e2frani Zenzri, a pr\u00e9sid\u00e9 hier mercredi 11 juin 2025 au Palais de la Kasbah un Conseil minist\u00e9riel d\u00e9di\u00e9 \u00e0 l&rsquo;examen des grandes orientations budg\u00e9taires et \u00e9conomiques de l&rsquo;\u00c9tat pour l&rsquo;exercice \u00e0 venir. En ouverture [&hellip;]<\/p>\n","protected":false},"author":4,"featured_media":65686,"comment_status":"open","ping_status":"closed","sticky":false,"template":"","format":"standard","meta":{"content-type":"","jnews-multi-image_gallery":[],"jnews_single_post":{"format":"standard"},"jnews_primary_category":[],"jnews_override_bookmark_settings":[],"jnews_review":[],"enable_review":"","type":"","name":"","summary":"","brand":"","sku":"","good":[],"bad":[],"score_override":"","override_value":"","rating":[],"price":[],"jnews_post_split":[],"footnotes":""},"categories":[2],"tags":[4595,1420,15754],"class_list":["post-65685","post","type-post","status-publish","format-standard","has-post-thumbnail","hentry","category-news-politique","tag-conseil-ministeriel","tag-croissance-economique","tag-loi-de-finances-2026"],"_links":{"self":[{"href":"https:\/\/www.africanchallenges.com\/index.php?rest_route=\/wp\/v2\/posts\/65685","targetHints":{"allow":["GET"]}}],"collection":[{"href":"https:\/\/www.africanchallenges.com\/index.php?rest_route=\/wp\/v2\/posts"}],"about":[{"href":"https:\/\/www.africanchallenges.com\/index.php?rest_route=\/wp\/v2\/types\/post"}],"author":[{"embeddable":true,"href":"https:\/\/www.africanchallenges.com\/index.php?rest_route=\/wp\/v2\/users\/4"}],"replies":[{"embeddable":true,"href":"https:\/\/www.africanchallenges.com\/index.php?rest_route=%2Fwp%2Fv2%2Fcomments&post=65685"}],"version-history":[{"count":2,"href":"https:\/\/www.africanchallenges.com\/index.php?rest_route=\/wp\/v2\/posts\/65685\/revisions"}],"predecessor-version":[{"id":65688,"href":"https:\/\/www.africanchallenges.com\/index.php?rest_route=\/wp\/v2\/posts\/65685\/revisions\/65688"}],"wp:featuredmedia":[{"embeddable":true,"href":"https:\/\/www.africanchallenges.com\/index.php?rest_route=\/wp\/v2\/media\/65686"}],"wp:attachment":[{"href":"https:\/\/www.africanchallenges.com\/index.php?rest_route=%2Fwp%2Fv2%2Fmedia&parent=65685"}],"wp:term":[{"taxonomy":"category","embeddable":true,"href":"https:\/\/www.africanchallenges.com\/index.php?rest_route=%2Fwp%2Fv2%2Fcategories&post=65685"},{"taxonomy":"post_tag","embeddable":true,"href":"https:\/\/www.africanchallenges.com\/index.php?rest_route=%2Fwp%2Fv2%2Ftags&post=65685"}],"curies":[{"name":"wp","href":"https:\/\/api.w.org\/{rel}","templated":true}]}}