{"id":65634,"date":"2025-06-11T09:51:11","date_gmt":"2025-06-11T08:51:11","guid":{"rendered":"https:\/\/www.africanchallenges.com\/?p=65634"},"modified":"2025-06-11T09:51:12","modified_gmt":"2025-06-11T08:51:12","slug":"france-appel-de-paris-pour-la-solution-a-deux-etats-la-paix-et-la-securite-regionale","status":"publish","type":"post","link":"https:\/\/www.africanchallenges.com\/?p=65634","title":{"rendered":"France : Appel de Paris pour la solution \u00e0 deux Etats, la paix et la s\u00e9curit\u00e9 r\u00e9gionale"},"content":{"rendered":"\n<p class=\"wp-block-paragraph\">A quelques jours du rassemblement de la communaut\u00e9 internationale \u00e0 New York pour la Conf\u00e9rence de haut niveau sur la r\u00e9solution pacifique de la question palestinienne (17-20 juin), le Forum de Paris sur la Paix a d\u00e9voil\u00e9 le programme complet de sa conf\u00e9rence de la soci\u00e9t\u00e9 civile du 13 juin, qui se tiendra au Conseil \u00e9conomique, social et environnemental (CESE). Intitul\u00e9e \u00ab\u00a0Appel de Paris pour la solution \u00e0 deux \u00c9tats, la paix et la s\u00e9curit\u00e9 r\u00e9gionale\u00a0\u00bb, la conf\u00e9rence r\u00e9unira des centaines de participants isra\u00e9liens, palestiniens, r\u00e9gionaux et internationaux engag\u00e9s en faveur de la paix, de la justice et de la reconnaissance mutuelle.<\/p>\n\n\n\n<p class=\"wp-block-paragraph\">Face \u00e0 la mont\u00e9e de la violence et du d\u00e9sespoir, cet \u00e9v\u00e9nement offre \u00e0 la soci\u00e9t\u00e9 civile une plateforme pour s&rsquo;exprimer avec clart\u00e9 et d\u00e9termination. Militants associatifs, dirigeants politiques, diplomates, journalistes, universitaires, entrepreneurs et artisans de la paix convergeront \u00e0 Paris pour r\u00e9affirmer l&rsquo;urgence de la solution \u00e0 deux \u00c9tats et proposer des mesures concr\u00e8tes en vue de sa mise en \u0153uvre. Leur objectif commun est d&rsquo;abord de r\u00e9affirmer la n\u00e9cessit\u00e9 d&rsquo;un cessez-le-feu imm\u00e9diat et permanent, de la lib\u00e9ration de tous les otages et de la fourniture inconditionnelle d&rsquo;une aide humanitaire \u00e0 la hauteur des besoins de la population de Gaza. Ces mesures doivent s&rsquo;accompagner d&rsquo;une d\u00e9marche cr\u00e9dible \u00e0 plus long terme vers une solution \u00e0 deux \u00c9tats et la cr\u00e9ation d&rsquo;un \u00c9tat palestinien viable, offrant des garanties de s\u00e9curit\u00e9 pour tous et une int\u00e9gration r\u00e9gionale.<\/p>\n\n\n\n<p class=\"wp-block-paragraph\">Le programme de la journ\u00e9e comprendra un large \u00e9ventail de sessions pl\u00e9ni\u00e8res publiques et de panels th\u00e9matiques examinant les dimensions politiques, g\u00e9ographiques, s\u00e9curitaires et humanitaires du conflit. Les discussions porteront sur la faisabilit\u00e9 de la solution des deux \u00c9tats, la n\u00e9cessit\u00e9 d&rsquo;une nouvelle architecture de s\u00e9curit\u00e9 r\u00e9gionale, les responsabilit\u00e9s de la communaut\u00e9 internationale et la reconstruction de Gaza. Parall\u00e8lement, une deuxi\u00e8me \u00e9tape accueillera des conversations sur les r\u00e9cits de paix, la m\u00e9moire collective, les m\u00e9dias et l&rsquo;\u00e9ducation, l&rsquo;engagement des jeunes et le leadership des femmes dans la construction de la paix. Ces sessions publiques mettront en \u00e9vidence le r\u00e9servoir profond et diversifi\u00e9 d&rsquo;expertise civique qui existe dans les soci\u00e9t\u00e9s isra\u00e9lienne et palestinienne et au-del\u00e0.<\/p>\n\n\n\n<p class=\"wp-block-paragraph\">Outre les d\u00e9bats publics, huit tables rondes cibl\u00e9es r\u00e9uniront des experts techniques et des repr\u00e9sentants de la soci\u00e9t\u00e9 civile afin d&rsquo;\u00e9laborer des contributions d\u00e9taill\u00e9es pour la conf\u00e9rence de haut niveau des Nations unies qui se tiendra la semaine suivante. Ces r\u00e9unions \u00e0 huis clos s&rsquo;aligneront sur les groupes de travail th\u00e9matiques de la conf\u00e9rence des Nations unies et aboutiront \u00e0 la r\u00e9daction d&rsquo;une d\u00e9claration collective, l\u2019Appel de Paris &#8211; un appel formel de la soci\u00e9t\u00e9 civile pour la reconnaissance imm\u00e9diate de l&rsquo;\u00c9tat de Palestine, un cessez-le-feu permanent, la lib\u00e9ration de tous les otages et un soutien international significatif pour ceux qui travaillent \u00e0 jeter les bases de la paix.<\/p>\n\n\n\n<p class=\"wp-block-paragraph\">Si la conf\u00e9rence du 13 juin sera le moment central de la mobilisation, elle s&rsquo;inscrit dans le cadre d&rsquo;un mouvement plus large qui prendra forme \u00e0 Paris au cours de cette semaine. Les 12 et 14 juin, d\u2019autres organisations de la soci\u00e9t\u00e9 civile organiseront des \u00e9v\u00e9nements dans diff\u00e9rents lieux de la ville, contribuant ainsi \u00e0 un \u00e9lan civique plus large et d\u00e9montrant la port\u00e9e mondiale et la d\u00e9termination de ceux qui s&rsquo;engagent en faveur de la coexistence pacifique et de l&rsquo;int\u00e9gration r\u00e9gionale.<\/p>\n\n\n\n<p class=\"wp-block-paragraph\">Le rassemblement du 13 juin est accueilli par le Forum de Paris sur la Paix et organis\u00e9 en partenariat \u00e9troit avec plusieurs des coalitions de la soci\u00e9t\u00e9 civile les plus actives dans la recherche d&rsquo;une solution juste au conflit isra\u00e9lo-palestinien. Il s&rsquo;agit notamment de l&rsquo;Alliance for Middle East Peace (ALLMEP), l\u2019Alliance for Two States, Forum 1325, Les Guerri\u00e8res de la Paix, l\u2019International Peace Forum et la Two-State Solution Coalition. Leur pr\u00e9sence collective et leur coordination soulignent la convergence croissante entre divers acteurs autour des principes de reconnaissance mutuelle, de justice et de s\u00e9curit\u00e9 partag\u00e9e.<\/p>\n\n\n\n<p class=\"wp-block-paragraph\">\u00c0 un moment o\u00f9 la diplomatie officielle est mise \u00e0 rude \u00e9preuve et o\u00f9 les enjeux de la paix n&rsquo;ont jamais \u00e9t\u00e9 aussi importants, les voix rassembl\u00e9es \u00e0 Paris repr\u00e9sentent une force vitale pour le changement. Cette conf\u00e9rence n&rsquo;enverra pas seulement un message d&rsquo;urgence, elle d\u00e9livrera un message de possibilit\u00e9.<\/p>\n","protected":false},"excerpt":{"rendered":"<p>A quelques jours du rassemblement de la communaut\u00e9 internationale \u00e0 New York pour la Conf\u00e9rence de haut niveau sur la r\u00e9solution pacifique de la question palestinienne (17-20 juin), le Forum de Paris sur la Paix a d\u00e9voil\u00e9 le programme complet de sa conf\u00e9rence de la soci\u00e9t\u00e9 civile du 13 juin, qui se tiendra au Conseil [&hellip;]<\/p>\n","protected":false},"author":4,"featured_media":65635,"comment_status":"open","ping_status":"closed","sticky":false,"template":"","format":"standard","meta":{"content-type":"","jnews-multi-image_gallery":[],"jnews_single_post":{"format":"standard"},"jnews_primary_category":[],"jnews_override_bookmark_settings":[],"jnews_review":[],"enable_review":"","type":"","name":"","summary":"","brand":"","sku":"","good":[],"bad":[],"score_override":"","override_value":"","rating":[],"price":[],"jnews_post_split":[],"footnotes":""},"categories":[6],"tags":[15736,6030,955],"class_list":["post-65634","post","type-post","status-publish","format-standard","has-post-thumbnail","hentry","category-world","tag-conference-de-la-societe-civile","tag-forum-de-paris-sur-la-paix","tag-paris"],"_links":{"self":[{"href":"https:\/\/www.africanchallenges.com\/index.php?rest_route=\/wp\/v2\/posts\/65634","targetHints":{"allow":["GET"]}}],"collection":[{"href":"https:\/\/www.africanchallenges.com\/index.php?rest_route=\/wp\/v2\/posts"}],"about":[{"href":"https:\/\/www.africanchallenges.com\/index.php?rest_route=\/wp\/v2\/types\/post"}],"author":[{"embeddable":true,"href":"https:\/\/www.africanchallenges.com\/index.php?rest_route=\/wp\/v2\/users\/4"}],"replies":[{"embeddable":true,"href":"https:\/\/www.africanchallenges.com\/index.php?rest_route=%2Fwp%2Fv2%2Fcomments&post=65634"}],"version-history":[{"count":1,"href":"https:\/\/www.africanchallenges.com\/index.php?rest_route=\/wp\/v2\/posts\/65634\/revisions"}],"predecessor-version":[{"id":65636,"href":"https:\/\/www.africanchallenges.com\/index.php?rest_route=\/wp\/v2\/posts\/65634\/revisions\/65636"}],"wp:featuredmedia":[{"embeddable":true,"href":"https:\/\/www.africanchallenges.com\/index.php?rest_route=\/wp\/v2\/media\/65635"}],"wp:attachment":[{"href":"https:\/\/www.africanchallenges.com\/index.php?rest_route=%2Fwp%2Fv2%2Fmedia&parent=65634"}],"wp:term":[{"taxonomy":"category","embeddable":true,"href":"https:\/\/www.africanchallenges.com\/index.php?rest_route=%2Fwp%2Fv2%2Fcategories&post=65634"},{"taxonomy":"post_tag","embeddable":true,"href":"https:\/\/www.africanchallenges.com\/index.php?rest_route=%2Fwp%2Fv2%2Ftags&post=65634"}],"curies":[{"name":"wp","href":"https:\/\/api.w.org\/{rel}","templated":true}]}}