{"id":65624,"date":"2025-06-11T09:14:40","date_gmt":"2025-06-11T08:14:40","guid":{"rendered":"https:\/\/www.africanchallenges.com\/?p=65624"},"modified":"2025-06-11T09:15:19","modified_gmt":"2025-06-11T08:15:19","slug":"la-tunisie-accueille-la-conference-regionale-une-seule-sante-pour-la-region-moyen-orient-et-afrique-du-nord","status":"publish","type":"post","link":"https:\/\/www.africanchallenges.com\/?p=65624","title":{"rendered":"La Tunisie accueille la conf\u00e9rence r\u00e9gionale \u00ab\u00a0Une seule sant\u00e9\u00a0\u00bb\u00a0pour\u00a0la r\u00e9gion\u00a0Moyen-Orient\u00a0et\u00a0Afrique du Nord, les 14 et 15 juin"},"content":{"rendered":"\n<p class=\"wp-block-paragraph\">Le ministre de la Sant\u00e9, le Dr Mustafa Ferjani, a pr\u00e9sid\u00e9 hier mardi 10 juin 2025, une r\u00e9union pr\u00e9paratoire \u00e0 la conf\u00e9rence r\u00e9gionale \u00ab Une seule sant\u00e9 \u00bb pour la r\u00e9gion Moyen-Orient et Afrique du Nord qui se d\u00e9roulera en Tunisie les 14 et 15 juin \u00e0 l&rsquo;Acad\u00e9mie Diplomatique.<\/p>\n\n\n\n<p class=\"wp-block-paragraph\">Cette conf\u00e9rence, organis\u00e9e par le gouvernement tunisien en collaboration avec la Banque mondiale et les agences des Nations Unies pour la sant\u00e9, l&rsquo;environnement et l&rsquo;agriculture, r\u00e9unit des experts des domaines de la sant\u00e9, de l&rsquo;environnement et de l&rsquo;agriculture afin d&rsquo;aborder les d\u00e9fis communs.<\/p>\n\n\n\n<p class=\"wp-block-paragraph\">Le programme inclut la pr\u00e9sentation d&rsquo;exp\u00e9riences r\u00e9ussies ainsi que des propositions concr\u00e8tes pour am\u00e9liorer la coordination entre les secteurs, sous le slogan : \u00ab\u00a0Une sant\u00e9, un avenir\u00a0\u00bb.<\/p>\n","protected":false},"excerpt":{"rendered":"<p>Le ministre de la Sant\u00e9, le Dr Mustafa Ferjani, a pr\u00e9sid\u00e9 hier mardi 10 juin 2025, une r\u00e9union pr\u00e9paratoire \u00e0 la conf\u00e9rence r\u00e9gionale \u00ab Une seule sant\u00e9 \u00bb pour la r\u00e9gion Moyen-Orient et Afrique du Nord qui se d\u00e9roulera en Tunisie les 14 et 15 juin \u00e0 l&rsquo;Acad\u00e9mie Diplomatique. Cette conf\u00e9rence, organis\u00e9e par le gouvernement [&hellip;]<\/p>\n","protected":false},"author":4,"featured_media":65625,"comment_status":"open","ping_status":"closed","sticky":false,"template":"","format":"standard","meta":{"content-type":"","jnews-multi-image_gallery":[],"jnews_single_post":{"format":"standard"},"jnews_primary_category":[],"jnews_override_bookmark_settings":[],"jnews_review":[],"enable_review":"","type":"","name":"","summary":"","brand":"","sku":"","good":[],"bad":[],"score_override":"","override_value":"","rating":[],"price":[],"jnews_post_split":[],"footnotes":""},"categories":[2,7950,11],"tags":[15727,15729,6033,15728,1797,54],"class_list":["post-65624","post","type-post","status-publish","format-standard","has-post-thumbnail","hentry","category-news-politique","category-politique","category-health","tag-conference-regionale-une-seule-sante","tag-lenvironnement-et-lagriculture","tag-la-banque-mondiale","tag-les-agences-des-nations-unies-pour-la-sante","tag-reunion","tag-tunisie"],"_links":{"self":[{"href":"https:\/\/www.africanchallenges.com\/index.php?rest_route=\/wp\/v2\/posts\/65624","targetHints":{"allow":["GET"]}}],"collection":[{"href":"https:\/\/www.africanchallenges.com\/index.php?rest_route=\/wp\/v2\/posts"}],"about":[{"href":"https:\/\/www.africanchallenges.com\/index.php?rest_route=\/wp\/v2\/types\/post"}],"author":[{"embeddable":true,"href":"https:\/\/www.africanchallenges.com\/index.php?rest_route=\/wp\/v2\/users\/4"}],"replies":[{"embeddable":true,"href":"https:\/\/www.africanchallenges.com\/index.php?rest_route=%2Fwp%2Fv2%2Fcomments&post=65624"}],"version-history":[{"count":2,"href":"https:\/\/www.africanchallenges.com\/index.php?rest_route=\/wp\/v2\/posts\/65624\/revisions"}],"predecessor-version":[{"id":65627,"href":"https:\/\/www.africanchallenges.com\/index.php?rest_route=\/wp\/v2\/posts\/65624\/revisions\/65627"}],"wp:featuredmedia":[{"embeddable":true,"href":"https:\/\/www.africanchallenges.com\/index.php?rest_route=\/wp\/v2\/media\/65625"}],"wp:attachment":[{"href":"https:\/\/www.africanchallenges.com\/index.php?rest_route=%2Fwp%2Fv2%2Fmedia&parent=65624"}],"wp:term":[{"taxonomy":"category","embeddable":true,"href":"https:\/\/www.africanchallenges.com\/index.php?rest_route=%2Fwp%2Fv2%2Fcategories&post=65624"},{"taxonomy":"post_tag","embeddable":true,"href":"https:\/\/www.africanchallenges.com\/index.php?rest_route=%2Fwp%2Fv2%2Ftags&post=65624"}],"curies":[{"name":"wp","href":"https:\/\/api.w.org\/{rel}","templated":true}]}}