{"id":65621,"date":"2025-06-11T09:06:16","date_gmt":"2025-06-11T08:06:16","guid":{"rendered":"https:\/\/www.africanchallenges.com\/?p=65621"},"modified":"2025-06-11T09:06:17","modified_gmt":"2025-06-11T08:06:17","slug":"tunisie-environnement-preparation-de-la-troisieme-generation-les-cdn-3-0-dans-le-cadre-du-plan-de-developpement-2026-2030","status":"publish","type":"post","link":"https:\/\/www.africanchallenges.com\/?p=65621","title":{"rendered":"Tunisie-Environnement : Pr\u00e9paration de la troisi\u00e8me g\u00e9n\u00e9ration, les \u00abCDN 3.0\u00bb dans le cadre du plan de d\u00e9veloppement 2026-2030"},"content":{"rendered":"\n<p class=\"wp-block-paragraph\">Dans le cadre de sa participation \u00e0 la 3\u00e9me Conf\u00e9rence des Nations Unies sur l&rsquo;Oc\u00e9an, qui se tient \u00e0 Nice, M. Mohamed Ali Nafti, Ministre des Affaires Etrang\u00e8res, de la Migration et des Tunisiens \u00e0 l&rsquo;Etranger, a prononc\u00e9, ce 10 juin 2025, un discours lors de l&rsquo;\u00e9v\u00e9nement intitul\u00e9 \u00ab\u00a0Protection de la M\u00e9diterran\u00e9e\u00a0\u00bb, auquel ont \u00e9galement particip\u00e9 M. Jean-No\u00ebl Barrot, Ministre Fran\u00e7ais de l&rsquo;Europe et des Affaires Etrang\u00e8res, Mme Dubravka \u0160uica, Commissaire Europ\u00e9enne pour la M\u00e9diterran\u00e9e, ainsi qu\u2019un grand nombre de responsables locaux, de repr\u00e9sentants d\u2019\u00c9tats et d\u2019organisations pr\u00e9sents \u00e0 la conf\u00e9rence.<\/p>\n\n\n\n<p class=\"wp-block-paragraph\">\u00c0 cette occasion, M. le Ministre a soulign\u00e9 l\u2019urgence d\u2019une action commune et coordonn\u00e9e pour prot\u00e9ger la M\u00e9diterran\u00e9e, rappelant que la Tunisie, confront\u00e9e \u00e0 des d\u00e9fis environnementaux, a adopt\u00e9 une Strat\u00e9gie Nationale de Transition Ecologique et a entam\u00e9 la mise en \u0153uvre d\u2019un Plan d\u2019Action National pour la Biodiversit\u00e9. Il a \u00e9galement mentionn\u00e9 la pr\u00e9paration de la Contribution D\u00e9termin\u00e9e au niveau National 3.0 (CDN), qui sera prochainement adopt\u00e9e dans le cadre du plan de d\u00e9veloppement 2026-2030.<\/p>\n\n\n\n<p class=\"wp-block-paragraph\">M. le Ministre a salu\u00e9 la coop\u00e9ration existante dans le cadre de la Convention de Barcelone et de la D\u00e9claration de 1995, mettant en avant l\u2019importance du programme \u00ab DepolMed \u00bb avec l\u2019Union Europ\u00e9enne, de l\u2019initiative \u00ab WestMed \u00bb, copr\u00e9sid\u00e9e par la Tunisie et le Portugal, ainsi que des projets r\u00e9gionaux tels que \u00ab Plastic Busters \u00bb pour lutter contre la pollution marine.<\/p>\n\n\n\n<p class=\"wp-block-paragraph\">Il a ajout\u00e9 que les efforts nationaux et internationaux r\u00e9pondent \u00e0 des menaces croissantes, telles que la raret\u00e9 de l\u2019eau, la d\u00e9sertification et la pollution des littoraux, qui sont devenues des d\u00e9fis quotidiens n\u00e9cessitant des politiques environnementales ambitieuses. Il a soulign\u00e9 que la pollution, le changement climatique, la perte de biodiversit\u00e9 et l\u2019\u00e9l\u00e9vation du niveau de la mer repr\u00e9sentent de v\u00e9ritables menaces pour la M\u00e9diterran\u00e9e, la rendant l\u2019une des mers les plus pollu\u00e9es du monde.<\/p>\n\n\n\n<p class=\"wp-block-paragraph\">M. le Ministre a lanc\u00e9 un appel \u00e0 la communaut\u00e9 internationale pour mobiliser les financements n\u00e9cessaires \u00e0 la protection et \u00e0 l\u2019exploitation durable des mers et des oc\u00e9ans, au d\u00e9veloppement d\u2019une \u00e9conomie bleue \u00e9quitable et inclusive, ainsi qu\u2019\u00e0 la conclusion d\u2019un accord international sur la gouvernance des oc\u00e9ans, fond\u00e9 sur les dispositions de l\u2019Accord de Paris sur le Climat. Il a \u00e9galement propos\u00e9 la cr\u00e9ation d\u2019une Alliance M\u00e9diterran\u00e9enne pour faire face \u00e0 l\u2019\u00e9rosion c\u00f4ti\u00e8re et \u00e0 l\u2019\u00e9l\u00e9vation du niveau de la mer, consid\u00e9r\u00e9e comme une menace existentielle croissante.<\/p>\n\n\n\n<p class=\"wp-block-paragraph\">En conclusion de son intervention, M. le Ministre a insist\u00e9 sur le fait que la situation humanitaire dramatique dans les territoires palestiniens occup\u00e9s et \u00e0 Gaza constitue une menace directe pour la stabilit\u00e9 de l\u2019ensemble de la r\u00e9gion m\u00e9diterran\u00e9enne.<\/p>\n\n\n\n<p class=\"wp-block-paragraph\">Par ailleurs, M. le Ministre a assist\u00e9 \u00e0 une session de dialogue de haut niveau, organis\u00e9e \u00e0 l\u2019occasion du 50\u00e8me anniversaire du Plan d\u2019Action pour la M\u00e9diterran\u00e9e et du 30\u00e9me anniversaire de la Convention de Barcelone pour la protection du milieu marin et de la r\u00e9gion c\u00f4ti\u00e8re de la M\u00e9diterran\u00e9e. Cette session a mis en lumi\u00e8re le r\u00f4le central et pionnier du syst\u00e8me des Nations Unies pour l\u2019environnement dans le renforcement des efforts de protection et de gouvernance de l\u2019environnement marin aux niveaux r\u00e9gional et mondial.<\/p>\n\n\n\n<p class=\"wp-block-paragraph\">M. le Ministre a soulign\u00e9 l\u2019importance de ce m\u00e9canisme technique et scientifique, soutenu par la Tunisie, en raison de son r\u00f4le dans la coordination des efforts pour la cr\u00e9ation et la bonne gestion des zones marines et c\u00f4ti\u00e8res prot\u00e9g\u00e9es.<\/p>\n","protected":false},"excerpt":{"rendered":"<p>Dans le cadre de sa participation \u00e0 la 3\u00e9me Conf\u00e9rence des Nations Unies sur l&rsquo;Oc\u00e9an, qui se tient \u00e0 Nice, M. Mohamed Ali Nafti, Ministre des Affaires Etrang\u00e8res, de la Migration et des Tunisiens \u00e0 l&rsquo;Etranger, a prononc\u00e9, ce 10 juin 2025, un discours lors de l&rsquo;\u00e9v\u00e9nement intitul\u00e9 \u00ab\u00a0Protection de la M\u00e9diterran\u00e9e\u00a0\u00bb, auquel ont \u00e9galement [&hellip;]<\/p>\n","protected":false},"author":4,"featured_media":65622,"comment_status":"open","ping_status":"closed","sticky":false,"template":"","format":"standard","meta":{"content-type":"","jnews-multi-image_gallery":[],"jnews_single_post":{"format":"standard"},"jnews_primary_category":[],"jnews_override_bookmark_settings":[],"jnews_review":[],"enable_review":"","type":"","name":"","summary":"","brand":"","sku":"","good":[],"bad":[],"score_override":"","override_value":"","rating":[],"price":[],"jnews_post_split":[],"footnotes":""},"categories":[2],"tags":[15687,1264,15726,15725,54],"class_list":["post-65621","post","type-post","status-publish","format-standard","has-post-thumbnail","hentry","category-news-politique","tag-conference-des-nations-unies-sur-locean","tag-mediterranee","tag-programme-depolmed","tag-strategie-nationale-de-transition-ecologique","tag-tunisie"],"_links":{"self":[{"href":"https:\/\/www.africanchallenges.com\/index.php?rest_route=\/wp\/v2\/posts\/65621","targetHints":{"allow":["GET"]}}],"collection":[{"href":"https:\/\/www.africanchallenges.com\/index.php?rest_route=\/wp\/v2\/posts"}],"about":[{"href":"https:\/\/www.africanchallenges.com\/index.php?rest_route=\/wp\/v2\/types\/post"}],"author":[{"embeddable":true,"href":"https:\/\/www.africanchallenges.com\/index.php?rest_route=\/wp\/v2\/users\/4"}],"replies":[{"embeddable":true,"href":"https:\/\/www.africanchallenges.com\/index.php?rest_route=%2Fwp%2Fv2%2Fcomments&post=65621"}],"version-history":[{"count":1,"href":"https:\/\/www.africanchallenges.com\/index.php?rest_route=\/wp\/v2\/posts\/65621\/revisions"}],"predecessor-version":[{"id":65623,"href":"https:\/\/www.africanchallenges.com\/index.php?rest_route=\/wp\/v2\/posts\/65621\/revisions\/65623"}],"wp:featuredmedia":[{"embeddable":true,"href":"https:\/\/www.africanchallenges.com\/index.php?rest_route=\/wp\/v2\/media\/65622"}],"wp:attachment":[{"href":"https:\/\/www.africanchallenges.com\/index.php?rest_route=%2Fwp%2Fv2%2Fmedia&parent=65621"}],"wp:term":[{"taxonomy":"category","embeddable":true,"href":"https:\/\/www.africanchallenges.com\/index.php?rest_route=%2Fwp%2Fv2%2Fcategories&post=65621"},{"taxonomy":"post_tag","embeddable":true,"href":"https:\/\/www.africanchallenges.com\/index.php?rest_route=%2Fwp%2Fv2%2Ftags&post=65621"}],"curies":[{"name":"wp","href":"https:\/\/api.w.org\/{rel}","templated":true}]}}