{"id":65603,"date":"2025-06-10T15:23:48","date_gmt":"2025-06-10T14:23:48","guid":{"rendered":"https:\/\/www.africanchallenges.com\/?p=65603"},"modified":"2025-06-10T15:25:35","modified_gmt":"2025-06-10T14:25:35","slug":"tunisie-programme-de-la-38eme-edition-du-festival-international-de-musique-symphonique-del-jem-les-nocturnes-del-jem-du-12-juillet-au-16-aout","status":"publish","type":"post","link":"https:\/\/www.africanchallenges.com\/?p=65603","title":{"rendered":"Tunisie : Programme de la 38\u00e8me \u00e9dition du Festival International de Musique Symphonique d\u2019El Jem \u00ab\u00a0Les Nocturnes d\u2019El Jem\u00a0\u00bb du 12 juillet  au 16 ao\u00fbt\u00a0"},"content":{"rendered":"\n<p class=\"wp-block-paragraph\">La Fondation Arts &amp; Culture by UIB, m\u00e9c\u00e8ne principal du Festival International de Musique Symphonique d\u2019El Jem \u2013 depuis 2018 \u2013 a tenu avec la direction du Festival, une conf\u00e9rence de presse, le mardi 10 juin juin 2025, \u00e0 l\u2019h\u00f4tel Concorde sis aux berges du Lac.<\/p>\n\n\n\n<p class=\"wp-block-paragraph\">Durant cette conf\u00e9rence, la programmation et les grandes lignes de la 38\u00e8me \u00e9dition \u00ab\u00a0Les Nocturnes d\u2019El Jem\u00a0\u00bb ont \u00e9t\u00e9 d\u00e9voil\u00e9es aux nombreux m\u00e9dias qui y \u00e9taient pr\u00e9sents. C\u2019\u00e9tait l\u2019occasion, \u00e9galement, de passer en revue le partenariat qui unit le Festival avec son m\u00e9c\u00e8ne principal, La Fondation Arts &amp; Culture by UIB.<\/p>\n\n\n\n<p class=\"wp-block-paragraph\">la 38\u00e8 \u00e9dition se tiendra de 12 juillet au  16 ao\u00fbt\u00a0, \u00e0 l&rsquo;Amphith\u00e9\u00e2tre d&rsquo;El Jem Eljem.<\/p>\n\n\n\n<p class=\"wp-block-paragraph\"><strong><em>Le programme\u00a0:<\/em><\/strong><\/p>\n\n\n\n<p class=\"wp-block-paragraph\"><strong>12 juillet<\/strong> : <strong>ORCHESTRA FIORENTINA DA CAMERA<\/strong><\/p>\n\n\n\n<p class=\"wp-block-paragraph\"><strong>Amphith\u00e9\u00e2tre d&rsquo;El Jem Eljem, Tunisie<\/strong><\/p>\n\n\n\n<p class=\"wp-block-paragraph\">&nbsp; Directeur : Giuseppe Lanzetta Soprano : Evelyn Saavedra T\u00e9nor : Antonio Salis Pianiste : Fernando Diaz Trompette : Marcello Nesi L&rsquo;ORCHESTRE DE CHAMBRE FLORENTINE a \u00e9t\u00e9 fond\u00e9 en 1981 par le Maestro Giuseppe Lanzetta, son actuel directeur permanent, dans le but de diffuser la connaissance du r\u00e9pertoire symphonique et de musique de chambre. En [\u2026]<\/p>\n\n\n\n<p class=\"wp-block-paragraph\"><strong>17 juillet :<\/strong> <strong>Mohamed Ali KAMMOUN et l\u2019orchestre symphonique de M\u00e9grine; 24 parfums- les \u00e9toiles symphoniques<\/strong><\/p>\n\n\n\n<p class=\"wp-block-paragraph\"><strong>Amphith\u00e9\u00e2tre d&rsquo;El Jem Eljem, Tunisie<\/strong><\/p>\n\n\n\n<p class=\"wp-block-paragraph\">24 PARFUMS Plongez dans une exp\u00e9rience musicale unique avec \u201cLes \u00c9toiles Symphoniques : 24 Parfums de Tunisie\u201d, une \u00e9dition sp\u00e9ciale de \u2019\u0153uvre acclam\u00e9e du pianiste et compositeur tunisien Mohamed Ali Kammoun. Ce concert prestigieux, pr\u00e9sent\u00e9 apr\u00e8s son succ\u00e8s\u00e0 l\u2019Olympia de Paris, c\u00e9l\u00e8bre la richesse du patrimoine tunisien \u00e0travers une symbiose harmonieuse entre tradition et modernit\u00e9. [\u2026]<\/p>\n\n\n\n<p class=\"wp-block-paragraph\"><strong>19<\/strong><strong> juillet:  LA NUIT DES CHEFS<\/strong><\/p>\n\n\n\n<p class=\"wp-block-paragraph\"><strong>Amphith\u00e9\u00e2tre d&rsquo;El Jem Eljem, Tunisie<\/strong><\/p>\n\n\n\n<p class=\"wp-block-paragraph\">Est un \u00e9v\u00e9nement musical d\u2019exception organis\u00e9 par le Th\u00e9\u00e2tre de l\u2019Op\u00e9ra de Tunis, qui s\u2019est impos\u00e9 comme l\u2019un des rendez-vous majeurs de la sc\u00e8ne culturelle tunisienne en cette ann\u00e9e 2025. Ce concert , c\u00e9l\u00e8bre \u00e0 la fois la diversit\u00e9, la cr\u00e9ativit\u00e9 et la vitalit\u00e9 de l\u2019art orchestral tunisien, tout en ouvrant un dialogue f\u00e9cond avec [\u2026]<\/p>\n\n\n\n<p class=\"wp-block-paragraph\"><strong>24 <\/strong><strong>\u00a0juillet:  ORCHESTRE ROYAL DE CHAMBRE DE WALLONIE<\/strong><\/p>\n\n\n\n<p class=\"wp-block-paragraph\"><strong>Amphith\u00e9\u00e2tre d&rsquo;El Jem Eljem, Tunisie<\/strong><\/p>\n\n\n\n<p class=\"wp-block-paragraph\">En 1958, Lola Bobesco cr\u00e9e l\u2019ensemble \u00ab Les Solistes de Bruxelles \u00bb, nomm\u00e9 successivement \u00ab Ensemble d\u2019archets Eug\u00e8ne Ysa\u00ffe \u00bb et \u00ab Orchestre Royal de Chambre de Wallonie \u00bb (ORCW). A la suite des derniers Directeurs musicaux, Augustin Dumay (2003\u20132013) et Frank Braley (2014-2019), VahanMardirossian a pris la baguette pour continuer le travail d\u2019excellence. L\u2019ORCW a r\u00e9guli\u00e8rement collabor\u00e9 avec les plus grands artistes, sur les sc\u00e8nes internationales les plus importantes [\u2026]<\/p>\n\n\n\n<p class=\"wp-block-paragraph\"><strong>26 <\/strong><strong>juillet&nbsp;<\/strong><strong>: <\/strong><strong>ORQUESTA DE C\u00c1MARA VILLA DE MADRID<\/strong><\/p>\n\n\n\n<p class=\"wp-block-paragraph\"><strong>Amphith\u00e9\u00e2tre d&rsquo;El Jem Eljem, Tunisie<\/strong><\/p>\n\n\n\n<p class=\"wp-block-paragraph\">Fond\u00e9 en 1984 par la directrice Mercedes Padilla, l&rsquo;Orquesta de C\u00e1mara Villa de Madrid a donn\u00e9 nombreux concerts depuis sa pr\u00e9sentation au Teatro Real de Madrid le 5 novembre 1985. Du baroque aux grandes \u0153uvres du XXe si\u00e8cle, il couvre un vaste r\u00e9pertoire, en accordant une attention prioritaire \u00e0 la musique espagnole (Montsalvatge, Falla, Turina, [\u2026]<\/p>\n\n\n\n<p class=\"wp-block-paragraph\"><strong>2<\/strong><strong> ao\u00fbt<\/strong><strong>&nbsp;: <\/strong><strong>L\u2019ORCHESTRE DU BAL DE L\u2019OPERA DE VIENNE<\/strong><\/p>\n\n\n\n<p class=\"wp-block-paragraph\"><strong>Amphith\u00e9\u00e2tre d&rsquo;El Jem Eljem, Tunisie<\/strong><\/p>\n\n\n\n<p class=\"wp-block-paragraph\">LASZLO GY\u00dcKER &#8211; Chef d&rsquo;orchestre Ce chef d&rsquo;orchestre hongrois est n\u00e9 \u00e0 Miskolc en 1981 et a \u00e9tudi\u00e9 \u00e0 l&rsquo;Universit\u00e9 des Arts de Graz. En 2009, il a assist\u00e9 Martin Sieghart avec le Het GeldersOrkest aux Pays-Bas dans la production de La Veuve joyeuse de Robert Herzl. De 2010 \u00e0 2012, il a dirig\u00e9 un [\u2026]<\/p>\n\n\n\n<p class=\"wp-block-paragraph\"><strong>\u00a06 \u00a0ao\u00fbt Hassen Doss; Accompagn\u00e9 par l\u2019orchestre et ch\u0153ur El Manar<\/strong><\/p>\n\n\n\n<p class=\"wp-block-paragraph\"><strong>Amphith\u00e9\u00e2tre d&rsquo;El Jem Eljem, Tunisie<\/strong><\/p>\n\n\n\n<p class=\"wp-block-paragraph\">L\u2019artiste Hassen Doss a obtenu un master en chant arabe de l\u2019Institut Sup\u00e9rieur de Musique de Tunis, ainsi qu\u2019un dipl\u00f4me de professeur de chant de l\u2019Universit\u00e9 de Musique et d\u2019Art Dramatique de Munich. Il a remport\u00e9 le prix Jeune Espoir lors du concours mondial de chant lyrique \u00ab\u00a0Vienne en Voix \u00e0 Vivonne\u00a0\u00bb en France, dans [\u2026]<\/p>\n\n\n\n<p class=\"wp-block-paragraph\"><strong>9<\/strong><strong> ao\u00fbt&nbsp;<\/strong><strong>: <\/strong><strong>Orchestre symphonique de l\u2019Op\u00e9ra d\u2019Alger<\/strong><strong><\/strong><\/p>\n\n\n\n<p class=\"wp-block-paragraph\"><strong>Amphith\u00e9\u00e2tre d&rsquo;El Jem Eljem, Tunisie<\/strong><\/p>\n\n\n\n<p class=\"wp-block-paragraph\">Abdelkader BOUAZZARADirecteur g\u00e9n\u00e9ral de l&rsquo;Op\u00e9ra d\u2019Alg\u00e9rie \u00ab Boualem Bessa\u00efh \u00bb Monsieur Abdelkader BOUAZZARA, commissaire du Festival Culturel International de Musique Symphonique, a parcouru un parcours remarquable dans le domaine de la musique et des grandes \u0153uvres symphoniques mondiales. Apr\u00e8s plusieurs ann\u00e9es d&rsquo;\u00e9tudes musicales fructueuses en Alg\u00e9rie, il a poursuivi son parcours acad\u00e9mique en Ukraine, o\u00f9 [\u2026]<\/p>\n\n\n\n<p class=\"wp-block-paragraph\"><strong>12<\/strong><strong> ao\u00fbt&nbsp;<\/strong><strong>: <\/strong><strong>Orchestre symphonique de Carthage<\/strong><\/p>\n\n\n\n<p class=\"wp-block-paragraph\"><strong>Amphith\u00e9\u00e2tre d&rsquo;El Jem Eljem, Tunisie<\/strong><\/p>\n\n\n\n<p class=\"wp-block-paragraph\">Le Carthage Symphony Orchestra (CSO), fond\u00e9 par HafedhMakni en juillet 2018 et soutenu par l\u2019Association Musique Sans Fronti\u00e8res, r\u00e9unit environ 45 musiciens permanents et plus de 120 choristes. Chaque saison, il propose une vingtaine de concerts vari\u00e9s (classiques, ballets, cin\u00e9-concerts, musique de vari\u00e9t\u00e9, concerts p\u00e9dagogiques) \u00e0 Tunis, en r\u00e9gions (Sousse, Sfax, Bizerte, Monastir, Eljem) et [\u2026]<\/p>\n\n\n\n<p class=\"wp-block-paragraph\"><strong>16<\/strong><strong> ao\u00fbt&nbsp;<\/strong><strong>:<\/strong><strong>YURY REVICH (violoniste) et l\u2019OSTunisien en concert<\/strong><strong><\/strong><\/p>\n\n\n\n<p class=\"wp-block-paragraph\"><strong>Amphith\u00e9\u00e2tre d&rsquo;El Jem Eljem, Tunisie<\/strong><\/p>\n\n\n\n<p class=\"wp-block-paragraph\">YuryRevich, violoniste-stradivarius et compositeur autrichien, est un musicien et artiste autrichien pluridisciplinaire et novateur. Sa virtuosit\u00e9 magique a \u00e9t\u00e9 particuli\u00e8rement soulign\u00e9e par la presse, qui l&rsquo;a qualifi\u00e9 de nouvelle star mondiale du violon ou de nouveau Paganini. Il est laur\u00e9at de l&rsquo;ECHO Classic et de l&rsquo;International Music Award, ce qui fait de lui l&rsquo;un des [\u2026]<\/p>\n","protected":false},"excerpt":{"rendered":"<p>La Fondation Arts &amp; Culture by UIB, m\u00e9c\u00e8ne principal du Festival International de Musique Symphonique d\u2019El Jem \u2013 depuis 2018 \u2013 a tenu avec la direction du Festival, une conf\u00e9rence de presse, le mardi 10 juin juin 2025, \u00e0 l\u2019h\u00f4tel Concorde sis aux berges du Lac. Durant cette conf\u00e9rence, la programmation et les grandes lignes [&hellip;]<\/p>\n","protected":false},"author":4,"featured_media":65604,"comment_status":"open","ping_status":"closed","sticky":false,"template":"","format":"standard","meta":{"content-type":"","jnews-multi-image_gallery":[],"jnews_single_post":{"format":"standard"},"jnews_primary_category":[],"jnews_override_bookmark_settings":[],"jnews_review":[],"enable_review":"","type":"","name":"","summary":"","brand":"","sku":"","good":[],"bad":[],"score_override":"","override_value":"","rating":[],"price":[],"jnews_post_split":[],"footnotes":""},"categories":[17],"tags":[10506,15719,65],"class_list":["post-65603","post","type-post","status-publish","format-standard","has-post-thumbnail","hentry","category-entertainment","tag-festival-international-de-musique-symphonique-del-jem","tag-les-nocturnes-del-jem","tag-programme"],"_links":{"self":[{"href":"https:\/\/www.africanchallenges.com\/index.php?rest_route=\/wp\/v2\/posts\/65603","targetHints":{"allow":["GET"]}}],"collection":[{"href":"https:\/\/www.africanchallenges.com\/index.php?rest_route=\/wp\/v2\/posts"}],"about":[{"href":"https:\/\/www.africanchallenges.com\/index.php?rest_route=\/wp\/v2\/types\/post"}],"author":[{"embeddable":true,"href":"https:\/\/www.africanchallenges.com\/index.php?rest_route=\/wp\/v2\/users\/4"}],"replies":[{"embeddable":true,"href":"https:\/\/www.africanchallenges.com\/index.php?rest_route=%2Fwp%2Fv2%2Fcomments&post=65603"}],"version-history":[{"count":2,"href":"https:\/\/www.africanchallenges.com\/index.php?rest_route=\/wp\/v2\/posts\/65603\/revisions"}],"predecessor-version":[{"id":65606,"href":"https:\/\/www.africanchallenges.com\/index.php?rest_route=\/wp\/v2\/posts\/65603\/revisions\/65606"}],"wp:featuredmedia":[{"embeddable":true,"href":"https:\/\/www.africanchallenges.com\/index.php?rest_route=\/wp\/v2\/media\/65604"}],"wp:attachment":[{"href":"https:\/\/www.africanchallenges.com\/index.php?rest_route=%2Fwp%2Fv2%2Fmedia&parent=65603"}],"wp:term":[{"taxonomy":"category","embeddable":true,"href":"https:\/\/www.africanchallenges.com\/index.php?rest_route=%2Fwp%2Fv2%2Fcategories&post=65603"},{"taxonomy":"post_tag","embeddable":true,"href":"https:\/\/www.africanchallenges.com\/index.php?rest_route=%2Fwp%2Fv2%2Ftags&post=65603"}],"curies":[{"name":"wp","href":"https:\/\/api.w.org\/{rel}","templated":true}]}}