{"id":65595,"date":"2025-06-10T11:24:00","date_gmt":"2025-06-10T10:24:00","guid":{"rendered":"https:\/\/www.africanchallenges.com\/?p=65595"},"modified":"2025-06-10T14:09:45","modified_gmt":"2025-06-10T13:09:45","slug":"la-tunisie-participe-a-la-3eme-conference-des-nations-unies-sur-locean-a-nice","status":"publish","type":"post","link":"https:\/\/www.africanchallenges.com\/?p=65595","title":{"rendered":"La Tunisie participe \u00e0 la 3\u00e8me Conf\u00e9rence des Nations Unies sur l&rsquo;Oc\u00e9an \u00e0 Nice"},"content":{"rendered":"\n<p class=\"wp-block-paragraph\">Les travaux de la 3\u00e8me Conf\u00e9rence des Nations Unies sur l&rsquo;Oc\u00e9an ont d\u00e9marr\u00e9 le 8 juin 2025 \u00e0 Nice, en France, et se poursuivront jusqu\u2019au 13 juin 2025.<\/p>\n\n\n\n<p class=\"wp-block-paragraph\">La Tunisie participe aux travaux de ce Sommet avec une D\u00e9l\u00e9gation pr\u00e9sid\u00e9e par M. Mohamed Ali Nafti, Ministre des Affaires Etrang\u00e8res, de la Migration et des Tunisiens \u00e0 l\u2019Etranger. La D\u00e9l\u00e9gation comprend des repr\u00e9sentants des Minist\u00e8res des Affaires Etrang\u00e8res, de la Migration et des Tunisiens \u00e0 l\u2019Etranger, de l\u2019Agriculture, des Ressources Hydrauliques et de la P\u00eache, ainsi que du Minist\u00e8re de l\u2019Environnement.<\/p>\n\n\n\n<p class=\"wp-block-paragraph\">Le Secr\u00e9taire G\u00e9n\u00e9ral des Nations Unies, Ant\u00f3nio Guterres, a donn\u00e9 le coup d&rsquo;envoi du Sommet \u00e0 travers des messages adress\u00e9s \u00e0 la communaut\u00e9 internationale, mettant en avant l\u2019urgence de prot\u00e9ger les oc\u00e9ans et les mers, consid\u00e9r\u00e9s comme une ressource vitale commune. Il a \u00e9galement soulign\u00e9 les menaces pesant sur les \u00e9cosyst\u00e8mes marins, notamment l\u2019effondrement des stocks halieutiques, la pollution plastique, l\u2019acidification des oc\u00e9ans et le r\u00e9chauffement de ces derniers d\u00fb aux \u00e9missions de carbone.<\/p>\n\n\n\n<p class=\"wp-block-paragraph\">Le Secr\u00e9taire G\u00e9n\u00e9ral a appel\u00e9 \u00e0 la n\u00e9cessit\u00e9 d\u2019adopter des actions mondiales pour restaurer l\u2019abondance marine et renforcer la s\u00e9curit\u00e9 maritime, comme fondement du d\u00e9veloppement durable, en int\u00e9grant les priorit\u00e9s maritimes dans les politiques climatiques et alimentaires.<\/p>\n\n\n\n<p class=\"wp-block-paragraph\">M. le Ministre a \u00e9t\u00e9 invit\u00e9 \u00e0 participer au Sommet \u00ab\u00a0L&rsquo;Afrique pour l&rsquo;Ocean\u00a0\u00bb ainsi qu\u2019au Sommet \u00ab\u00a0Pour une M\u00e9diterran\u00e9e mieux connect\u00e9e\u00a0\u00bb. Dans son intervention, il a soulign\u00e9 que la position strat\u00e9gique de la Tunisie entre l\u2019Afrique et la M\u00e9diterran\u00e9e lui conf\u00e8re une pleine conscience de l\u2019importance de relever les d\u00e9fis actuels \u00e0 travers l\u2019adoption de strat\u00e9gies nationales de protection et de valorisation durable de ses ressources marines, selon une approche globale, scientifique, pratique et participative.<\/p>\n\n\n\n<p class=\"wp-block-paragraph\">Il a indiqu\u00e9 que la Tunisie est engag\u00e9e dans plusieurs projets avec la partie europ\u00e9enne dans le domaine des \u00e9nergies renouvelables, \u00e0 l\u2019instar du projet \u201cElmed\u201d d\u2019interconnexion \u00e9lectrique.<\/p>\n\n\n\n<p class=\"wp-block-paragraph\">Il a \u00e9galement salu\u00e9 l\u2019appel lanc\u00e9 par le Secr\u00e9taire G\u00e9n\u00e9ral des Nations Unies, Ant\u00f3nio Guterres, au cours des travaux du Sommet, en particulier la mise en place de m\u00e9canismes innovants de financement du d\u00e9veloppement durable.<\/p>\n\n\n\n<p class=\"wp-block-paragraph\">Il a soulign\u00e9 l\u2019importance d\u2019une bonne pr\u00e9paration de la Charte de la M\u00e9diterran\u00e9e dans le cadre d\u2019une vision commune entre les pays europ\u00e9ens et m\u00e9diterran\u00e9ens, qui prend en compte l\u2019int\u00e9r\u00eat commun et renforce les bases de la s\u00e9curit\u00e9 et de la stabilit\u00e9 dans la r\u00e9gion, \u00e9voquant la situation dramatique \u00e0 Gaza et dans l\u2019ensemble des territoires palestiniens occup\u00e9s, et son impact sur l\u2019avenir de toute la r\u00e9gion m\u00e9diterran\u00e9enne.<\/p>\n\n\n\n<p class=\"wp-block-paragraph\">Le Sommet a aussi \u00e9t\u00e9 l\u2019occasion pour M. le Ministre de rencontrer plusieurs hauts responsables participants \u00e0 cet \u00e9v\u00e9nement mondial important, visant \u00e0 instaurer une gouvernance responsable des oc\u00e9ans.<\/p>\n\n\n\n<p class=\"wp-block-paragraph\">Par ailleurs, M. le Ministre a rencontr\u00e9 des membres de la communaut\u00e9 tunisienne r\u00e9sidant dans le sud de la France, prenant connaissance de leurs conditions de s\u00e9jour et \u00e9coutant leurs pr\u00e9occupations et attentes.<\/p>\n\n\n\n<p class=\"wp-block-paragraph\">M. le Ministre a \u00e9galement honor\u00e9 un groupe de Tunisiens ayant contribu\u00e9 par leur travail, leur pens\u00e9e, leur connaissances et leur savoir-faire au renforcement des liens d\u2019amiti\u00e9 et de coop\u00e9ration entre la Tunisie et la France. \u00c0 cette occasion, il a salu\u00e9 le r\u00f4le pionnier de certains d\u2019entre eux et leur soutien actif \u00e0 l\u2019effort national de d\u00e9veloppement ainsi qu\u2019aux programmes de solidarit\u00e9 en faveur des Tunisiens r\u00e9sidant en France.<\/p>\n\n\n\n<p class=\"wp-block-paragraph\">M. le Ministre a aussi transmis les salutations de Son Excellence Monsieur le Pr\u00e9sident de la R\u00e9publique, Ka\u00efs Sa\u00efed, aux personnes pr\u00e9sentes, soulignant la volont\u00e9 du Minist\u00e8re de d\u00e9velopper les m\u00e9canismes du travail consulaire et d\u2019\u00e9largir le r\u00e9seau de repr\u00e9sentation consulaire en France, avec l\u2019ouverture d\u2019un Consulat \u00e0 Montpellier et d\u2019un bureau consulaire \u00e0 Ajaccio, en Corse, dans l\u2019attente de l\u2019ouverture de nouvelles repr\u00e9sentations consulaires dans ce pays.<\/p>\n","protected":false},"excerpt":{"rendered":"<p>Les travaux de la 3\u00e8me Conf\u00e9rence des Nations Unies sur l&rsquo;Oc\u00e9an ont d\u00e9marr\u00e9 le 8 juin 2025 \u00e0 Nice, en France, et se poursuivront jusqu\u2019au 13 juin 2025. La Tunisie participe aux travaux de ce Sommet avec une D\u00e9l\u00e9gation pr\u00e9sid\u00e9e par M. Mohamed Ali Nafti, Ministre des Affaires Etrang\u00e8res, de la Migration et des Tunisiens [&hellip;]<\/p>\n","protected":false},"author":4,"featured_media":65596,"comment_status":"open","ping_status":"closed","sticky":false,"template":"","format":"standard","meta":{"content-type":"","jnews-multi-image_gallery":[],"jnews_single_post":{"format":"standard"},"jnews_primary_category":[],"jnews_override_bookmark_settings":[],"jnews_review":[],"enable_review":"","type":"","name":"","summary":"","brand":"","sku":"","good":[],"bad":[],"score_override":"","override_value":"","rating":[],"price":[],"jnews_post_split":[],"footnotes":""},"categories":[2],"tags":[15687,245,12907,5942,54],"class_list":["post-65595","post","type-post","status-publish","format-standard","has-post-thumbnail","hentry","category-news-politique","tag-conference-des-nations-unies-sur-locean","tag-france","tag-mohamed-ali-nafti","tag-nice","tag-tunisie"],"_links":{"self":[{"href":"https:\/\/www.africanchallenges.com\/index.php?rest_route=\/wp\/v2\/posts\/65595","targetHints":{"allow":["GET"]}}],"collection":[{"href":"https:\/\/www.africanchallenges.com\/index.php?rest_route=\/wp\/v2\/posts"}],"about":[{"href":"https:\/\/www.africanchallenges.com\/index.php?rest_route=\/wp\/v2\/types\/post"}],"author":[{"embeddable":true,"href":"https:\/\/www.africanchallenges.com\/index.php?rest_route=\/wp\/v2\/users\/4"}],"replies":[{"embeddable":true,"href":"https:\/\/www.africanchallenges.com\/index.php?rest_route=%2Fwp%2Fv2%2Fcomments&post=65595"}],"version-history":[{"count":1,"href":"https:\/\/www.africanchallenges.com\/index.php?rest_route=\/wp\/v2\/posts\/65595\/revisions"}],"predecessor-version":[{"id":65597,"href":"https:\/\/www.africanchallenges.com\/index.php?rest_route=\/wp\/v2\/posts\/65595\/revisions\/65597"}],"wp:featuredmedia":[{"embeddable":true,"href":"https:\/\/www.africanchallenges.com\/index.php?rest_route=\/wp\/v2\/media\/65596"}],"wp:attachment":[{"href":"https:\/\/www.africanchallenges.com\/index.php?rest_route=%2Fwp%2Fv2%2Fmedia&parent=65595"}],"wp:term":[{"taxonomy":"category","embeddable":true,"href":"https:\/\/www.africanchallenges.com\/index.php?rest_route=%2Fwp%2Fv2%2Fcategories&post=65595"},{"taxonomy":"post_tag","embeddable":true,"href":"https:\/\/www.africanchallenges.com\/index.php?rest_route=%2Fwp%2Fv2%2Ftags&post=65595"}],"curies":[{"name":"wp","href":"https:\/\/api.w.org\/{rel}","templated":true}]}}