{"id":65582,"date":"2025-06-10T11:38:02","date_gmt":"2025-06-10T10:38:02","guid":{"rendered":"https:\/\/www.africanchallenges.com\/?p=65582"},"modified":"2025-06-10T11:38:03","modified_gmt":"2025-06-10T10:38:03","slug":"tunisie-programme-de-la-49eme-edition-du-festival-international-de-dougga-qui-se-tiendra-du-28-juin-au-8-juillet-au-coeur-de-lun-des-plus-majestueux-sites-archeologiques-classes-au-patrimo","status":"publish","type":"post","link":"https:\/\/www.africanchallenges.com\/?p=65582","title":{"rendered":"Tunisie : Programme de la 49\u00e8me \u00e9dition du Festival International De Dougga, qui se tiendra du 28 juin au 8 juillet au c\u0153ur de l\u2019un des plus majestueux sites arch\u00e9ologiques class\u00e9s au patrimoine mondial de l\u2019UNESCO"},"content":{"rendered":"\n<p class=\"wp-block-paragraph\">La Fondation Arts &amp; Culture by UIB, sera le m\u00e9c\u00e8ne principal de la 49\u00e8me \u00e9dition du Festival International De Dougga, qui se tiendra du 28 juin au 8 juillet 2025, au c\u0153ur de l\u2019un des plus majestueux sites arch\u00e9ologiques class\u00e9s au patrimoine mondial de l\u2019UNESCO. <\/p>\n\n\n\n<p class=\"wp-block-paragraph\">Cette \u00e9dition promet des soir\u00e9es inoubliables, sous les \u00e9toiles de Dougga, entre patrimoine mill\u00e9naire et cr\u00e9ations contemporaines. Une programmation artistique riche et audacieuse vous attend : <\/p>\n\n\n\n<p class=\"wp-block-paragraph\">&#8211; Samedi 28 juin : \u00c9ya Daghnouj \u2013 Envo\u00fbtement et traditions du tarab tunisien <\/p>\n\n\n\n<p class=\"wp-block-paragraph\">&#8211; Dimanche 29 juin : Tul8te \u2013 Fusion \u00e9lectro alternative<\/p>\n\n\n\n<p class=\"wp-block-paragraph\"> &#8211; Lundi 30 juin : Cindy Latty &amp; L\u2019Orchestre de Mohamed Lassoued \u2013 Voix gospel et sons orientaux<\/p>\n\n\n\n<p class=\"wp-block-paragraph\"> &#8211; Mardi 1er juillet : Jenjoon &amp; Orkestrajoon \u2013 Exp\u00e9rimentations sonores et transculturalit\u00e9 <\/p>\n\n\n\n<p class=\"wp-block-paragraph\">&#8211; Mercredi 2 juillet : Emel Mathlouthi \u2013 La voix libre de la Tunisie <\/p>\n\n\n\n<p class=\"wp-block-paragraph\">&#8211; Vendredi 4 juillet : Afro Arabik Walzer Orchestra &amp; Lilly Lyons \u2013 Rencontre des rythmes afro-arabes et de la soul <\/p>\n\n\n\n<p class=\"wp-block-paragraph\">&#8211; Samedi 5 juillet : Dreams Come True avec Norbi.art &amp; The Philharmonic Orchestra of Barcelona \u2013 L\u2019\u00e9motion symphonique au service de l\u2019art visuel <\/p>\n\n\n\n<p class=\"wp-block-paragraph\">&#8211; Mardi 8 juillet : Ragouj, Abdelhamid Bouchnak &amp; Hamza Bouchnak \u2013 Soir\u00e9e de cl\u00f4ture exceptionnelle entre modernit\u00e9 et h\u00e9ritage musical tunisien <\/p>\n\n\n\n<figure class=\"wp-block-image size-large\"><img fetchpriority=\"high\" decoding=\"async\" width=\"885\" height=\"1024\" src=\"https:\/\/www.africanchallenges.com\/wp-content\/uploads\/2025\/06\/image-885x1024.jpeg\" alt=\"\" class=\"wp-image-65583\" srcset=\"https:\/\/www.africanchallenges.com\/wp-content\/uploads\/2025\/06\/image-885x1024.jpeg 885w, https:\/\/www.africanchallenges.com\/wp-content\/uploads\/2025\/06\/image-259x300.jpeg 259w, https:\/\/www.africanchallenges.com\/wp-content\/uploads\/2025\/06\/image-768x889.jpeg 768w, https:\/\/www.africanchallenges.com\/wp-content\/uploads\/2025\/06\/image-750x868.jpeg 750w, https:\/\/www.africanchallenges.com\/wp-content\/uploads\/2025\/06\/image.jpeg 1080w\" sizes=\"(max-width: 885px) 100vw, 885px\" \/><\/figure>\n","protected":false},"excerpt":{"rendered":"<p>La Fondation Arts &amp; Culture by UIB, sera le m\u00e9c\u00e8ne principal de la 49\u00e8me \u00e9dition du Festival International De Dougga, qui se tiendra du 28 juin au 8 juillet 2025, au c\u0153ur de l\u2019un des plus majestueux sites arch\u00e9ologiques class\u00e9s au patrimoine mondial de l\u2019UNESCO. Cette \u00e9dition promet des soir\u00e9es inoubliables, sous les \u00e9toiles de [&hellip;]<\/p>\n","protected":false},"author":4,"featured_media":65584,"comment_status":"open","ping_status":"closed","sticky":false,"template":"","format":"standard","meta":{"content-type":"","jnews-multi-image_gallery":[],"jnews_single_post":{"format":"standard"},"jnews_primary_category":[],"jnews_override_bookmark_settings":[],"jnews_review":[],"enable_review":"","type":"","name":"","summary":"","brand":"","sku":"","good":[],"bad":[],"score_override":"","override_value":"","rating":[],"price":[],"jnews_post_split":[],"footnotes":""},"categories":[17],"tags":[8821,15708,65],"class_list":["post-65582","post","type-post","status-publish","format-standard","has-post-thumbnail","hentry","category-entertainment","tag-festival-international-de-dougga","tag-fondation-arts-culture-by-uib","tag-programme"],"_links":{"self":[{"href":"https:\/\/www.africanchallenges.com\/index.php?rest_route=\/wp\/v2\/posts\/65582","targetHints":{"allow":["GET"]}}],"collection":[{"href":"https:\/\/www.africanchallenges.com\/index.php?rest_route=\/wp\/v2\/posts"}],"about":[{"href":"https:\/\/www.africanchallenges.com\/index.php?rest_route=\/wp\/v2\/types\/post"}],"author":[{"embeddable":true,"href":"https:\/\/www.africanchallenges.com\/index.php?rest_route=\/wp\/v2\/users\/4"}],"replies":[{"embeddable":true,"href":"https:\/\/www.africanchallenges.com\/index.php?rest_route=%2Fwp%2Fv2%2Fcomments&post=65582"}],"version-history":[{"count":1,"href":"https:\/\/www.africanchallenges.com\/index.php?rest_route=\/wp\/v2\/posts\/65582\/revisions"}],"predecessor-version":[{"id":65585,"href":"https:\/\/www.africanchallenges.com\/index.php?rest_route=\/wp\/v2\/posts\/65582\/revisions\/65585"}],"wp:featuredmedia":[{"embeddable":true,"href":"https:\/\/www.africanchallenges.com\/index.php?rest_route=\/wp\/v2\/media\/65584"}],"wp:attachment":[{"href":"https:\/\/www.africanchallenges.com\/index.php?rest_route=%2Fwp%2Fv2%2Fmedia&parent=65582"}],"wp:term":[{"taxonomy":"category","embeddable":true,"href":"https:\/\/www.africanchallenges.com\/index.php?rest_route=%2Fwp%2Fv2%2Fcategories&post=65582"},{"taxonomy":"post_tag","embeddable":true,"href":"https:\/\/www.africanchallenges.com\/index.php?rest_route=%2Fwp%2Fv2%2Ftags&post=65582"}],"curies":[{"name":"wp","href":"https:\/\/api.w.org\/{rel}","templated":true}]}}