{"id":65546,"date":"2025-06-09T10:48:03","date_gmt":"2025-06-09T09:48:03","guid":{"rendered":"https:\/\/www.africanchallenges.com\/?p=65546"},"modified":"2025-06-09T10:48:04","modified_gmt":"2025-06-09T09:48:04","slug":"lavenir-energetique-de-lafrique-le-financement-mixte-la-mobilisation-des-capitaux-africains-et-limpact-croissant-du-sefa-au-coeur-des-debats","status":"publish","type":"post","link":"https:\/\/www.africanchallenges.com\/?p=65546","title":{"rendered":"L\u2019avenir \u00e9nerg\u00e9tique de l\u2019Afrique : le financement mixte, la mobilisation des capitaux africains et l\u2019impact croissant du SEFA au c\u0153ur des d\u00e9bats"},"content":{"rendered":"\n<p class=\"wp-block-paragraph\">Une session sur le r\u00f4le des capitaux priv\u00e9s africains dans la s\u00e9curisation de l\u2019avenir \u00e9nerg\u00e9tique de l\u2019Afrique a marqu\u00e9 le d\u00e9but de la premi\u00e8re journ\u00e9e des Assembl\u00e9es annuelles 2025 du Groupe de la Banque africaine de d\u00e9veloppement \u00e0 Abidjan, en C\u00f4te d\u2019Ivoire.<\/p>\n\n\n\n<p class=\"wp-block-paragraph\">L\u2019\u00e9v\u00e9nement, intitul\u00e9 \u00ab Tirer parti des capitaux africains pour la transition \u00e9nerg\u00e9tique gr\u00e2ce au financement mixte \u00bb et mod\u00e9r\u00e9 par Daniel Schroth, directeur des \u00e9nergies renouvelables et de l\u2019efficacit\u00e9 \u00e9nerg\u00e9tique de la Banque, a servi de plateforme pour explorer des solutions visant \u00e0 attirer davantage de capitaux africains pour financer les infrastructures d\u2019\u00e9nergie renouvelable gr\u00e2ce \u00e0 des m\u00e9canismes de financement mixtes et innovants et \u00e0 des partenariats strat\u00e9giques.<\/p>\n\n\n\n<p class=\"wp-block-paragraph\">Dans son allocution d\u2019ouverture, Kevin Kariuki, vice-pr\u00e9sident du Groupe de la Banque charg\u00e9 de l\u2019\u00c9lectricit\u00e9, de l\u2019\u00c9nergie, du Changement climatique et de la Croissance verte, a dress\u00e9 le tableau d\u2019un continent dot\u00e9 d\u2019un potentiel abondant en sources d\u2019\u00e9nergie renouvelable, mais souffrant d\u2019un important d\u00e9ficit d\u2019acc\u00e8s \u00e0 l\u2019\u00e9nergie et de flux financiers limit\u00e9s. Il a mis en avant la Mission 300, une initiative ambitieuse de la Banque mondiale et de la Banque africaine de d\u00e9veloppement visant \u00e0 fournir un acc\u00e8s \u00e0 l\u2019\u00e9lectricit\u00e9 \u00e0 300 millions de personnes en Afrique d\u2019ici \u00e0 2030, ainsi que le r\u00f4le du Fonds pour l\u2019\u00e9nergie durable en Afrique (SEFA), g\u00e9r\u00e9 par la Banque, comme instrument cl\u00e9 pour stimuler l\u2019acc\u00e8s \u00e0 l\u2019\u00e9lectricit\u00e9 sur le continent.<\/p>\n\n\n\n<p class=\"wp-block-paragraph\">Jo\u00e3o Duarte Cunha, chef de la Dbaivision des fonds pour les \u00e9nergies renouvelables \u00e0 la Banque, a pr\u00e9sent\u00e9 une vue d\u2019ensemble compl\u00e8te de la strat\u00e9gie du SEFA pour catalyser les investissements priv\u00e9s dans les \u00e9nergies propres, soulignant son solide bilan en mati\u00e8re de d\u00e9ploiement de capitaux et pr\u00e9sentant un portefeuille diversifi\u00e9 d\u2019interventions, allant du soutien en amont aux investissements directs dans les \u00e9nergies renouvelables \u00e0 grande \u00e9chelle et d\u00e9centralis\u00e9es.<\/p>\n\n\n\n<p class=\"wp-block-paragraph\">B\u00e4rbel Kofler, secr\u00e9taire d\u2019\u00c9tat parlementaire aupr\u00e8s du ministre f\u00e9d\u00e9ral allemand de la Coop\u00e9ration \u00e9conomique et du D\u00e9veloppement et gouverneure de la Banque pour l\u2019Allemagne, a salu\u00e9 le partenariat solide avec la Banque africaine de d\u00e9veloppement dans le cadre du SEFA. Elle a mis l\u2019accent sur la n\u00e9cessit\u00e9 de d\u00e9ployer strat\u00e9giquement des financements mixtes afin de promouvoir les meilleures technologies d\u2019\u00e9nergie propre en Afrique.<\/p>\n\n\n\n<p class=\"wp-block-paragraph\">Derek Chime, directeur des investissements chez ARM-Harith, un gestionnaire de fonds d\u2019infrastructure panafricain, a soulign\u00e9 la n\u00e9cessit\u00e9 de former les investisseurs africains aux risques et aux rendements des diff\u00e9rentes classes d\u2019actifs, soulignant que les tranches de premi\u00e8re perte sont essentielles pour rassurer ces investisseurs, en particulier dans les fonds d\u2019actions. Il a soulign\u00e9 les r\u00e9cents succ\u00e8s remport\u00e9s dans la mobilisation de fonds de pension nig\u00e9rians pour leur fonds successeur gr\u00e2ce \u00e0 un investissement en actions subordonn\u00e9es du SEFA.<\/p>\n\n\n\n<p class=\"wp-block-paragraph\">Selon Tshepidi Moremong, directrice des op\u00e9rations d\u2019Africa 50, les investisseurs institutionnels africains devraient \u00eatre les premiers \u00e0 se lancer et montrer aux investisseurs institutionnels mondiaux que l\u2019Afrique est ouverte aux affaires. Elle a \u00e9galement mis en avant leur initiative la plus r\u00e9cente avec la Banque africaine de d\u00e9veloppement, l\u2019Alliance pour l\u2019infrastructure verte en Afrique (AGIA), qui comprend un fonds de d\u00e9veloppement de projets, combinant des capitaux philanthropiques et des capitaux de d\u00e9veloppement en vue d\u2019acc\u00e9l\u00e9rer la mise en place d\u2019un portefeuille de projets bancables destin\u00e9s \u00e0 \u00eatre financ\u00e9s par des investisseurs institutionnels. Elle a salu\u00e9 la forte contribution du SEFA en tant qu\u2019investisseur catalyseur dans un fonds appel\u00e9 \u00e0 prendre des risques importants en phase de d\u00e9marrage.<\/p>\n\n\n\n<p class=\"wp-block-paragraph\">Toutefois, Mme Moremong a ajout\u00e9 que le financement mixte n\u2019\u00e9tait pas la panac\u00e9e pour surmonter tous les obstacles auxquels sont confront\u00e9s les investisseurs africains.<\/p>\n\n\n\n<p class=\"wp-block-paragraph\">Marlene Jennings, directrice g\u00e9n\u00e9rale d\u2019Arch Emerging Markets Partners, a mis l\u2019accent sur l\u2019importance du dialogue politique et sur la n\u00e9cessit\u00e9 de veiller \u00e0 ce que les gouvernements entreprennent les r\u00e9formes n\u00e9cessaires pour attirer davantage d\u2019investissements dans le domaine climatique. Elle a not\u00e9 que le march\u00e9 devait prouver sa maturit\u00e9 en multipliant les r\u00e9ussites de projets d\u00e9velopp\u00e9s, construits et exploit\u00e9s, tout en g\u00e9n\u00e9rant des rendements int\u00e9ressants pour les investisseurs initiaux.<\/p>\n\n\n\n<p class=\"wp-block-paragraph\">Clemens Calice, directeur g\u00e9n\u00e9ral de Cygnum Capital, a conclu la discussion en soulignant que la mobilisation de capitaux priv\u00e9s \u00e9tait un processus continu et que l\u2019int\u00e9r\u00eat ne pouvait \u00eatre suscit\u00e9 que par de solides performances. Malgr\u00e9 l\u2019attrait des actifs d\u2019infrastructure propres, l\u2019int\u00e9r\u00eat des investisseurs institutionnels africains tarde, selon lui, \u00e0 se concr\u00e9tiser, en raison d\u2019une compr\u00e9hension limit\u00e9e de cette classe d\u2019actifs et d\u2019obstacles structurels, notamment l\u2019incapacit\u00e9 \u00e0 adopter une approche r\u00e9gionale ou continentale et \u00e0 d\u00e9ployer des capitaux dans plusieurs juridictions.<\/p>\n\n\n\n<p class=\"wp-block-paragraph\">L\u2019\u00e9v\u00e9nement a \u00e9galement servi de plateforme pour le lancement du Rapport annuel 2024 du SEFA, qui documente la meilleure ann\u00e9e de son histoire, avec 108 millions de dollars approuv\u00e9s pour 14 projets, soulignant le r\u00f4le transformateur du fonds dans le secteur.<\/p>\n","protected":false},"excerpt":{"rendered":"<p>Une session sur le r\u00f4le des capitaux priv\u00e9s africains dans la s\u00e9curisation de l\u2019avenir \u00e9nerg\u00e9tique de l\u2019Afrique a marqu\u00e9 le d\u00e9but de la premi\u00e8re journ\u00e9e des Assembl\u00e9es annuelles 2025 du Groupe de la Banque africaine de d\u00e9veloppement \u00e0 Abidjan, en C\u00f4te d\u2019Ivoire. L\u2019\u00e9v\u00e9nement, intitul\u00e9 \u00ab Tirer parti des capitaux africains pour la transition \u00e9nerg\u00e9tique gr\u00e2ce [&hellip;]<\/p>\n","protected":false},"author":4,"featured_media":65547,"comment_status":"open","ping_status":"closed","sticky":false,"template":"","format":"standard","meta":{"content-type":"","jnews-multi-image_gallery":[],"jnews_single_post":{"format":"standard"},"jnews_primary_category":[],"jnews_override_bookmark_settings":[],"jnews_review":[],"enable_review":"","type":"","name":"","summary":"","brand":"","sku":"","good":[],"bad":[],"score_override":"","override_value":"","rating":[],"price":[],"jnews_post_split":[],"footnotes":""},"categories":[43,73],"tags":[63,12288,74,15691,15692],"class_list":["post-65546","post","type-post","status-publish","format-standard","has-post-thumbnail","hentry","category-eco-business","category-eco","tag-afrique","tag-avenir-energetique","tag-bad","tag-financement-mixte","tag-sefa"],"_links":{"self":[{"href":"https:\/\/www.africanchallenges.com\/index.php?rest_route=\/wp\/v2\/posts\/65546","targetHints":{"allow":["GET"]}}],"collection":[{"href":"https:\/\/www.africanchallenges.com\/index.php?rest_route=\/wp\/v2\/posts"}],"about":[{"href":"https:\/\/www.africanchallenges.com\/index.php?rest_route=\/wp\/v2\/types\/post"}],"author":[{"embeddable":true,"href":"https:\/\/www.africanchallenges.com\/index.php?rest_route=\/wp\/v2\/users\/4"}],"replies":[{"embeddable":true,"href":"https:\/\/www.africanchallenges.com\/index.php?rest_route=%2Fwp%2Fv2%2Fcomments&post=65546"}],"version-history":[{"count":1,"href":"https:\/\/www.africanchallenges.com\/index.php?rest_route=\/wp\/v2\/posts\/65546\/revisions"}],"predecessor-version":[{"id":65548,"href":"https:\/\/www.africanchallenges.com\/index.php?rest_route=\/wp\/v2\/posts\/65546\/revisions\/65548"}],"wp:featuredmedia":[{"embeddable":true,"href":"https:\/\/www.africanchallenges.com\/index.php?rest_route=\/wp\/v2\/media\/65547"}],"wp:attachment":[{"href":"https:\/\/www.africanchallenges.com\/index.php?rest_route=%2Fwp%2Fv2%2Fmedia&parent=65546"}],"wp:term":[{"taxonomy":"category","embeddable":true,"href":"https:\/\/www.africanchallenges.com\/index.php?rest_route=%2Fwp%2Fv2%2Fcategories&post=65546"},{"taxonomy":"post_tag","embeddable":true,"href":"https:\/\/www.africanchallenges.com\/index.php?rest_route=%2Fwp%2Fv2%2Ftags&post=65546"}],"curies":[{"name":"wp","href":"https:\/\/api.w.org\/{rel}","templated":true}]}}