{"id":65533,"date":"2025-06-09T08:59:24","date_gmt":"2025-06-09T07:59:24","guid":{"rendered":"https:\/\/www.africanchallenges.com\/?p=65533"},"modified":"2025-06-09T09:34:30","modified_gmt":"2025-06-09T08:34:30","slug":"tunisie-le-ministre-des-affaires-etrangeres-presidera-la-delegation-tunisienne-participant-aux-travaux-de-la-troisieme-conference-des-nations-unies-sur-locean-du-9-au-13-juin-a-nice-en-france","status":"publish","type":"post","link":"https:\/\/www.africanchallenges.com\/?p=65533","title":{"rendered":"Tunisie : Le ministre des Affaires \u00e9trang\u00e8res pr\u00e9sidera la d\u00e9l\u00e9gation tunisienne participant aux travaux de la troisi\u00e8me Conf\u00e9rence des Nations Unies sur l&rsquo;Oc\u00e9an, du 9 au 13 juin \u00e0 Nice en France"},"content":{"rendered":"\n<p class=\"wp-block-paragraph\">Sur instructions de Son Excellence le Pr\u00e9sident de la R\u00e9publique, le Ministre des Affaires \u00c9trang\u00e8res, de la Migration et des Tunisiens \u00e0 l&rsquo;\u00c9tranger, M. Mohamed Ali Nafti, pr\u00e9sidera la d\u00e9l\u00e9gation tunisienne participant aux travaux de la troisi\u00e8me Conf\u00e9rence des Nations Unies sur l&rsquo;Oc\u00e9an, qui se tiendra \u00e0 Nice, en France, du 9 au 13 juin 2025, sous le th\u00e8me \u00abConf\u00e9rence des Nations Unies pour soutenir la mise en \u0153uvre de l&rsquo;Objectif 14 des Objectifs de D\u00e9veloppement Durable : Conserver les oc\u00e9ans et les utiliser de mani\u00e8re durable pour un d\u00e9veloppement durable \u00bb.<\/p>\n\n\n\n<p class=\"wp-block-paragraph\">\u00c0 cette occasion, il prononcera un discours au nom de la Tunisie et exposera l&rsquo;approche du pays en mati\u00e8re de gestion des questions environnementales et de d\u00e9veloppement durable, ainsi que ses attentes vis-\u00e0-vis de la conf\u00e9rence, qui repr\u00e9sente une plateforme globale pour mobiliser le soutien \u00e0 la mise en \u0153uvre des initiatives nationales relatives \u00e0 la sant\u00e9 des mers et \u00e0 l\u2019utilisation durable des ressources maritimes.<\/p>\n\n\n\n<p class=\"wp-block-paragraph\">La conf\u00e9rence constituera \u00e9galement une occasion pour notre pays de pr\u00e9senter ses r\u00e9alisations et les d\u00e9fis auxquels il fait face en mati\u00e8re de protection des \u00e9cosyst\u00e8mes marins au niveau national, ainsi que de construire des partenariats et d\u2019attirer des investissements visant \u00e0 prot\u00e9ger l\u2019environnement marin en Tunisie et \u00e0 renforcer l&rsquo;investissement dans l&rsquo;\u00e9conomie bleue.<\/p>\n\n\n\n<p class=\"wp-block-paragraph\">La Conf\u00e9rence abordera les principales probl\u00e9matiques des oc\u00e9ans, notamment l&rsquo;exploitation mini\u00e8re des fonds marins, l\u2019adoption du trait\u00e9 international sur la pollution plastique, la r\u00e9gulation de la p\u00eache excessive, ainsi que l&rsquo;examen des d\u00e9fis et opportunit\u00e9s li\u00e9s \u00e0 la protection des oc\u00e9ans et des ressources maritimes communes.<\/p>\n","protected":false},"excerpt":{"rendered":"<p>Sur instructions de Son Excellence le Pr\u00e9sident de la R\u00e9publique, le Ministre des Affaires \u00c9trang\u00e8res, de la Migration et des Tunisiens \u00e0 l&rsquo;\u00c9tranger, M. Mohamed Ali Nafti, pr\u00e9sidera la d\u00e9l\u00e9gation tunisienne participant aux travaux de la troisi\u00e8me Conf\u00e9rence des Nations Unies sur l&rsquo;Oc\u00e9an, qui se tiendra \u00e0 Nice, en France, du 9 au 13 juin [&hellip;]<\/p>\n","protected":false},"author":4,"featured_media":65534,"comment_status":"open","ping_status":"closed","sticky":false,"template":"","format":"standard","meta":{"content-type":"","jnews-multi-image_gallery":[],"jnews_single_post":{"format":"standard"},"jnews_primary_category":[],"jnews_override_bookmark_settings":[],"jnews_review":[],"enable_review":"","type":"","name":"","summary":"","brand":"","sku":"","good":[],"bad":[],"score_override":"","override_value":"","rating":[],"price":[],"jnews_post_split":[],"footnotes":""},"categories":[2],"tags":[15687,1097,54],"class_list":["post-65533","post","type-post","status-publish","format-standard","has-post-thumbnail","hentry","category-news-politique","tag-conference-des-nations-unies-sur-locean","tag-delegation-tunisienne","tag-tunisie"],"_links":{"self":[{"href":"https:\/\/www.africanchallenges.com\/index.php?rest_route=\/wp\/v2\/posts\/65533","targetHints":{"allow":["GET"]}}],"collection":[{"href":"https:\/\/www.africanchallenges.com\/index.php?rest_route=\/wp\/v2\/posts"}],"about":[{"href":"https:\/\/www.africanchallenges.com\/index.php?rest_route=\/wp\/v2\/types\/post"}],"author":[{"embeddable":true,"href":"https:\/\/www.africanchallenges.com\/index.php?rest_route=\/wp\/v2\/users\/4"}],"replies":[{"embeddable":true,"href":"https:\/\/www.africanchallenges.com\/index.php?rest_route=%2Fwp%2Fv2%2Fcomments&post=65533"}],"version-history":[{"count":1,"href":"https:\/\/www.africanchallenges.com\/index.php?rest_route=\/wp\/v2\/posts\/65533\/revisions"}],"predecessor-version":[{"id":65535,"href":"https:\/\/www.africanchallenges.com\/index.php?rest_route=\/wp\/v2\/posts\/65533\/revisions\/65535"}],"wp:featuredmedia":[{"embeddable":true,"href":"https:\/\/www.africanchallenges.com\/index.php?rest_route=\/wp\/v2\/media\/65534"}],"wp:attachment":[{"href":"https:\/\/www.africanchallenges.com\/index.php?rest_route=%2Fwp%2Fv2%2Fmedia&parent=65533"}],"wp:term":[{"taxonomy":"category","embeddable":true,"href":"https:\/\/www.africanchallenges.com\/index.php?rest_route=%2Fwp%2Fv2%2Fcategories&post=65533"},{"taxonomy":"post_tag","embeddable":true,"href":"https:\/\/www.africanchallenges.com\/index.php?rest_route=%2Fwp%2Fv2%2Ftags&post=65533"}],"curies":[{"name":"wp","href":"https:\/\/api.w.org\/{rel}","templated":true}]}}