{"id":65527,"date":"2025-06-04T16:57:20","date_gmt":"2025-06-04T15:57:20","guid":{"rendered":"https:\/\/www.africanchallenges.com\/?p=65527"},"modified":"2025-06-04T16:57:23","modified_gmt":"2025-06-04T15:57:23","slug":"la-jordanie-legypte-et-le-sultanat-doman-laureats-du-concours-de-musique-et-de-chant-arabes-organise-par-lunion-de-radiodiffusion-des-etats-arabes","status":"publish","type":"post","link":"https:\/\/www.africanchallenges.com\/?p=65527","title":{"rendered":"La Jordanie, l&rsquo;\u00c9gypte et le sultanat d\u2019Oman, laur\u00e9ats du concours de musique et de chant arabes organis\u00e9 par l&rsquo;Union de radiodiffusion des \u00c9tats arabes"},"content":{"rendered":"\n<p class=\"wp-block-paragraph\">La Jordanie, l&rsquo;\u00c9gypte et le sultanat d\u2019Oman ont \u00e9t\u00e9 honor\u00e9s par les prix du concours de musique et de chant arabes organis\u00e9 par l&rsquo;Union de radiodiffusion des \u00c9tats arabes.<\/p>\n\n\n\n<p class=\"wp-block-paragraph\">Le point culminant de la session du concours de musique et de chant arabes, qui se tient tous les deux ans sous l&rsquo;\u00e9gide de l&rsquo;Union de Radiodiffusion des \u00c9tats arabes, a eu lieu au si\u00e8ge de l&rsquo;Union les 27 et 28 mai 2025.<\/p>\n\n\n\n<p class=\"wp-block-paragraph\">Cet \u00e9v\u00e9nement a marqu\u00e9 le jugement de la 15e \u00e9dition du concours, l&rsquo;une des initiatives culturelles et artistiques les plus significatives mises en place par l&rsquo;Union pour encourager la cr\u00e9ativit\u00e9 artistique, musicale et vocale dans le monde arabe, tout en promouvant la culture musicale arabe.<\/p>\n\n\n\n<p class=\"wp-block-paragraph\">Le th\u00e8me de cette session : \u00ab\u00a0patriotisme dans le ton et la parole\u00a0\u00bb Ce concours se d\u00e9roule sous un titre charg\u00e9 d&rsquo;\u00e9motion, o\u00f9 le th\u00e8me du \u00ab\u00a0patriotisme\u00a0\u00bb a \u00e9t\u00e9 choisi comme axe central des \u0153uvres lyriques soumises. Les compositions doivent \u00eatre accompagn\u00e9es d&rsquo;une orchestration qui refl\u00e8te l&rsquo;esth\u00e9tique m\u00e9lodique et la profondeur des significations.<\/p>\n\n\n\n<p class=\"wp-block-paragraph\">Le comit\u00e9 d&rsquo;organisation a pr\u00e9cis\u00e9 que les chansons devaient v\u00e9hiculer des valeurs d&rsquo;appartenance, de sacrifice et de r\u00e9demption, tout en \u00e9tant pr\u00e9sent\u00e9es dans un langage accessible qui illustre des valeurs nationales universelles. En ce qui concerne les pi\u00e8ces musicales, elles doivent \u00eatre \u00e9labor\u00e9es selon des maqams et des structures arabes, et interpr\u00e9t\u00e9es avec une orchestration compl\u00e8te. Participants notables aux concours de chansons et de morceaux de musique Le concours a retenu d&rsquo;une participation significative de radiodiffuseurs arabes, tant publics que priv\u00e9s, avec un total de 11 chansons et 8 pi\u00e8ces musicales provenant de Jordanie, de Tunisie, d&rsquo;Alg\u00e9rie, d&rsquo;\u00c9gypte, d&rsquo;Oman, du Kowe\u00eft, du Y\u00e9men, des Comores et de la Libye.<\/p>\n\n\n\n<p class=\"wp-block-paragraph\">&nbsp;Les \u0153uvres pr\u00e9sent\u00e9es se distinguaient par leur style et leur pr\u00e9sentation, mais toutes convergeaient vers une essence commune : l&rsquo;amour de la patrie et la fiert\u00e9 de l&rsquo;identit\u00e9 arabe.<\/p>\n\n\n\n<p class=\"wp-block-paragraph\">Les \u0153uvres expos\u00e9es diff\u00e9raient par leur style et leur mise en sc\u00e8ne, n\u00e9anmoins, elles partageaient toutes un point commun : l&rsquo;amour de la patrie et la fiert\u00e9 de l&rsquo;identit\u00e9 arabe.<\/p>\n\n\n\n<p class=\"wp-block-paragraph\">Un jury poss\u00e9dant une exp\u00e9rience de qualit\u00e9.<\/p>\n\n\n\n<p class=\"wp-block-paragraph\">Depuis l&rsquo;instauration du concours, la f\u00e9d\u00e9ration s&rsquo;att\u00e8le \u00e0 constituer des jurys d&rsquo;excellence compos\u00e9s d&rsquo;une s\u00e9lection d&rsquo;experts et de cr\u00e9ateurs des domaines de la musique et du chant \u00e0 travers tout le monde arabe, afin de garantir une diversit\u00e9 culturelle et artistique qui bonifie le processus d&rsquo;\u00e9valuation.<\/p>\n\n\n\n<p class=\"wp-block-paragraph\">Au cours de cette session, le jury se composait de cinq membres \u00e9minents, \u00e0 savoir :<\/p>\n\n\n\n<p class=\"wp-block-paragraph\">&#8211; Mohamed El H\u00e9lou (Egypte), artiste musical et chanteur.<\/p>\n\n\n\n<p class=\"wp-block-paragraph\">&#8211; Shoukry Omar Hannachi est un artiste tunisien, \u00e0 la fois chanteur et compositeur.<\/p>\n\n\n\n<p class=\"wp-block-paragraph\">&#8211; Samira Kadiri (Maroc), chanteuse et chercheuse sp\u00e9cialis\u00e9e en musicologie.<\/p>\n\n\n\n<p class=\"wp-block-paragraph\">&#8211; Azhari Mohammed, po\u00e8te originaire du Soudan<\/p>\n\n\n\n<p class=\"wp-block-paragraph\">&#8211; Dalal Al-maqhawi, po\u00e9tesse du Kowe\u00eft<\/p>\n\n\n\n<p class=\"wp-block-paragraph\">R\u00e9sultats de la quinzi\u00e8me \u00e9dition du concours<\/p>\n\n\n\n<p class=\"wp-block-paragraph\">Suite \u00e0 deux jours de travaux intensifs au cours desquels il a visionn\u00e9 toutes les \u0153uvres musicales et th\u00e9\u00e2trales participantes, le jury du concours a rendu son verdict apr\u00e8s d\u00e9lib\u00e9ration. Les prix pour cette \u00e9dition sont les suivants :<\/p>\n\n\n\n<p class=\"wp-block-paragraph\">* Le prix de la Chanson la Plus exceptionnelle<\/p>\n\n\n\n<p class=\"wp-block-paragraph\">&#8211; La chanson \u00ab comme si la maison me l\u00e9guait ses fen\u00eatres \u00bb a remport\u00e9 le premier prix.&nbsp;<\/p>\n\n\n\n<p class=\"wp-block-paragraph\">Produit par la station de radio jordanienne<\/p>\n\n\n\n<p class=\"wp-block-paragraph\">Cr\u00e9\u00e9 par : Fahad Ramadan \/ cr\u00e9\u00e9 par : Mohamed Sobhi Ezzat Boshnak \/ distribu\u00e9 par : Mohamed Sobhi Ezzat Boshnak \/ jou\u00e9 par : Nabil Samour&nbsp;&nbsp;&nbsp;&nbsp;&nbsp;&nbsp;&nbsp;&nbsp;&nbsp;&nbsp;&nbsp;&nbsp;&nbsp;<\/p>\n\n\n\n<p class=\"wp-block-paragraph\">&#8211; Deuxi\u00e8me prix : attribu\u00e9 \u00e0 la chanson \u00ab La patrie de la gloire \u00bb.<\/p>\n\n\n\n<p class=\"wp-block-paragraph\">Cr\u00e9\u00e9 par la station de radio du Sultanat d&rsquo;Oman<\/p>\n\n\n\n<p class=\"wp-block-paragraph\">Compos\u00e9 par: Hicham Ben Nasser Al-saqri \/ compos\u00e9 par: Asad Al-Raisi \/ distribu\u00e9 par: Asad Al-Raisi \/ interpr\u00e9t\u00e9 par: Abdul Hamid Al-Kayoumi<\/p>\n\n\n\n<p class=\"wp-block-paragraph\">&nbsp;&nbsp;&nbsp;&nbsp;&nbsp;&nbsp; * Le Prix du clip vid\u00e9o ( clip vid\u00e9o) &#8211; le Prix du clip vid\u00e9o ( clip vid\u00e9o) &#8211; le clip vid\u00e9o-le clip vid\u00e9o-le clip vid\u00e9o-le clip vid\u00e9o-le clip vid\u00e9o-le clip vid\u00e9o-le clip vid\u00e9o-le clip vid\u00e9o-le clip vid\u00e9o-le clip vid\u00e9o-le clip vid\u00e9o-le clip vid\u00e9o-le clip vid\u00e9o-le clip vid\u00e9o-le clip vid\u00e9o-le clip vid\u00e9o<\/p>\n\n\n\n<p class=\"wp-block-paragraph\">&nbsp;&nbsp;&nbsp;&nbsp;&nbsp; &#8211; Le premier prix a \u00e9t\u00e9 d\u00e9cern\u00e9 \u00e0 une pi\u00e8ce produite par la radio \u00e9gyptienne intitul\u00e9e \u00a0\u00bb Musique de lutte \u00ab\u00a0<\/p>\n\n\n\n<p class=\"wp-block-paragraph\">&nbsp;&nbsp;&nbsp;&nbsp;&nbsp;&nbsp; Composition musicale: Docteur Ihab Abdel Salam \/ distribution: Docteur Ihab Abdeslam<\/p>\n\n\n\n<p class=\"wp-block-paragraph\">&#8211; Le deuxi\u00e8me prix a \u00e9t\u00e9 d\u00e9cern\u00e9 \u00e0 une pi\u00e8ce produite par la radio jordanienne intitul\u00e9e: \u00ab\u00a0souvenirs sur la route \u00ab\u00a0<\/p>\n\n\n\n<p class=\"wp-block-paragraph\">&nbsp;Composition musicale: Aous Bassam Zahi Marji \/ distribution: Khaled Tawfik.<\/p>\n\n\n\n<p class=\"wp-block-paragraph\">Les laur\u00e9ats du premier prix du concours de chanson et du concours de pi\u00e8ces seront honor\u00e9s lors des activit\u00e9s de la 25e \u00e9dition du Festival arabe de la radio et de la T\u00e9l\u00e9vision, qui se d\u00e9roulera du 23 au 26 juin 2025. <\/p>\n\n\n\n<p class=\"wp-block-paragraph\">L&rsquo;Administration g\u00e9n\u00e9rale de l&rsquo;UIT diffusera \u00e9galement toutes les \u0153uvres participantes via des plateformes d&rsquo;\u00e9change radio (MENOS-ASBU Radio et MENOS-ASBU Cloud), en plus de fournir un lien sp\u00e9cial sur le site Web de l&rsquo;UIT pour pr\u00e9senter ces \u0153uvres \u00e0 un public plus large de professionnels et d&rsquo;int\u00e9ress\u00e9s. <\/p>\n\n\n\n<p class=\"wp-block-paragraph\">Le directeur g\u00e9n\u00e9ral de la F\u00e9d\u00e9ration honore les membres du jury. \u00c0 l&rsquo;issue des travaux du jury et de l&rsquo;annonce des r\u00e9sultats du concours, le directeur g\u00e9n\u00e9ral de l&rsquo;Union, l&rsquo;Ing\u00e9nieur Abdul Rahim Suleiman, a rencontr\u00e9 les membres du jury de la 15\u00e8me session du concours de musique et de chant arabes, les remerciant pour leurs efforts durant le processus de jugement, et leur remettant le Bouclier de la f\u00e9d\u00e9ration en reconnaissance de leur exp\u00e9rience et de leur position dans le domaine cr\u00e9atif arabe. <\/p>\n\n\n\n<p class=\"wp-block-paragraph\">Il a d\u00e9clar\u00e9 que la f\u00e9d\u00e9ration vise, \u00e0 travers ce concours, \u00e0 atteindre plusieurs objectifs nobles, parmi lesquels : <\/p>\n\n\n\n<p class=\"wp-block-paragraph\">&#8211; Encourager et d\u00e9velopper la production musicale et le chant arabe &#8211; Diffuser la culture musicale arabe authentique &#8211; Pr\u00e9server le patrimoine lyrique arabe <\/p>\n\n\n\n<p class=\"wp-block-paragraph\">&#8211; Enrichir la biblioth\u00e8que lyrique et musicale avec des \u0153uvres au contenu et au message <\/p>\n\n\n\n<p class=\"wp-block-paragraph\">&#8211; Soutenir la distribution de musique orchestrale pour renforcer la pr\u00e9sence internationale des \u0153uvres arabes. De leur c\u00f4t\u00e9, les membres du jury ont exprim\u00e9 leur fiert\u00e9 de participer \u00e0 ce concours, qui contribue \u00e0 l&rsquo;avancement de la sc\u00e8ne musicale arabe, permettant aux voix et aux talents de s&rsquo;exprimer et de revendiquer leur identit\u00e9 dans un large horizon cr\u00e9atif.<\/p>\n","protected":false},"excerpt":{"rendered":"<p>La Jordanie, l&rsquo;\u00c9gypte et le sultanat d\u2019Oman ont \u00e9t\u00e9 honor\u00e9s par les prix du concours de musique et de chant arabes organis\u00e9 par l&rsquo;Union de radiodiffusion des \u00c9tats arabes. Le point culminant de la session du concours de musique et de chant arabes, qui se tient tous les deux ans sous l&rsquo;\u00e9gide de l&rsquo;Union de [&hellip;]<\/p>\n","protected":false},"author":4,"featured_media":65528,"comment_status":"open","ping_status":"closed","sticky":false,"template":"","format":"standard","meta":{"content-type":"","jnews-multi-image_gallery":[],"jnews_single_post":{"format":"standard"},"jnews_primary_category":[],"jnews_override_bookmark_settings":[],"jnews_review":[],"enable_review":"","type":"","name":"","summary":"","brand":"","sku":"","good":[],"bad":[],"score_override":"","override_value":"","rating":[],"price":[],"jnews_post_split":[],"footnotes":""},"categories":[17],"tags":[14266,15683,12332],"class_list":["post-65527","post","type-post","status-publish","format-standard","has-post-thumbnail","hentry","category-entertainment","tag-abdul-rahim-suleiman","tag-concours-de-musique-et-de-chant-arabes","tag-lunion-de-radiodiffusion-des-etats-arabes"],"_links":{"self":[{"href":"https:\/\/www.africanchallenges.com\/index.php?rest_route=\/wp\/v2\/posts\/65527","targetHints":{"allow":["GET"]}}],"collection":[{"href":"https:\/\/www.africanchallenges.com\/index.php?rest_route=\/wp\/v2\/posts"}],"about":[{"href":"https:\/\/www.africanchallenges.com\/index.php?rest_route=\/wp\/v2\/types\/post"}],"author":[{"embeddable":true,"href":"https:\/\/www.africanchallenges.com\/index.php?rest_route=\/wp\/v2\/users\/4"}],"replies":[{"embeddable":true,"href":"https:\/\/www.africanchallenges.com\/index.php?rest_route=%2Fwp%2Fv2%2Fcomments&post=65527"}],"version-history":[{"count":1,"href":"https:\/\/www.africanchallenges.com\/index.php?rest_route=\/wp\/v2\/posts\/65527\/revisions"}],"predecessor-version":[{"id":65529,"href":"https:\/\/www.africanchallenges.com\/index.php?rest_route=\/wp\/v2\/posts\/65527\/revisions\/65529"}],"wp:featuredmedia":[{"embeddable":true,"href":"https:\/\/www.africanchallenges.com\/index.php?rest_route=\/wp\/v2\/media\/65528"}],"wp:attachment":[{"href":"https:\/\/www.africanchallenges.com\/index.php?rest_route=%2Fwp%2Fv2%2Fmedia&parent=65527"}],"wp:term":[{"taxonomy":"category","embeddable":true,"href":"https:\/\/www.africanchallenges.com\/index.php?rest_route=%2Fwp%2Fv2%2Fcategories&post=65527"},{"taxonomy":"post_tag","embeddable":true,"href":"https:\/\/www.africanchallenges.com\/index.php?rest_route=%2Fwp%2Fv2%2Ftags&post=65527"}],"curies":[{"name":"wp","href":"https:\/\/api.w.org\/{rel}","templated":true}]}}